{"id":28415,"date":"2022-02-11T10:30:37","date_gmt":"2022-02-11T13:30:37","guid":{"rendered":"https:\/\/pcb.org.br\/portal2\/?p=28415"},"modified":"2022-02-11T08:30:25","modified_gmt":"2022-02-11T11:30:25","slug":"pcb-repudia-campanha-anticomunista-na-camara-de-maceio","status":"publish","type":"post","link":"https:\/\/pcb.org.br\/portal2\/28415","title":{"rendered":"PCB repudia campanha anticomunista na C\u00e2mara de Macei\u00f3"},"content":{"rendered":"<p><img data-recalc-dims=\"1\" decoding=\"async\" class=\"imagem\" title=\"imagem\" src=\"https:\/\/i0.wp.com\/082noticias.com\/wp-content\/uploads\/2022\/02\/WhatsApp-Image-2022-02-10-at-11.52.37-1.jpeg?w=747&#038;ssl=1\" alt=\"imagem\" \/><!--more--><\/p>\n<p><strong>Partido Comunista Brasileiro \u2013 Comit\u00ea Regional de Alagoas<\/strong><\/p>\n<p>A C\u00e2mara Municipal de Vereadores de Macei\u00f3 iniciou o processo de tramita\u00e7\u00e3o de um Projeto de Lei (PL) apresentado pelo vereador Leonardo Dias nesta ter\u00e7a, 8 de fevereiro de 2022, que prop\u00f5e uma data para lembrar as supostas v\u00edtimas do comunismo. N\u00e3o h\u00e1 maiores informa\u00e7\u00f5es oficiais sobre o projeto, nem na p\u00e1gina da C\u00e2mara de Vereadores nem nas redes e perfis do referido vereador.<\/p>\n<p>Mesmo constando abas com o t\u00edtulo de \u201ctranspar\u00eancia\u201d e PLs aprovados ou n\u00e3o, este PL espec\u00edfico n\u00e3o est\u00e1 dispon\u00edvel para aprecia\u00e7\u00e3o p\u00fablica. H\u00e1 breves informa\u00e7\u00f5es oficiais, constando que o projeto tem o n\u00famero de processo: 02030015\/2022 com o t\u00edtulo oficial informando que \u201cInstitui no calend\u00e1rio o dia em mem\u00f3ria das v\u00edtimas do Comunismo\u201d, que foi apresentado pelo referido vereador e que a leitura dele foi aprovada.<\/p>\n<p>Aparentemente este \u00e9 um primeiro passo para tramita\u00e7\u00e3o do projeto e, apesar de algumas incertezas que residem no caso, j\u00e1 sabemos o que est\u00e1 em jogo e apresentamos esta Nota P\u00fablica de Rep\u00fadio a uma inf\u00e2mia como esta.<\/p>\n<p>O vereador em tela, Leonardo Dias, afirma-se conservador, mas n\u00e3o sabemos ao certo o que ele quer conservar. A mis\u00e9ria do mundo atual? A viol\u00eancia e a iniquidade? Os valores da fam\u00edlia tradicional? Ser conservador parece se referir \u00e0 conserva\u00e7\u00e3o do atual estado de coisas em que vivemos.<\/p>\n<p>Aparentemente, as atitudes, postagens, simpatias pol\u00edticas e ideol\u00f3gicas, dentre outros elementos, revela que seria mais apropriado chamar o referido vereador de reacion\u00e1rio, de um pol\u00edtico que, antes de querer conservar as coisas tal como est\u00e3o, quer na verdade regredir, reagir em retorno ao passado, a uma conjuntura ou per\u00edodo hist\u00f3rico anterior ao que vivemos atualmente.<\/p>\n<p>T\u00edpico desta vis\u00e3o de mundo ideologicamente orientada para o atraso, pelo reino das trevas, pelo avesso das conquistas civilizat\u00f3rias, \u00e9 repensar os processos hist\u00f3ricos n\u00e3o a partir das evid\u00eancias cient\u00edficas e provas hist\u00f3ricas, mas a partir de uma vis\u00e3o de mundo dogm\u00e1tica, que projeta um passado que seja a suposta justificativa hist\u00f3rica para recuarmos nos avan\u00e7os civilizat\u00f3rios e implementarmos todas as medidas poss\u00edveis para voltar \u00e0 escravid\u00e3o, ao per\u00edodo em que se atacava as vacinas e os avan\u00e7os cient\u00edficos.<\/p>\n<p>Deste ponto de vista, estamos diante de um leg\u00edtimo bolsonarista! Todo desprezo que se pode ter a Bolsonaro e sua pol\u00edtica assassina, deve ser dividida e devota a este ilustre bajulador do fascista que ocupa o Pal\u00e1cio do Planalto.<\/p>\n<p>Uma breve olhada na lista de livros que comp\u00f5e a biblioteca do vereador, al\u00e9m de uma predile\u00e7\u00e3o indisfar\u00e7ada pelo astr\u00f3logo da Virg\u00ednia morto recentemente, o pseudo pensador Olavo de Carvalho, encontramos refer\u00eancias a livros como os de Kevin Williamson, O livro politicamente incorreto da Esquerda e do Socialismo, e a obra coletiva organizada por St\u00e9phane Courtois e outros autores, O livro negro do comunismo.<\/p>\n<p>Apenas para ficar nesses dois, o primeiro afirma-se em seu t\u00edtulo ser \u201cpoliticamente incorreto\u201d em sua abordagem. Isto, por si s\u00f3, j\u00e1 deveria ser reprov\u00e1vel por qualquer cidad\u00e3o, particularmente por um vereador, afinal o vereador e os cidad\u00e3os v\u00e3os aprender de forma errada as dimens\u00f5es pol\u00edticas da hist\u00f3ria? \u00c9 normal um vereador defender o \u201cpoliticamente incorreto\u201d? \u00c9 este tipo de pol\u00edtica que o vereador se prop\u00f5e a fazer, uma pol\u00edtica incorreta? Talvez por aqui j\u00e1 vemos o que reside no fundo deste PL: uma leitura pol\u00edtica deliberadamente errada, incorreta por parte do vereador.<\/p>\n<p>No segundo livro destacado, vemos ser adjetivado de \u201cnegro\u201d de forma vil e preconceituosa, uma perspectiva hist\u00f3rica sobre o comunismo no s\u00e9culo XX. Al\u00e9m de racista, o livro foi produzido por uma vis\u00e3o de mundo ufanista, de fim da hist\u00f3ria com a queda do muro de Berlim e a desintegra\u00e7\u00e3o da URSS.<\/p>\n<p>O preconceito e a falta de perspectiva para sairmos da crise capitalista em que vivemos e que se aprofunda desde 2008 iluminam esta abordagem. Talvez isso ajude a entender outra faceta que pode residir neste PL: sob o pretexto de combater uma experi\u00eancia que seria supostamente totalit\u00e1ria, \u00e9 poss\u00edvel tornar-se abertamente racista e segregacionista, como eram os nazistas, e ainda por cima propagar a desesperan\u00e7a, o fim da hist\u00f3ria, ou no m\u00e1ximo um regresso \u00e0 idade das trevas ocultadas em um passado incerto povoado de barb\u00e1rie?<\/p>\n<p>Que tal a C\u00e2mara de Vereadores de Macei\u00f3 propor, isto sim, um dia em Mem\u00f3ria das v\u00edtimas do capitalismo? Afinal, n\u00e3o merecem ser lembrados os mortos pelas bombas at\u00f4micas lan\u00e7adas cruelmente em Hiroshima e Nagasaki? O Massacre de Ruanda e tantos outros? Os milh\u00f5es de escravizados africanos que vieram for\u00e7ados \u00e0s Am\u00e9ricas para serem explorados at\u00e9 a morte? Quando vamos lembrar as v\u00edtimas do Colonialismo e do Imperialismo \u00e0 milhares de pessoas nos pa\u00edses dependentes? E os milhares de mortos e perseguidos pelas Ditaduras latino-americanas implantadas no s\u00e9culo XX? Quando ergueremos um monumento aos mortos pela Pandemia no Brasil, mortos n\u00e3o em fun\u00e7\u00e3o do v\u00edrus, mas em fun\u00e7\u00e3o da pol\u00edtica assassina do genocida Bolsonaro?<\/p>\n<p>A C\u00e2mara de Vereadores de Macei\u00f3 fara coro com esta falsifica\u00e7\u00e3o hist\u00f3rica? Esta casa que j\u00e1 teve v\u00e1rios mandados de vereadores que advogavam o socialismo ou eram filiados a partidos comunistas vai defender uma inf\u00e2mia desta natureza? Onde reside o esp\u00edrito, os projetos, os debates p\u00fablicos e a atua\u00e7\u00e3o pol\u00edtica de vereadores tais como Renalvo Siqueira, Freitas Neto, Edberto Ticianeli, Jarede Viana, Fernando Costa, Eduardo Bomfim, Nilson Miranda, \u00canio Lins e Thomaz Beltr\u00e3o que tiveram mandatos e honraram a luta dos comunistas em defesa das liberdades democr\u00e1ticas e do povo maceioense e alagoano? Os nobres vereadores ir\u00e3o rasgar esta hist\u00f3ria de luta e resist\u00eancia?<\/p>\n<p>De fato, inclusive, n\u00e3o se pode nem mesmo falar em v\u00edtimas do comunismo, pois o comunismo nunca foi implantado. As experi\u00eancias socialistas as mais diversas n\u00e3o chegaram a construir o comunismo, pois ele s\u00f3 pode ser considerado comunismo enquanto um sistema sociometab\u00f3lico hegem\u00f4nico na din\u00e2mica mundial, assim como o capitalismo \u00e9 atualmente. Se este j\u00e1 est\u00e1 implantado hegemonicamente no mundo, muito distante foi e tem sido a experi\u00eancia levada adiante por projetos comunistas.<\/p>\n<p>Mas os comunistas e seus partidos existem, e sempre tiveram inimigos de classe preferenciais. Partidos comunistas e movimentos comunistas, mundo afora em diversos continentes, mesmo sem ter conseguido implantar o comunismo, j\u00e1 conseguiram fazer v\u00edtimas, derrotar grupos e apear do poder fac\u00ednoras em v\u00e1rias conjunturas hist\u00f3ricas do s\u00e9culo XX. Que o digam o czar Nicolau e o ditador Fulg\u00eancio Batista. De forma ir\u00f4nica, dir\u00edamos que esses foram algumas de nossas v\u00edtimas preferenciais, mas o posto inigual\u00e1vel de nosso principal inimigo enfrentado no s\u00e9culo XX, nossas grandes v\u00edtimas na resist\u00eancia e nas lutas do s\u00e9culo XX foram os nazistas sob a lideran\u00e7a de Hitler. Estas s\u00e3o as principais v\u00edtimas dos comunistas. \u00c9 a esta mem\u00f3ria nazista que o PL pretende honrar e preservar?<\/p>\n<p>De algum modo, parece que juntamos as pe\u00e7as pol\u00edtico-ideol\u00f3gicas que est\u00e3o por tr\u00e1s deste referido PL e da postura politicamente errada do referido vereador: de um lado, a falsifica\u00e7\u00e3o da hist\u00f3ria, a inf\u00e2mia de her\u00f3is que derrotaram a barb\u00e1rie e ajudaram a civilizar o mundo cruel no s\u00e9culo XX, e de outro a forma sorrateira como adere ao discurso anticomunista t\u00edpico do que era propagado pelo ministro da propaganda de Hitler, Alfred Goebels.<\/p>\n<p>N\u00e3o \u00e9 \u00e0 toa que este PL surge em uma conjuntura em que h\u00e1 um processo de fascistiza\u00e7\u00e3o do Brasil, um crescimento deplor\u00e1vel de grupos nazistas, inclusive com a aproxima\u00e7\u00e3o aberta do Presidente da Rep\u00fablica com nazistas e com indiv\u00edduos com atitudes nazistas. Esta semana, vimos duas importantes figuras p\u00fablicas da direita brasileira (um youtuber e um Deputado Federal) defendendo abertamente a legaliza\u00e7\u00e3o do Partido Nazista no Brasil.<\/p>\n<p>Al\u00e9m de uma falsifica\u00e7\u00e3o hist\u00f3rica sobre o que \u00e9 o comunismo e o que pretendem os comunistas, no ano em que o PCB (Partido Comunista Brasileiro) completa 100 anos, h\u00e1 uma aberta ilegalidade envolvida neste projeto pois ele atenta contra as ideias e contra o programa pol\u00edtico de alguns partidos que atua legalmente no pa\u00eds. Aqui exporemos o ponto de vista do PCB, que possui registro no TSE e na legisla\u00e7\u00e3o brasileira, e que concorre nas elei\u00e7\u00f5es municipais e estaduais como qualquer outro partido legalmente institu\u00eddo h\u00e1 v\u00e1rias d\u00e9cadas. Ao contr\u00e1rio de um partido nazista, que fere as leis do Estado de Direito Brasileiro e cuja defesa constitui um crime, os comunistas s\u00e3o legalmente institu\u00eddos pelo ordenamento jur\u00eddico da Rep\u00fablica Brasileira.<\/p>\n<p>Por fim, n\u00e3o somos ing\u00eanuos e sabemos onde este tipo de PL pretende chegar. Afinal, esta experi\u00eancia vem sendo tentada em alguns outros lugares Brasil afora e todas elas fazem parte de um mesmo projeto pol\u00edtico: propagar a ideologia do anticomunismo e agradar os grandes interesses do capital e da burguesia no Brasil, que produzem um dos pa\u00edses com os piores \u00edndices de desenvolvimento humano e a maior estrutura de desigualdade entre todos os pa\u00edses que comp\u00f5em a ONU. Fingem-se ultra-liberais, mas se utilizam de Projetos de Leis como este para usar o aparato do estado para divulgar suas ideologias e falsifica\u00e7\u00f5es hist\u00f3ricas. Ser anticomunista no Brasil \u00e9 conservar e degradar a vida p\u00fablica e as lutas do povo brasileiro, de v\u00e1rios de seus her\u00f3is, \u00e9 pisar na hist\u00f3ria do sindicalismo e da luta dos trabalhadores por direitos ao longo da hist\u00f3ria, \u00e9 ser contra a liberdade de express\u00e3o religiosa e ser contra toda forma de opress\u00e3o e de explora\u00e7\u00e3o.<\/p>\n<p>Propagar o anticomunismo \u00e9 abrir a porta para a entrada e amplia\u00e7\u00e3o das ideias e pr\u00e1ticas pol\u00edtica que exp\u00f5em a face mais cruel do liberalismo: sua vertente nazi-fascista. O que os vereadores progressistas, verdadeiros democratas e eleitos por partidos de esquerda e progressistas ir\u00e3o fazer com o poder de voto e de veto que possuem nesta casa legislativa? Se calar\u00e3o diante desta inf\u00e2mia?<\/p>\n<p>Nazistas e facistas s\u00e3o nossos inimigos hist\u00f3ricos! Aqueles que nos atacam se aproxima, sorrateiramente, destes inimigos hist\u00f3ricos muitas vezes fingindo-se contr\u00e1rios a eles, mas flertando com eles nos esgotos da vida p\u00fablica que assomam com frequ\u00eancia na conjuntura atual.<\/p>\n<p>Este PL representa uma aberra\u00e7\u00e3o hist\u00f3rica e representa uma incorreta postura pol\u00edtica em sua ilegalidade manifesta.<\/p>\n","protected":false},"excerpt":{"rendered":"<a class=\"moretag\" href=\"https:\/\/pcb.org.br\/portal2\/28415\"> <\/a>","protected":false},"author":1,"featured_media":0,"comment_status":"closed","ping_status":"closed","sticky":false,"template":"","format":"standard","meta":{"jetpack_post_was_ever_published":false,"_jetpack_newsletter_access":"","_jetpack_dont_email_post_to_subs":false,"_jetpack_newsletter_tier_id":0,"_jetpack_memberships_contains_paywalled_content":false,"_jetpack_memberships_contains_paid_content":false,"footnotes":"","jetpack_publicize_message":"\"Todo anticomunista \u00e9, na sua ess\u00eancia, um fascista, e a falsifica\u00e7\u00e3o hist\u00f3rica \u00e9 o m\u00e9todo que sempre utilizaram.\"","jetpack_publicize_feature_enabled":true,"jetpack_social_post_already_shared":true,"jetpack_social_options":{"image_generator_settings":{"template":"highway","default_image_id":0,"font":"","enabled":false},"version":2}},"categories":[1],"tags":[225],"class_list":["post-28415","post","type-post","status-publish","format-standard","hentry","category-geral","tag-4a"],"jetpack_publicize_connections":[],"jetpack_featured_media_url":"","jetpack_shortlink":"https:\/\/wp.me\/p659gw-7oj","jetpack-related-posts":[],"jetpack_likes_enabled":true,"jetpack_sharing_enabled":true,"_links":{"self":[{"href":"https:\/\/pcb.org.br\/portal2\/wp-json\/wp\/v2\/posts\/28415","targetHints":{"allow":["GET"]}}],"collection":[{"href":"https:\/\/pcb.org.br\/portal2\/wp-json\/wp\/v2\/posts"}],"about":[{"href":"https:\/\/pcb.org.br\/portal2\/wp-json\/wp\/v2\/types\/post"}],"author":[{"embeddable":true,"href":"https:\/\/pcb.org.br\/portal2\/wp-json\/wp\/v2\/users\/1"}],"replies":[{"embeddable":true,"href":"https:\/\/pcb.org.br\/portal2\/wp-json\/wp\/v2\/comments?post=28415"}],"version-history":[{"count":0,"href":"https:\/\/pcb.org.br\/portal2\/wp-json\/wp\/v2\/posts\/28415\/revisions"}],"wp:attachment":[{"href":"https:\/\/pcb.org.br\/portal2\/wp-json\/wp\/v2\/media?parent=28415"}],"wp:term":[{"taxonomy":"category","embeddable":true,"href":"https:\/\/pcb.org.br\/portal2\/wp-json\/wp\/v2\/categories?post=28415"},{"taxonomy":"post_tag","embeddable":true,"href":"https:\/\/pcb.org.br\/portal2\/wp-json\/wp\/v2\/tags?post=28415"}],"curies":[{"name":"wp","href":"https:\/\/api.w.org\/{rel}","templated":true}]}}