{"id":2851,"date":"2012-05-11T19:05:06","date_gmt":"2012-05-11T19:05:06","guid":{"rendered":"http:\/\/pcb.org.br\/portal2\/?p=2851"},"modified":"2012-05-11T19:05:06","modified_gmt":"2012-05-11T19:05:06","slug":"baderna-nao-isso-e-democracia-e-luta","status":"publish","type":"post","link":"https:\/\/pcb.org.br\/portal2\/2851","title":{"rendered":"Baderna n\u00e3o, isso \u00e9 democracia e luta"},"content":{"rendered":"\n<p>\u00a0<\/p>\n<hr \/>\n<p>Na realidade, ocorrem manifesta\u00e7\u00f5es de trabalhadores ind\u00edgenas que lutam por direitos como a cria\u00e7\u00e3o de parques nacionais e suas terras. Por outro lado, m\u00e9dicos em greve n\u00e3o querem trabalhar as 8 horas exigidas por decreto governamental ao mesmo tempo em que cocaleiros saem \u00e0s ruas em apoio \u00e0 medida.<\/p>\n<p>Tudo isso \u00e9 poss\u00edvel por conta da democracia avan\u00e7ada, de participa\u00e7\u00e3o e luta, viabilizada por um governo eleito pelos trabalhadores, pelas massas populares e ind\u00edgenas, em um pa\u00eds que, mesmo contando com riquezas naturais, enfrenta s\u00e9culos de explora\u00e7\u00e3o colonialista e capitalista.<\/p>\n<p>Se contradi\u00e7\u00f5es existem entre os interesses mais imediatos dos setores populares, isso em nada significa baderna &#8211; a n\u00e3o ser para quem aposta na desestabiliza\u00e7\u00e3o pol\u00edtica e aproveita tais momentos, como agentes infiltrados, provocadores e sabotadores, para criar atos de viol\u00eancia.<\/p>\n","protected":false},"excerpt":{"rendered":"\n\n\n\n\n\n\n\n\n\n\n\nO Olhar Comunista fecha a semana comentando as \u00faltimas mobiliza\u00e7\u00f5es populares na Bol\u00edvia, retratadas pela grande m\u00eddia como &#8220;baderna&#8221;.\n<a class=\"moretag\" href=\"https:\/\/pcb.org.br\/portal2\/2851\"> <\/a>","protected":false},"author":1,"featured_media":0,"comment_status":"open","ping_status":"open","sticky":false,"template":"","format":"standard","meta":{"jetpack_post_was_ever_published":false,"_jetpack_newsletter_access":"","_jetpack_dont_email_post_to_subs":false,"_jetpack_newsletter_tier_id":0,"_jetpack_memberships_contains_paywalled_content":false,"_jetpack_memberships_contains_paid_content":false,"footnotes":"","jetpack_publicize_message":"","jetpack_publicize_feature_enabled":true,"jetpack_social_post_already_shared":false,"jetpack_social_options":{"image_generator_settings":{"template":"highway","default_image_id":0,"font":"","enabled":false},"version":2}},"categories":[100],"tags":[],"class_list":["post-2851","post","type-post","status-publish","format-standard","hentry","category-c113-a-semana-no-olhar-comunista"],"jetpack_publicize_connections":[],"jetpack_featured_media_url":"","jetpack_shortlink":"https:\/\/wp.me\/p659gw-JZ","jetpack-related-posts":[],"jetpack_likes_enabled":true,"jetpack_sharing_enabled":true,"_links":{"self":[{"href":"https:\/\/pcb.org.br\/portal2\/wp-json\/wp\/v2\/posts\/2851","targetHints":{"allow":["GET"]}}],"collection":[{"href":"https:\/\/pcb.org.br\/portal2\/wp-json\/wp\/v2\/posts"}],"about":[{"href":"https:\/\/pcb.org.br\/portal2\/wp-json\/wp\/v2\/types\/post"}],"author":[{"embeddable":true,"href":"https:\/\/pcb.org.br\/portal2\/wp-json\/wp\/v2\/users\/1"}],"replies":[{"embeddable":true,"href":"https:\/\/pcb.org.br\/portal2\/wp-json\/wp\/v2\/comments?post=2851"}],"version-history":[{"count":0,"href":"https:\/\/pcb.org.br\/portal2\/wp-json\/wp\/v2\/posts\/2851\/revisions"}],"wp:attachment":[{"href":"https:\/\/pcb.org.br\/portal2\/wp-json\/wp\/v2\/media?parent=2851"}],"wp:term":[{"taxonomy":"category","embeddable":true,"href":"https:\/\/pcb.org.br\/portal2\/wp-json\/wp\/v2\/categories?post=2851"},{"taxonomy":"post_tag","embeddable":true,"href":"https:\/\/pcb.org.br\/portal2\/wp-json\/wp\/v2\/tags?post=2851"}],"curies":[{"name":"wp","href":"https:\/\/api.w.org\/{rel}","templated":true}]}}