{"id":28527,"date":"2022-03-05T16:50:20","date_gmt":"2022-03-05T19:50:20","guid":{"rendered":"https:\/\/pcb.org.br\/portal2\/?p=28527"},"modified":"2022-03-19T11:20:27","modified_gmt":"2022-03-19T14:20:27","slug":"o-poder-popular-63-viva-o-centenario-do-pcb","status":"publish","type":"post","link":"https:\/\/pcb.org.br\/portal2\/28527","title":{"rendered":"O Poder Popular 63: Viva o Centen\u00e1rio do PCB!"},"content":{"rendered":"<p><img data-recalc-dims=\"1\" decoding=\"async\" class=\"imagem\" title=\"imagem\" src=\"https:\/\/i0.wp.com\/lavrapalavra.com\/wp-content\/uploads\/2015\/08\/photo4988144326194342663.jpg?w=747&#038;ssl=1\" alt=\"imagem\" \/><!--more-->O PODER POPULAR N\u00ba 63 (MAR\u00c7O DE 2022)<\/p>\n<p>PCB: CEM ANOS DE LUTAS COM O POVO TRABALHADOR BRASILEIRO!<\/p>\n<p>Mat\u00e9rias:<\/p>\n<p>P\u00e1gina 2: Editorial \u2013 Nas ruas e na pr\u00e9-campanha: Lutar, criar Poder Popular!<\/p>\n<p>P\u00e1gina 3: PCB lan\u00e7a pr\u00e9-candidaturas aos governos de Pernambuco, S\u00e3o Paulo e Minas Gerais<\/p>\n<p>P\u00e1ginas 4 e 5: Declara\u00e7\u00e3o Pol\u00edtica da I Confer\u00eancia Nacional do Coletivo Feminista Classista Ana Montenegro<\/p>\n<p>P\u00e1ginas 6 e 7: Entrevista com a Professora Sofia Manzano<\/p>\n<p>P\u00e1ginas 8 e 9: Internacional \u2013 Declara\u00e7\u00e3o Pol\u00edtica sobre a crise militar na Ucr\u00e2nia<\/p>\n<p>P\u00e1ginas 10 e 11: PCB \u2013 100 anos da F\u00eanix Vermelha<\/p>\n<p>P\u00e1gina 12: 08 de Mar\u00e7o \u2013 Dia Internacional das Mulheres Trabalhadoras<\/p>\n<p>Conselho Editorial (Comiss\u00e3o Nacional de Comunica\u00e7\u00e3o do PCB): Edmilson Costa, Ant\u00f4nio Lima Jr., Caio Andrade, Gabriel Landi, Lucas Prestes, Nath\u00e1lia Mozer, Renata Regina, Ricardo Costa, Roberto Arrais (jornalista respons\u00e1vel \u2013 985\/DRT \u2013 FENAJ).<\/p>\n<p>Colaboradores desta edi\u00e7\u00e3o: Coordena\u00e7\u00e3o Nacional do CFCAM, Comit\u00eas Regionais do PCB de Minas, S\u00e3o Paulo e Pernambuco, Comiss\u00e3o Pol\u00edtica Nacional do PCB, F\u00e1bio Bezerra e Milton Pinheiro.<\/p>\n<hr \/>\n<div align=\"center\">\n<p>Leitura:<\/p>\n<p><a href=\"https:\/\/drive.google.com\/file\/d\/1RfnXfGPO8sLzY7H7tlHoyy9_SrB4JMeV\/view\" target=\"_blank\" rel=\"noopener noreferrer\"><img loading=\"lazy\" decoding=\"async\" class=\"jetpack-lazy-image jetpack-lazy-image--handled\" src=\"https:\/\/i0.wp.com\/pcb.org.br\/portal\/images\/stories\/download1.png?resize=48%2C48\" width=\"48\" height=\"48\" \/><\/a><\/p>\n<hr \/>\n<p>Impress\u00e3o:<\/p>\n<p><a href=\"https:\/\/drive.google.com\/file\/d\/1hZ3e8J4PZ49JZwT2MxmcbViovt294inz\/view\" target=\"_blank\" rel=\"noopener noreferrer\"><img loading=\"lazy\" decoding=\"async\" class=\"jetpack-lazy-image jetpack-lazy-image--handled\" src=\"https:\/\/i0.wp.com\/pcb.org.br\/portal\/images\/stories\/download1.png?resize=48%2C48\" width=\"48\" height=\"48\" \/><\/a><\/p>\n<\/div>\n","protected":false},"excerpt":{"rendered":"<a class=\"moretag\" href=\"https:\/\/pcb.org.br\/portal2\/28527\"> <\/a>","protected":false},"author":1,"featured_media":0,"comment_status":"closed","ping_status":"closed","sticky":false,"template":"","format":"standard","meta":{"jetpack_post_was_ever_published":false,"_jetpack_newsletter_access":"","_jetpack_dont_email_post_to_subs":false,"_jetpack_newsletter_tier_id":0,"_jetpack_memberships_contains_paywalled_content":false,"_jetpack_memberships_contains_paid_content":false,"footnotes":"","jetpack_publicize_message":"","jetpack_publicize_feature_enabled":true,"jetpack_social_post_already_shared":true,"jetpack_social_options":{"image_generator_settings":{"template":"highway","default_image_id":0,"font":"","enabled":false},"version":2}},"categories":[140],"tags":[223,229],"class_list":["post-28527","post","type-post","status-publish","format-standard","hentry","category-c140-jornal-o-poder-popular","tag-3a","tag-opprecente"],"jetpack_publicize_connections":[],"jetpack_featured_media_url":"","jetpack_shortlink":"https:\/\/wp.me\/p659gw-7q7","jetpack-related-posts":[],"jetpack_likes_enabled":true,"jetpack_sharing_enabled":true,"_links":{"self":[{"href":"https:\/\/pcb.org.br\/portal2\/wp-json\/wp\/v2\/posts\/28527","targetHints":{"allow":["GET"]}}],"collection":[{"href":"https:\/\/pcb.org.br\/portal2\/wp-json\/wp\/v2\/posts"}],"about":[{"href":"https:\/\/pcb.org.br\/portal2\/wp-json\/wp\/v2\/types\/post"}],"author":[{"embeddable":true,"href":"https:\/\/pcb.org.br\/portal2\/wp-json\/wp\/v2\/users\/1"}],"replies":[{"embeddable":true,"href":"https:\/\/pcb.org.br\/portal2\/wp-json\/wp\/v2\/comments?post=28527"}],"version-history":[{"count":0,"href":"https:\/\/pcb.org.br\/portal2\/wp-json\/wp\/v2\/posts\/28527\/revisions"}],"wp:attachment":[{"href":"https:\/\/pcb.org.br\/portal2\/wp-json\/wp\/v2\/media?parent=28527"}],"wp:term":[{"taxonomy":"category","embeddable":true,"href":"https:\/\/pcb.org.br\/portal2\/wp-json\/wp\/v2\/categories?post=28527"},{"taxonomy":"post_tag","embeddable":true,"href":"https:\/\/pcb.org.br\/portal2\/wp-json\/wp\/v2\/tags?post=28527"}],"curies":[{"name":"wp","href":"https:\/\/api.w.org\/{rel}","templated":true}]}}