{"id":28542,"date":"2022-03-09T08:30:10","date_gmt":"2022-03-09T11:30:10","guid":{"rendered":"https:\/\/pcb.org.br\/portal2\/?p=28542"},"modified":"2022-03-07T20:52:22","modified_gmt":"2022-03-07T23:52:22","slug":"a-guerra-e-o-papel-sujo-da-social-democracia","status":"publish","type":"post","link":"https:\/\/pcb.org.br\/portal2\/28542","title":{"rendered":"A guerra e o papel sujo da social-democracia"},"content":{"rendered":"<p><img decoding=\"async\" class=\"imagem\" title=\"imagem\" src=\"https:\/\/blogger.googleusercontent.com\/img\/a\/AVvXsEhM4r55--3C0wjGiZ32L8MWGWPB-3qOr71dJ3VxXpCa4ERUAi3kz5hdooUP3y4BJec2bl4EmeI5ZZ72xbO5CPzn25kqHL01neApdJ86ZXkTZcZgd5Af_h7Slzdzpsio-ddkjQy0JTvgu_A8wwRWda0UlZfSJdjMEtczgQ9M3aRxkIXKWaRi3c41VfQTiw=w413-h258\" alt=\"imagem\" \/><!--more--><br \/>\n<strong>Via <a href=\"http:\/\/www.idcommunism.com\/2022\/03\/war-and-dirty-role-of-social-democracy.html\">In Defense Of Communism<\/a><\/strong><\/p>\n<p><em>O artigo a seguir \u00e9 baseado em um artigo publicado na edi\u00e7\u00e3o de fim de semana (5-6 de mar\u00e7o de 2022) do &#8220;Rizospastis&#8221;, o jornal di\u00e1rio do CC do KKE, sob o t\u00edtulo &#8220;O trabalho sujo da social-democracia em tempos de guerra&#8221;. Na imagem, da esquerda para a direita: Olaf Scholz, Alexis Tsipras, Pedro Sanchez.<\/em><\/p>\n<p>\u201cSe voc\u00ea tivesse pegado o telefone para ligar para os l\u00edderes do partido, eu poderia ter dito minha opini\u00e3o, mas n\u00e3o agora ap\u00f3s o fato, como os outros l\u00edderes pol\u00edticos. Eu diria que seria melhor enviar ajuda humanit\u00e1ria, seria melhor enviar equipamentos n\u00e3o letais, como fizeram a Espanha e a It\u00e1lia\u201d.<\/p>\n<p>Isso \u00e9 o que o l\u00edder do SYRIZA, Alexis Tsipras, disse na ter\u00e7a-feira passada, dirigindo-se ao primeiro-ministro, em seu esfor\u00e7o para afirmar que pode haver um envolvimento \u201cpositivo\u201d nos planos imperialistas que est\u00e3o se desenrolando na Ucr\u00e2nia.<\/p>\n<p>Claro, no momento em que ele disse isso, sabia-se que a Espanha havia enviado 784 soldados para a Europa Oriental, tanques, soldados, blindados, ca\u00e7as na Let\u00f4nia e fragatas no Mar Negro. Poucas horas depois, o primeiro-ministro social-democrata da Espanh,a Sanchez, esclareceu as coisas: \u201cComo vejo que h\u00e1 grupos pol\u00edticos que questionam o compromisso do governo\u201d de participar da assist\u00eancia militar \u00e0 Ucr\u00e2nia, \u201cquero anunciar que a Espanha enviar\u00e1 equipamento militar ofensivo \u00e0 resist\u00eancia ucraniana\u201d.<\/p>\n<p>Eis a social-democracia europeia e os \u201cgovernos progressistas\u201d, como SYRIZA, em seu familiar trabalho sujo: Ser o poder que por um lado arrasta o povo para o matadouro imperialista e, ao mesmo tempo, por outro lado, veste os interesses imperialistas com todo tipo de pretextos \u201cpac\u00edficos\u201d.<\/p>\n<p>F\u00ea-lo na Iugosl\u00e1via, no Afeganist\u00e3o, no Iraque, na S\u00edria mas tamb\u00e9m noutras frentes (s\u00f3 para referir os \u00faltimos 20 anos) e agora volta a faz\u00ea-lo no caso da Ucr\u00e2nia&#8230;<\/p>\n<p>A social-democracia europeia n\u00e3o s\u00f3 n\u00e3o ficou \u201cinativa\u201d por um momento, mas assumiu um papel ativo imediatamente na \u201cvanguarda\u201d do capital europeu, na dire\u00e7\u00e3o de escalar o confronto com a R\u00fassia; um confronto cujo custo ser\u00e1 pago caro pelos povos da R\u00fassia, da Ucr\u00e2nia e de toda a Europa.<\/p>\n<p>Com os governos dos social-democratas afins do SYRIZA e os governos progressistas muito divulgados nos pap\u00e9is principais, os Estados membros da UE \u201cbatem os tambores da guerra\u201d, anunciam um maior envolvimento na escalada da guerra com or\u00e7amentos de guerra em larga escala e aumentos imensos nos gastos militares, com o envio de equipamentos militares para a Ucr\u00e2nia e o fortalecimento das For\u00e7as Armadas, com novas san\u00e7\u00f5es e tudo que acrescente mais lenha na fogueira, com riscos incalcul\u00e1veis para o povo.<\/p>\n<p>A Alemanha, sob o comando do chanceler social-democrata Olaf Scholz, caminha para gastos militares sem precedentes em sua hist\u00f3ria do p\u00f3s-guerra, que custaram 100 bilh\u00f5es de euros (!), valor que corresponder\u00e1 a 2% do PIB do pa\u00eds em 2024. Ao mesmo tempo, ele anunciou a decis\u00e3o da Alemanha de entregar armas \u00e0 Ucr\u00e2nia pela primeira vez e de fornecer assist\u00eancia refor\u00e7ada dentro da OTAN. Ele envia para a Ucr\u00e2nia 1.000 sistemas antitanque, 500 m\u00edsseis \u201cStinger\u201d, 9 canh\u00f5es autopropulsados \u201cHowitzer\u201d, 14 ve\u00edculos equipados, 10.000 toneladas de combust\u00edvel, m\u00edsseis antia\u00e9reos. De fato, na quinta-feira, citando uma fonte do governo, a ag\u00eancia alem\u00e3 DPA escreveu que a Alemanha considera a possibilidade de fornecer 2.700 m\u00edsseis antia\u00e9reos de fabrica\u00e7\u00e3o sovi\u00e9tica (das reservas do ex\u00e9rcito da Alemanha Oriental) aos ucranianos.<\/p>\n<p>Ap\u00f3s um an\u00fancio do primeiro-ministro \u201ccentrista\u201d Mario Draghi, a It\u00e1lia declarou estado de emerg\u00eancia por pelo menos tr\u00eas meses, enquanto foi decidido alocar 174,4 milh\u00f5es de euros para o aumento de sua presen\u00e7a militar na OTAN.<\/p>\n<p>O governo social-democrata da Dinamarca deu \u201cluz verde\u201d \u00e0queles \u201cvolunt\u00e1rios\u201d que querem se juntar ao corpo militar que a Ucr\u00e2nia procura formar para lutar contra os russos. Como disse o Primeiro Ministro M. Frederiksen \u201c\u00e9 uma escolha que se pode fazer. Isso certamente se aplica a todos os ucranianos que vivem aqui, mas tamb\u00e9m a outros que pensam que podem contribuir diretamente para o conflito\u201d. Ao mesmo tempo, a Dinamarca enviar\u00e1 \u00e0 Ucr\u00e2nia um presente de 2.700 armas antitanque.<\/p>\n<p>A Su\u00e9cia envia 5.000 armas antitanque para a Ucr\u00e2nia, enquanto a Finl\u00e2ndia vai enviar 1.500 lan\u00e7adores de foguetes, 2.500 fuzis de assalto e 150.000 cartuchos de muni\u00e7\u00e3o. Ambos os pa\u00edses manifestaram o desejo de abandonar a chamada \u201cneutralidade\u201d para aderir \u00e0 OTAN.<\/p>\n<p>O governo social-democrata de Portugal foi um dos primeiros a oferecer apoio militar \u00e0 Ucr\u00e2nia. \u201cNa sequ\u00eancia de um pedido das autoridades ucranianas, Portugal vai fornecer equipamento militar como coletes \u00e0 prova de bala, capacetes, \u00f3culos de vis\u00e3o noturna, granadas, muni\u00e7\u00f5es de v\u00e1rios calibres, r\u00e1dios port\u00e1teis completos, repetidores e espingardas G3 autom\u00e1ticas\u201d, l\u00ea-se num comunicado do minist\u00e9rio do pa\u00eds. de Defesa.<\/p>\n<p>Isso \u00e9 o que eles fazem melhor&#8230; Afinal, a social-democracia europeia brilhou em cargos governamentais n\u00e3o apenas liderando a guerra, mas tamb\u00e9m auxiliando todos os pretextos sob os quais as interven\u00e7\u00f5es imperialistas EUA-OTAN-UE s\u00e3o realizadas, vestindo os planos imperialistas com um \u201cmanto popular\u201d e \u201cprogressista\u201d para integrar mais ativamente as for\u00e7as populares.<\/p>\n<p>Quando a interven\u00e7\u00e3o imperialista na Iugosl\u00e1via ocorreu sob o pretexto da \u201climpeza \u00e9tnica por Milosevic\u201d, o ent\u00e3o presidente da Comiss\u00e3o da UE era Romano Prodi. As bombas que destru\u00edram a Iugosl\u00e1via foram enviadas pela social-democracia europeia que governava muitos estados membros da UE na \u00e9poca: Schr\u00f6der na Alemanha, D&#8217;Alema na It\u00e1lia, Jospin na Fran\u00e7a, Simitis na Gr\u00e9cia, orquestrada pelo governo dos EUA da democrata Clinton e social-democrata chefe da OTAN Javier Solana.<\/p>\n<p>Na guerra do Afeganist\u00e3o, a social-democracia promoveu o slogan \u201cn\u00e3o \u00e0 guerra, n\u00e3o ao terrorismo\u201d para enviar, no \u00e2mbito da OTAN, milhares de tropas na interven\u00e7\u00e3o imperialista.<\/p>\n<p>Na guerra contra o Iraque, eles seguiram uma pol\u00edtica de dupla face, participando da guerra de manh\u00e3 e&#8230; protestando contra a guerra \u00e0 noite.<\/p>\n<p>Para que conste, lembramos que se h\u00e1 um partido que vinculou sua pr\u00f3pria exist\u00eancia com todas as tr\u00eas interven\u00e7\u00f5es (Iugosl\u00e1via, Afeganist\u00e3o, Iraque) foi o Partido Trabalhista Brit\u00e2nico. Sobre este partido, Alexis Tsipras destacou durante sua visita a Londres em 2013: \u201c\u00c9 um dos poucos partidos no poder com o qual compartilhamos muitas posi\u00e7\u00f5es comuns e estamos em constante comunica\u00e7\u00e3o\u201d.<\/p>\n<p>Ap\u00f3s a \u201cPrimavera \u00c1rabe\u201d, os governos social-democratas participaram ativamente das interven\u00e7\u00f5es imperialistas na L\u00edbia e na S\u00edria. Em 2013, sob o pretexto de \u201ccombater o extremismo isl\u00e2mico\u201d, outro ataque imperialista, encabe\u00e7ado por Fran\u00e7ois Hollande e com o apoio da OTAN e da UE, foi desencadeado contra o Mali.<\/p>\n<p>A social-democracia da Europa continua \u201cdignamente\u201d suas tradi\u00e7\u00f5es hist\u00f3ricas sobre a quest\u00e3o da guerra imperialista. A primeira guerra mundial em 1914 marcou seu fracasso como um movimento pol\u00edtico oper\u00e1rio. Sua \u201cgrande trai\u00e7\u00e3o\u201d \u00e9 duradoura. O que ouvimos hoje pelas for\u00e7as social-democratas soa id\u00eantico e indiferenciado com o que proeminentes l\u00edderes social-democratas diziam no passado. A guerra est\u00e1 sendo travada pela \u201cdemocracia\u201d, pela \u201cliberdade\u201d, pela \u201cliberta\u00e7\u00e3o da S\u00e9rvia\u201d ou pela \u201cindepend\u00eancia da B\u00e9lgica\u201d, pelo enfrentamento da \u201cditadura czarista\u201d, pelo \u201cdireito \u00e0 autodetermina\u00e7\u00e3o das na\u00e7\u00f5es\u201d, etc., disseram, em conformidade com o campo imperialista que seu pa\u00eds participava e de acordo com as aspira\u00e7\u00f5es de sua pr\u00f3pria burguesia. Na verdade, foi nessa altura que os social-democratas aderiram aos governos de guerra ou votaram os or\u00e7amentos de guerra, tamb\u00e9m desempenhando um papel importante na lideran\u00e7a dos sindicatos para apoiar a participa\u00e7\u00e3o de seus pa\u00edses na guerra. Onde eles governaram, eles provaram ser \u201cfalc\u00f5es de guerra\u201d. Onde quer que permane\u00e7am na oposi\u00e7\u00e3o, apoiam os pretextos da guerra e cultivam ilus\u00f5es de que uma guerra pode simplesmente ser sucedida pela paz, como se fossem duas crian\u00e7as que lutam e depois se tornam amigas novamente, sem se concentrar nas causas que geram a guerra.<\/p>\n<p>A conclus\u00e3o hist\u00f3rica \u00e9 que a luta contra a guerra imperialista est\u00e1 diretamente ligada \u00e0 luta contra a social-democracia, com o desvelamento de seu papel sujo e a demoli\u00e7\u00e3o das ilus\u00f5es sobre governos progressistas \u201cpac\u00edficos\u201d.<\/p>\n","protected":false},"excerpt":{"rendered":"<a class=\"moretag\" href=\"https:\/\/pcb.org.br\/portal2\/28542\"> <\/a>","protected":false},"author":1,"featured_media":0,"comment_status":"closed","ping_status":"closed","sticky":false,"template":"","format":"standard","meta":{"jetpack_post_was_ever_published":false,"_jetpack_newsletter_access":"","_jetpack_dont_email_post_to_subs":false,"_jetpack_newsletter_tier_id":0,"_jetpack_memberships_contains_paywalled_content":false,"_jetpack_memberships_contains_paid_content":false,"footnotes":"","jetpack_publicize_message":"\"A social-democracia europeia n\u00e3o apenas n\u00e3o ficou 'inativa' por um momento sequer, mas assumiu um papel ativo imediatamente na 'vanguarda' do capital europeu, na dire\u00e7\u00e3o de escalar o confronto com a R\u00fassia.\"","jetpack_publicize_feature_enabled":true,"jetpack_social_post_already_shared":true,"jetpack_social_options":{"image_generator_settings":{"template":"highway","default_image_id":0,"font":"","enabled":false},"version":2}},"categories":[1],"tags":[228],"class_list":["post-28542","post","type-post","status-publish","format-standard","hentry","category-geral","tag-5b"],"jetpack_publicize_connections":[],"jetpack_featured_media_url":"","jetpack_shortlink":"https:\/\/wp.me\/p659gw-7qm","jetpack-related-posts":[],"jetpack_likes_enabled":true,"jetpack_sharing_enabled":true,"_links":{"self":[{"href":"https:\/\/pcb.org.br\/portal2\/wp-json\/wp\/v2\/posts\/28542","targetHints":{"allow":["GET"]}}],"collection":[{"href":"https:\/\/pcb.org.br\/portal2\/wp-json\/wp\/v2\/posts"}],"about":[{"href":"https:\/\/pcb.org.br\/portal2\/wp-json\/wp\/v2\/types\/post"}],"author":[{"embeddable":true,"href":"https:\/\/pcb.org.br\/portal2\/wp-json\/wp\/v2\/users\/1"}],"replies":[{"embeddable":true,"href":"https:\/\/pcb.org.br\/portal2\/wp-json\/wp\/v2\/comments?post=28542"}],"version-history":[{"count":0,"href":"https:\/\/pcb.org.br\/portal2\/wp-json\/wp\/v2\/posts\/28542\/revisions"}],"wp:attachment":[{"href":"https:\/\/pcb.org.br\/portal2\/wp-json\/wp\/v2\/media?parent=28542"}],"wp:term":[{"taxonomy":"category","embeddable":true,"href":"https:\/\/pcb.org.br\/portal2\/wp-json\/wp\/v2\/categories?post=28542"},{"taxonomy":"post_tag","embeddable":true,"href":"https:\/\/pcb.org.br\/portal2\/wp-json\/wp\/v2\/tags?post=28542"}],"curies":[{"name":"wp","href":"https:\/\/api.w.org\/{rel}","templated":true}]}}