{"id":28558,"date":"2022-03-14T07:15:48","date_gmt":"2022-03-14T10:15:48","guid":{"rendered":"https:\/\/pcb.org.br\/portal2\/?p=28558"},"modified":"2022-03-23T16:37:49","modified_gmt":"2022-03-23T19:37:49","slug":"pcb-rj-lanca-eduardo-serra-pre-candidato-a-governador","status":"publish","type":"post","link":"https:\/\/pcb.org.br\/portal2\/28558","title":{"rendered":"PCB-RJ lan\u00e7a Eduardo Serra pr\u00e9 candidato a governador"},"content":{"rendered":"<p><img data-recalc-dims=\"1\" decoding=\"async\" class=\"imagem\" title=\"imagem\" src=\"https:\/\/i0.wp.com\/lavrapalavra.com\/wp-content\/uploads\/2015\/08\/WhatsApp-Image-2022-03-13-at-20.54.09-1.jpeg?w=747&#038;ssl=1\" alt=\"imagem\" \/><!--more--><\/p>\n<p>O Partido Comunista Brasileiro (PCB), que neste m\u00eas completa 100 anos de exist\u00eancia, lan\u00e7ou no dia 7 de mar\u00e7o a pr\u00e9-candidatura de Eduardo Serra, dirigente estadual e nacional do PCB, a governador do Estado do Rio de Janeiro. Serra \u00e9 professor da Escola Polit\u00e9cnica e no Instituto de Rela\u00e7\u00f5es Internacionais e Defesa da UFRJ. O evento foi realizado na sede da Associa\u00e7\u00e3o Brasileira de Imprensa (ABI) e contou com a presen\u00e7a da camarada Sofia Manzano, pr\u00e9-candidata do Partid\u00e3o \u00e0 Presid\u00eancia da Rep\u00fablica.<\/p>\n<p>O audit\u00f3rio teve a presen\u00e7a massiva de jovens representados por Camila Say\u00e3o da Uni\u00e3o da Juventude Comunista (UJC), que saudou a pr\u00e9-candidatura de Serra. Tamb\u00e9m fizeram sauda\u00e7\u00f5es D\u00e9bora Buonicore, do Coletivo Feminista Classista Ana Montenegro, Gustavo Monlevad, do Coletivo LGBT Comunista, Ruggeron &#8220;Rugg&#8221;, do Coletivo Negro Minervino de Oliveira e Bianca Novaes, da Corrente Sindical Unidade Classista. Tamb\u00e9m falaram e lan\u00e7aram suas pr\u00e9-candidaturas a deputados os militantes comunistas Mariana Nogueira, Gabriel Marques e Gustavo Pedro.<\/p>\n<p>Refor\u00e7ando a mobiliza\u00e7\u00e3o e a constru\u00e7\u00e3o da Frente de Esquerda contra a amea\u00e7a fascista representada pelo governo Bolsonaro, saudaram a pr\u00e9-candidatura de Serra o presidente do Diret\u00f3rio Municipal do PSOL, Juan Leal, a presidente do Diret\u00f3rio Estadual da Unidade Popular (UP), Juliete Pantoja, e o companheiro Marcelo Edmundo, da Central de Movimentos Populares.<\/p>\n<p>Em sua fala, Sofia Manzano fez uma breve an\u00e1lise sobre o capitalismo brasileiro e a conjuntura pol\u00edtica nacional e enfatizou a necessidade de mudan\u00e7as profundas, como: a retomada do papel do Estado, a reestatiza\u00e7\u00e3o de empresas estrat\u00e9gicas, o fim da Lei de Responsabilidade Fiscal e do Teto de Gastos e a ado\u00e7\u00e3o de pol\u00edticas econ\u00f4micas e sociais anticapitalistas, voltadas para a supera\u00e7\u00e3o das desigualdades. Sofia falou ainda das elei\u00e7\u00f5es como parte da luta maior pela constru\u00e7\u00e3o do socialismo e da import\u00e2ncia de desenvolver a campanha junto \u00e0 classe trabalhadora.<\/p>\n<p>O pr\u00e9-candidato Eduardo Serra resgatou a hist\u00f3ria recente de governos de direita, neoliberais e corruptos no Rio de Janeiro e descreveu o quadro atual de desemprego, mis\u00e9ria, desindustrializa\u00e7\u00e3o, caos e destrui\u00e7\u00e3o dos sistemas p\u00fablicos de transporte, seguran\u00e7a, sa\u00fade e educa\u00e7\u00e3o. Serra destacou a enorme desigualdade entre classes sociais, bairros e regi\u00f5es do Estado no acesso \u00e0 infraestrutura urbana, aos servi\u00e7os p\u00fablicos e \u00e0s decis\u00f5es pol\u00edticas como um quadro causado pela explora\u00e7\u00e3o capitalista.<\/p>\n<p>Eduardo reiterou que sua pr\u00e9-candidatura representa uma alternativa comunista para enfrentar os graves problemas do Estado e que ela se op\u00f5e a todas \u00e0quelas j\u00e1 lan\u00e7adas e alinhadas ao bolsonarismo em todas as suas matizes. E que o programa anticapitalista apresentado pelos comunistas para o Estado do Rio de Janeiro pressup\u00f5e a participa\u00e7\u00e3o da popula\u00e7\u00e3o trabalhadora nas decis\u00f5es de governo.<\/p>\n<p>O pr\u00e9-candidato do Partid\u00e3o ao Governo do Estado finalizou sua fala apontando que a participa\u00e7\u00e3o nas elei\u00e7\u00f5es \u00e9 sim muito importante, mas que essa atua\u00e7\u00e3o comunista faz parte da luta por transforma\u00e7\u00f5es profundas: \u00e9 parte de um processo maior de mudan\u00e7a, da luta pelo Socialismo.<\/p>\n<p>O ato encerrou-se com a plateia entusiasmada gritando em coro &#8220;De norte a sul e no pa\u00eds inteiro: Viva o Partido Comunista Brasileiro!&#8221; e entoando A Internacional.<\/p>\n<p>https:\/\/m.facebook.com\/story.php?story_fbid=10159336920024667&#038;id=711899666<\/p>\n","protected":false},"excerpt":{"rendered":"<a class=\"moretag\" href=\"https:\/\/pcb.org.br\/portal2\/28558\"> <\/a>","protected":false},"author":1,"featured_media":0,"comment_status":"closed","ping_status":"closed","sticky":false,"template":"","format":"standard","meta":{"jetpack_post_was_ever_published":false,"_jetpack_newsletter_access":"","_jetpack_dont_email_post_to_subs":false,"_jetpack_newsletter_tier_id":0,"_jetpack_memberships_contains_paywalled_content":false,"_jetpack_memberships_contains_paid_content":false,"footnotes":"","jetpack_publicize_message":"\"Eduardo Serra destacou a enorme desigualdade entre classes sociais, bairros e regi\u00f5es do Estado no acesso \u00e0 infraestrutura urbana, aos servi\u00e7os p\u00fablicos e \u00e0s decis\u00f5es pol\u00edticas como um quadro causado pela explora\u00e7\u00e3o capitalista.\"","jetpack_publicize_feature_enabled":true,"jetpack_social_post_already_shared":true,"jetpack_social_options":{"image_generator_settings":{"template":"highway","default_image_id":0,"font":"","enabled":false},"version":2}},"categories":[1],"tags":[221,246],"class_list":["post-28558","post","type-post","status-publish","format-standard","hentry","category-geral","tag-2a","tag-np"],"jetpack_publicize_connections":[],"jetpack_featured_media_url":"","jetpack_shortlink":"https:\/\/wp.me\/p659gw-7qC","jetpack-related-posts":[],"jetpack_likes_enabled":true,"jetpack_sharing_enabled":true,"_links":{"self":[{"href":"https:\/\/pcb.org.br\/portal2\/wp-json\/wp\/v2\/posts\/28558","targetHints":{"allow":["GET"]}}],"collection":[{"href":"https:\/\/pcb.org.br\/portal2\/wp-json\/wp\/v2\/posts"}],"about":[{"href":"https:\/\/pcb.org.br\/portal2\/wp-json\/wp\/v2\/types\/post"}],"author":[{"embeddable":true,"href":"https:\/\/pcb.org.br\/portal2\/wp-json\/wp\/v2\/users\/1"}],"replies":[{"embeddable":true,"href":"https:\/\/pcb.org.br\/portal2\/wp-json\/wp\/v2\/comments?post=28558"}],"version-history":[{"count":0,"href":"https:\/\/pcb.org.br\/portal2\/wp-json\/wp\/v2\/posts\/28558\/revisions"}],"wp:attachment":[{"href":"https:\/\/pcb.org.br\/portal2\/wp-json\/wp\/v2\/media?parent=28558"}],"wp:term":[{"taxonomy":"category","embeddable":true,"href":"https:\/\/pcb.org.br\/portal2\/wp-json\/wp\/v2\/categories?post=28558"},{"taxonomy":"post_tag","embeddable":true,"href":"https:\/\/pcb.org.br\/portal2\/wp-json\/wp\/v2\/tags?post=28558"}],"curies":[{"name":"wp","href":"https:\/\/api.w.org\/{rel}","templated":true}]}}