{"id":28573,"date":"2022-03-15T11:07:46","date_gmt":"2022-03-15T14:07:46","guid":{"rendered":"https:\/\/pcb.org.br\/portal2\/?p=28573"},"modified":"2022-03-15T12:55:58","modified_gmt":"2022-03-15T15:55:58","slug":"seminario-nacional-100-anos-do-pcb","status":"publish","type":"post","link":"https:\/\/pcb.org.br\/portal2\/28573","title":{"rendered":"Semin\u00e1rio Nacional 100 anos do PCB"},"content":{"rendered":"<p><img data-recalc-dims=\"1\" decoding=\"async\" class=\"imagem\" title=\"imagem\" src=\"https:\/\/i0.wp.com\/lavrapalavra.com\/wp-content\/uploads\/2015\/08\/semin.jpg?w=747&#038;ssl=1\" alt=\"imagem\" \/><!--more--><\/p>\n<p>DATA:\u00a021 a 25 de mar\u00e7o de 2022<\/p>\n<p>HOR\u00c1RIO: Manh\u00e3, tarde e noite (10:00, 15:00 e 18:30)<\/p>\n<p>FORMATO: Virtual \u2013 Plataforma Even 3<br \/>\n<strong>Link para inscri\u00e7\u00e3o:<\/strong><br \/>\n<strong>https:\/\/www.even3.com.br\/pcb100anos\/<\/strong><\/p>\n<p><strong>DIA 21 &#8211; segunda-feira<\/strong><\/p>\n<p>18:30<br \/>\nMESA DE ABERTURA<br \/>\nEdmilson Costa (Sec. Geral PCB), Sofia Manzano (PCB) e Milton Pinheiro (PCB).<br \/>\nCoordena\u00e7\u00e3o: Fran Rebelatto (PCB)<\/p>\n<p>MESA I \u2013 Cem anos de hist\u00f3ria do PCB<br \/>\nEdmilson Costa (PCB), Milton Pinheiro (PCB), Jos\u00e9 Paulo Netto (ICP) e Marta Bar\u00e7ante (PCB).<br \/>\nCoordena\u00e7\u00e3o: Fran Rebelatto (PCB)<\/p>\n<p><strong>DIA 22 &#8211; ter\u00e7a-feira<\/strong><\/p>\n<p>10:00<br \/>\nMESA II \u2013 O PCB entre o BOC e o levante de 1935.<br \/>\nMarcelo Lins (UESC), Heitor Ribeiro (PCB), Hiran Roedel (PCB) e Marly Vianna (UFSCar).<br \/>\nCoordena\u00e7\u00e3o: Miriam Goldschmidt (PCB)<\/p>\n<p>15:00<br \/>\nMESA III \u2013 O PCB e suas teses fundamentais (Manifesto de Agosto, Declara\u00e7\u00e3o de Mar\u00e7o, reconstru\u00e7\u00e3o revolucion\u00e1ria).<br \/>\nAntonio Carlos Mazzeo (PCB), Lincoln Secco (USP) e T\u00falio Lopes (PCB).<br \/>\nCoordena\u00e7\u00e3o: Nath\u00e1lia Mozer (PCB)<\/p>\n<p>18:30<br \/>\nMESA IV \u2013 O PCB na luta anti-imperialista e o internacionalismo.<br \/>\nMarcelo Buzetto (MST), Jones Manoel (PCB), Marcos Del Roio (Unesp) e Giovanni D\u2019Amico (PCB).<br \/>\nCoordena\u00e7\u00e3o: Am\u00e1lia Cardona (PCB)<\/p>\n<p><strong>DIA 23 &#8211; quarta-feira<\/strong><\/p>\n<p>10:00<br \/>\nMESA V &#8211; 30 anos de Reconstru\u00e7\u00e3o Revolucion\u00e1ria do PCB<br \/>\nEdmilson Costa (PCB), Ivan Pinheiro (PCB), Sofia Manzano (PCB) e Eduardo Serra (PCB).<br \/>\nCoordena\u00e7\u00e3o: Renata Regina (PCB)<\/p>\n<p>15:00<br \/>\nMESA VI \u2013 O PCB e a frente cultural\/intelectual.<br \/>\nGabriel Landi (PCB), Victor Neves (PCB), D\u00eanis de Moraes (escritor) e Ana Karen (PCB).<br \/>\nCoordena\u00e7\u00e3o: Talita Tecedor (PCB)<\/p>\n<p>18:30<br \/>\nMESA VII \u2013 O PCB e a Batalha das Ideias no Brasil.<br \/>\nSofia Manzano (PCB), Anderson Deo (PCB), Mauro Iasi (PCB) e Luiz B. Peric\u00e1s (USP).<br \/>\nCoordena\u00e7\u00e3o: Marcele (PCB)<\/p>\n<p><strong>DIA 24 &#8211; quinta-feira<\/strong><\/p>\n<p>10:00<br \/>\nMESA VIII \u2013 O PCB e a Luta Contra as Opress\u00f5es.<br \/>\nLuiza Tonon (PCB), Jacqueline Botelho (UFF), Marianna Rodrigues (PCB) e Virg\u00ednia Fontes (UFF).<br \/>\nCoordena\u00e7\u00e3o: Aline Pimentel<\/p>\n<p>15:00<br \/>\nMESA IX \u2013 O PCB e a luta contra as ditaduras (Estado Novo e 1964).<br \/>\nAnita Prestes (UFRJ), Lincoln Penna (MODECOM), Ricardo Costa (PCB) e Muniz Ferreira (PCB).<br \/>\nCoordena\u00e7\u00e3o: Wellington Augusto (PCB)<\/p>\n<p>18:30<br \/>\nMESA X \u2013 O PCB e a juventude<br \/>\nPaulo Winicius (PCB), Maria Carol (PCB), Gabriel Lazzari (PCB) e Leandro Alberto (PCB).<br \/>\nCoordena\u00e7\u00e3o: Secretaria Nacional de Juventude do PCB<\/p>\n<p><strong>DIA 25 &#8211; sexta-feira<\/strong><\/p>\n<p>10:00<br \/>\nMESA XI \u2013 O PCB e o movimento oper\u00e1rio\/sindical<br \/>\nRicardo Antunes (Unicamp), Carlos Arthur Bon\u00e9 (PCB), Sidney Moura (PCB) e Marco Aur\u00e9lio Santana (UFRJ).<br \/>\nCoordena\u00e7\u00e3o: Mariana Nogueira (PCB)<\/p>\n<p><strong>MESA PRESENCIAL NA ABI:<\/strong><\/p>\n<p>R. Ara\u00fajo Porto Alegre, 71 &#8211; Centro, Rio de Janeiro &#8211; RJ<\/p>\n<p>17:00<br \/>\nMESA XII \u2013 O PCB e a Revolu\u00e7\u00e3o Brasileira.<br \/>\nEdmilson Costa (PCB), Eduardo Serra (PCB), C\u00e1ssio Canhoto (PCB) e F\u00e1bio Bezerra (PCB)<br \/>\nCoordena\u00e7\u00e3o: Marta Bar\u00e7ante (PCB)<\/p>\n<p>19h<br \/>\nATO P\u00daBLICO DE COMEMORA\u00c7\u00c3O DOS 100 ANOS DO PCB<br \/>\n(Lan\u00e7amento da pr\u00e9-candidatura de Sofia Manzano \u00e0 Presid\u00eancia da Rep\u00fablica)<\/p>\n","protected":false},"excerpt":{"rendered":"<a class=\"moretag\" href=\"https:\/\/pcb.org.br\/portal2\/28573\"> <\/a>","protected":false},"author":1,"featured_media":0,"comment_status":"closed","ping_status":"closed","sticky":false,"template":"","format":"standard","meta":{"jetpack_post_was_ever_published":false,"_jetpack_newsletter_access":"","_jetpack_dont_email_post_to_subs":false,"_jetpack_newsletter_tier_id":0,"_jetpack_memberships_contains_paywalled_content":false,"_jetpack_memberships_contains_paid_content":false,"footnotes":"","jetpack_publicize_message":"Link para inscri\u00e7\u00e3o: https:\/\/www.even3.com.br\/pcb100anos\/","jetpack_publicize_feature_enabled":true,"jetpack_social_post_already_shared":true,"jetpack_social_options":{"image_generator_settings":{"template":"highway","default_image_id":0,"font":"","enabled":false},"version":2}},"categories":[1],"tags":[219],"class_list":["post-28573","post","type-post","status-publish","format-standard","hentry","category-geral","tag-manchete"],"jetpack_publicize_connections":[],"jetpack_featured_media_url":"","jetpack_shortlink":"https:\/\/wp.me\/p659gw-7qR","jetpack-related-posts":[],"jetpack_likes_enabled":true,"jetpack_sharing_enabled":true,"_links":{"self":[{"href":"https:\/\/pcb.org.br\/portal2\/wp-json\/wp\/v2\/posts\/28573","targetHints":{"allow":["GET"]}}],"collection":[{"href":"https:\/\/pcb.org.br\/portal2\/wp-json\/wp\/v2\/posts"}],"about":[{"href":"https:\/\/pcb.org.br\/portal2\/wp-json\/wp\/v2\/types\/post"}],"author":[{"embeddable":true,"href":"https:\/\/pcb.org.br\/portal2\/wp-json\/wp\/v2\/users\/1"}],"replies":[{"embeddable":true,"href":"https:\/\/pcb.org.br\/portal2\/wp-json\/wp\/v2\/comments?post=28573"}],"version-history":[{"count":0,"href":"https:\/\/pcb.org.br\/portal2\/wp-json\/wp\/v2\/posts\/28573\/revisions"}],"wp:attachment":[{"href":"https:\/\/pcb.org.br\/portal2\/wp-json\/wp\/v2\/media?parent=28573"}],"wp:term":[{"taxonomy":"category","embeddable":true,"href":"https:\/\/pcb.org.br\/portal2\/wp-json\/wp\/v2\/categories?post=28573"},{"taxonomy":"post_tag","embeddable":true,"href":"https:\/\/pcb.org.br\/portal2\/wp-json\/wp\/v2\/tags?post=28573"}],"curies":[{"name":"wp","href":"https:\/\/api.w.org\/{rel}","templated":true}]}}