{"id":28586,"date":"2022-03-19T14:10:56","date_gmt":"2022-03-19T17:10:56","guid":{"rendered":"https:\/\/pcb.org.br\/portal2\/?p=28586"},"modified":"2022-03-19T14:10:56","modified_gmt":"2022-03-19T17:10:56","slug":"camarada-aluizio-moreira-presente","status":"publish","type":"post","link":"https:\/\/pcb.org.br\/portal2\/28586","title":{"rendered":"Camarada Alu\u00edzio Moreira, presente!"},"content":{"rendered":"<p><img data-recalc-dims=\"1\" decoding=\"async\" class=\"imagem\" title=\"imagem\" src=\"https:\/\/i0.wp.com\/lavrapalavra.com\/wp-content\/uploads\/2015\/08\/FB_IMG_1647694601428.jpg?w=747&#038;ssl=1\" alt=\"imagem\" \/><!--more--><\/p>\n<p>Comit\u00ea Regional do PCB de Pernambuco<\/p>\n<p>O Partido Comunista Brasileiro &#8211; PCB\/PE vem manifestar seu profundo pesar pela partida de um grande camarada que fez parte desta organiza\u00e7\u00e3o, camarada Alu\u00edzio Moreira.<\/p>\n<p>Alu\u00edzio Moreira era recifense, professor universit\u00e1rio e militante desde seus 20 anos de idade, quando come\u00e7ou a construir o Movimento Estudantil e frequentar as reuni\u00f5es da c\u00e9lula dos estudantes secundaristas do PCB em Recife.<\/p>\n<p>Foi durante sua gradua\u00e7\u00e3o em Hist\u00f3ria na Universidade Cat\u00f3lica de Pernambuco (Unicap), no auge da repress\u00e3o da ditadura militar, que Alu\u00edzio aprofundou seus estudos no marxismo e no movimento oper\u00e1rio em Pernambuco, tendo sido preso diversas vezes por conta de sua atua\u00e7\u00e3o nos Diret\u00f3rios Acad\u00eamicos da universidade. Mais tarde, ap\u00f3s j\u00e1 ter se formado e come\u00e7ado a exercer o cargo de professor, foi demitido de diversas faculdades pela sua atua\u00e7\u00e3o em conjunto \u00e0s Associa\u00e7\u00f5es de Docentes.<\/p>\n<p>Nos solidarizamos com os familiares do camarada! Vai-se o corpo, mas permanece o esp\u00edrito revolucion\u00e1rio!<\/p>\n<p>Alu\u00edzio, presente!<\/p>\n","protected":false},"excerpt":{"rendered":"<a class=\"moretag\" href=\"https:\/\/pcb.org.br\/portal2\/28586\"> <\/a>","protected":false},"author":1,"featured_media":0,"comment_status":"closed","ping_status":"closed","sticky":false,"template":"","format":"standard","meta":{"jetpack_post_was_ever_published":false,"_jetpack_newsletter_access":"","_jetpack_dont_email_post_to_subs":false,"_jetpack_newsletter_tier_id":0,"_jetpack_memberships_contains_paywalled_content":false,"_jetpack_memberships_contains_paid_content":false,"footnotes":"","jetpack_publicize_message":"O Partido Comunista Brasileiro - PCB\/PE vem manifestar seu profundo pesar pela partida de um grande camarada que fez parte desta organiza\u00e7\u00e3o, camarada Alu\u00edzio Moreira.","jetpack_publicize_feature_enabled":true,"jetpack_social_post_already_shared":true,"jetpack_social_options":{"image_generator_settings":{"template":"highway","default_image_id":0,"font":"","enabled":false},"version":2}},"categories":[1],"tags":[222],"class_list":["post-28586","post","type-post","status-publish","format-standard","hentry","category-geral","tag-2b"],"jetpack_publicize_connections":[],"jetpack_featured_media_url":"","jetpack_shortlink":"https:\/\/wp.me\/p659gw-7r4","jetpack-related-posts":[],"jetpack_likes_enabled":true,"jetpack_sharing_enabled":true,"_links":{"self":[{"href":"https:\/\/pcb.org.br\/portal2\/wp-json\/wp\/v2\/posts\/28586","targetHints":{"allow":["GET"]}}],"collection":[{"href":"https:\/\/pcb.org.br\/portal2\/wp-json\/wp\/v2\/posts"}],"about":[{"href":"https:\/\/pcb.org.br\/portal2\/wp-json\/wp\/v2\/types\/post"}],"author":[{"embeddable":true,"href":"https:\/\/pcb.org.br\/portal2\/wp-json\/wp\/v2\/users\/1"}],"replies":[{"embeddable":true,"href":"https:\/\/pcb.org.br\/portal2\/wp-json\/wp\/v2\/comments?post=28586"}],"version-history":[{"count":0,"href":"https:\/\/pcb.org.br\/portal2\/wp-json\/wp\/v2\/posts\/28586\/revisions"}],"wp:attachment":[{"href":"https:\/\/pcb.org.br\/portal2\/wp-json\/wp\/v2\/media?parent=28586"}],"wp:term":[{"taxonomy":"category","embeddable":true,"href":"https:\/\/pcb.org.br\/portal2\/wp-json\/wp\/v2\/categories?post=28586"},{"taxonomy":"post_tag","embeddable":true,"href":"https:\/\/pcb.org.br\/portal2\/wp-json\/wp\/v2\/tags?post=28586"}],"curies":[{"name":"wp","href":"https:\/\/api.w.org\/{rel}","templated":true}]}}