{"id":28588,"date":"2022-03-21T15:56:17","date_gmt":"2022-03-21T18:56:17","guid":{"rendered":"https:\/\/pcb.org.br\/portal2\/?p=28588"},"modified":"2022-03-21T15:56:17","modified_gmt":"2022-03-21T18:56:17","slug":"viva-o-saara-livre","status":"publish","type":"post","link":"https:\/\/pcb.org.br\/portal2\/28588","title":{"rendered":"Viva o Saara livre!"},"content":{"rendered":"<p><img data-recalc-dims=\"1\" decoding=\"async\" class=\"imagem\" title=\"imagem\" src=\"https:\/\/i0.wp.com\/pcpe.es\/wp-content\/uploads\/2022\/03\/TRAIDORES-2Aa.png?w=747&#038;ssl=1\" alt=\"imagem\" \/><!--more--><\/p>\n<p>Partido Comunista dos Povos de Espanha: Viva o Saara livre!<\/p>\n<p>Governo de traidores, monarquia trai\u00e7oeira!<\/p>\n<p>O governo de Pedro S\u00e1nchez e a monarquia Bourbon colocam a Espanha de joelhos diante do imperialismo ianque e agem como lacaios submissos da monarquia marroquina sanguin\u00e1ria e corrupta. Os poderes do Estado se mostram incapazes de defender a soberania nacional e submetem o pa\u00eds ao que consideram poderes superiores na pol\u00edtica internacional atual.<\/p>\n<p>\u00c9 mais um epis\u00f3dio na longa hist\u00f3ria de trai\u00e7\u00f5es e crimes do colonialismo espanhol. Um ciclo hist\u00f3rico que se encerra com esta decis\u00e3o do Governo de Pedro S\u00e1nchez, que pretende entregar o povo saharau\u00ed ao dom\u00ednio absoluto de uma ditadura criminosa, violando os princ\u00edpios mais elementares do direito internacional, bem como as responsabilidades da Espanha como poder naquele territ\u00f3rio, conforme consta da resolu\u00e7\u00e3o da ONU sobre o referendo acerca da autodetermina\u00e7\u00e3o do povo saharau\u00ed.<\/p>\n<p>Esta atua\u00e7\u00e3o pol\u00edtica de Pedro S\u00e1nchez tem antecedentes hist\u00f3ricos dram\u00e1ticos, que agora s\u00e3o revividos. A Espanha, nos tempos coloniais, submeteu o povo cubano a uma brutal pol\u00edtica de exterm\u00ednio. Assim foi com Valeriano Weyler e a monarquia. Hoje, essa mesma Espanha aplica uma pol\u00edtica de trai\u00e7\u00e3o e exterm\u00ednio contra o povo saharau\u00ed, que luta heroicamente pela sua autodetermina\u00e7\u00e3o e independ\u00eancia. Weyler \u00e9 substitu\u00eddo hoje pelo Presidente do Governo, Pedro S\u00e1nchez, e da Reg\u00eancia, a monarquia de Felipe VI. Mas a responsabilidade criminosa \u00e9 a mesma.<\/p>\n<p>O Governo do PSOE-UP e a monarquia de Felipe VI mant\u00eam h\u00e1 anos um sil\u00eancio total face aos crimes, desaparecimentos e torturas que o governo do Marrocos cometeu contra o povo saharau\u00ed; sil\u00eancio que os torna c\u00famplices e tamb\u00e9m respons\u00e1veis por essas a\u00e7\u00f5es criminosas. Hoje n\u00e3o s\u00e3o suficientes os pronunciamentos mornos da UP em rela\u00e7\u00e3o a esta \u00faltima decis\u00e3o de Pedro S\u00e1nchez. Com a sua continuidade nesse Governo, s\u00e3o igualmente respons\u00e1veis por esta a\u00e7\u00e3o.<\/p>\n<p>O Governo e a Monarquia humilham os povos de Espanha, rendendo-se \u00e0s exig\u00eancias de Mohamed VI, aceitando a &#8220;normaliza\u00e7\u00e3o&#8221; das rela\u00e7\u00f5es e a pr\u00f3xima recep\u00e7\u00e3o do &#8220;ministro das col\u00f3nias de Albare&#8221; na sua anunciada viagem ao Marrocos. A Espanha, que tem sido alvo de cont\u00ednua chantagem do lado marroquino, desde a retirada do seu embaixador de Madri em meados de 2019, pretende atualmente apresentar a sua decis\u00e3o como algo volunt\u00e1rio por parte do Governo.<\/p>\n<p>O povo saharau\u00ed sente-se tra\u00eddo pela Espanha. Todas as promessas n\u00e3o foram cumpridas, todos os representantes do Governo os enganaram. Come\u00e7ando com Juan Carlos I em 1975, seguindo Felipe Gonz\u00e1lez em sua visita aos campos de refugiados em 1976, passando por todos os governos nestes anos e terminando hoje com Pedro S\u00e1nchez e Felipe VI, s\u00f3 h\u00e1 mentira, covardia e trai\u00e7\u00e3o. Foi isso que a Espanha deu ao povo saharau\u00ed.<\/p>\n<p>A explica\u00e7\u00e3o \u00faltima que levou Pedro S\u00e1nchez a tomar esta decis\u00e3o \u00e9 a sua miser\u00e1vel submiss\u00e3o \u00e0s estrat\u00e9gias do imperialismo ianque, e tamb\u00e9m do sionismo. O continente africano est\u00e1 em disputa entre as grandes pot\u00eancias mundiais. Os Estados Unidos chegaram tarde a este pulso internacional e t\u00eam uma posi\u00e7\u00e3o desvantajosa, por isso hoje est\u00e1 tentando mover seus pe\u00f5es para fortalecer suas posi\u00e7\u00f5es, recuperar o tempo e avan\u00e7ar sua pol\u00edtica imperialista de controle das economias e recursos naturais do continente.<\/p>\n<p>A forma\u00e7\u00e3o de um &#8220;grande Marrocos&#8221; visa controlar a costa noroeste do continente, bem como o tr\u00e2nsito pelo Estreito de Gibraltar. Por esta raz\u00e3o, \u00e9 previs\u00edvel que esta estrat\u00e9gia expansionista marroquina n\u00e3o termine no Sahara Ocidental, mas se estenda tamb\u00e9m \u00e0 Maurit\u00e2nia, para ganhar o controle, atrav\u00e9s de um \u00fanico pa\u00eds, de toda a costa continental desde Gibraltar at\u00e9 o pr\u00f3prio Golfo da Guin\u00e9, onde a Marinha espanhola j\u00e1 participa em tarefas de controle e vigil\u00e2ncia, utilizando a sua base log\u00edstica nas Ilhas Can\u00e1rias.<\/p>\n<p>A participa\u00e7\u00e3o da Espanha na invas\u00e3o do Mali insere-se nessa mesma l\u00f3gica de expans\u00e3o e pilhagem imperialista, que em sua \u00e9poca foi precedida pela guerra de destrui\u00e7\u00e3o da L\u00edbia (tamb\u00e9m com participa\u00e7\u00e3o espanhola) e que, em \u00faltima an\u00e1lise, amea\u00e7a uma Arg\u00e9lia com elevado sentido de defesa da sua soberania e rica em recursos energ\u00e9ticos estrat\u00e9gicos, de especial interesse para a UE.<\/p>\n<p>As Ilhas Can\u00e1rias, neste jogo de equil\u00edbrios geopol\u00edticos, pela sua natureza de plataforma estrat\u00e9gica para as comunica\u00e7\u00f5es civis e militares e pelos valiosos recursos minerais recentemente descobertos no seu fundo marinho, est\u00e3o sujeitas a um cerco amea\u00e7ador. Desde janeiro de 2020, a Espanha j\u00e1 demonstrou a sua incapacidade de defender a mesma integridade territorial das Ilhas Can\u00e1rias face \u00e0s duas leis de delimita\u00e7\u00e3o das \u00e1guas marinhas aprovadas por Marrocos, que invadem as \u00e1guas do arquip\u00e9lago das Can\u00e1rias.<\/p>\n<p>Publicado pelo PCPE em 20 de mar\u00e7o de 2022<\/p>\n","protected":false},"excerpt":{"rendered":"<a class=\"moretag\" href=\"https:\/\/pcb.org.br\/portal2\/28588\"> <\/a>","protected":false},"author":1,"featured_media":0,"comment_status":"closed","ping_status":"closed","sticky":false,"template":"","format":"standard","meta":{"jetpack_post_was_ever_published":false,"_jetpack_newsletter_access":"","_jetpack_dont_email_post_to_subs":false,"_jetpack_newsletter_tier_id":0,"_jetpack_memberships_contains_paywalled_content":false,"_jetpack_memberships_contains_paid_content":false,"footnotes":"","jetpack_publicize_message":"O governo de Pedro S\u00e1nchez e a monarquia Bourbon colocam a Espanha de joelhos diante do imperialismo ianque e agem como lacaios submissos da monarquia marroquina sanguin\u00e1ria e corrupta.","jetpack_publicize_feature_enabled":true,"jetpack_social_post_already_shared":true,"jetpack_social_options":{"image_generator_settings":{"template":"highway","default_image_id":0,"font":"","enabled":false},"version":2}},"categories":[1],"tags":[228],"class_list":["post-28588","post","type-post","status-publish","format-standard","hentry","category-geral","tag-5b"],"jetpack_publicize_connections":[],"jetpack_featured_media_url":"","jetpack_shortlink":"https:\/\/wp.me\/p659gw-7r6","jetpack-related-posts":[],"jetpack_likes_enabled":true,"jetpack_sharing_enabled":true,"_links":{"self":[{"href":"https:\/\/pcb.org.br\/portal2\/wp-json\/wp\/v2\/posts\/28588","targetHints":{"allow":["GET"]}}],"collection":[{"href":"https:\/\/pcb.org.br\/portal2\/wp-json\/wp\/v2\/posts"}],"about":[{"href":"https:\/\/pcb.org.br\/portal2\/wp-json\/wp\/v2\/types\/post"}],"author":[{"embeddable":true,"href":"https:\/\/pcb.org.br\/portal2\/wp-json\/wp\/v2\/users\/1"}],"replies":[{"embeddable":true,"href":"https:\/\/pcb.org.br\/portal2\/wp-json\/wp\/v2\/comments?post=28588"}],"version-history":[{"count":0,"href":"https:\/\/pcb.org.br\/portal2\/wp-json\/wp\/v2\/posts\/28588\/revisions"}],"wp:attachment":[{"href":"https:\/\/pcb.org.br\/portal2\/wp-json\/wp\/v2\/media?parent=28588"}],"wp:term":[{"taxonomy":"category","embeddable":true,"href":"https:\/\/pcb.org.br\/portal2\/wp-json\/wp\/v2\/categories?post=28588"},{"taxonomy":"post_tag","embeddable":true,"href":"https:\/\/pcb.org.br\/portal2\/wp-json\/wp\/v2\/tags?post=28588"}],"curies":[{"name":"wp","href":"https:\/\/api.w.org\/{rel}","templated":true}]}}