{"id":28604,"date":"2022-03-23T16:34:09","date_gmt":"2022-03-23T19:34:09","guid":{"rendered":"https:\/\/pcb.org.br\/portal2\/?p=28604"},"modified":"2022-03-23T16:34:09","modified_gmt":"2022-03-23T19:34:09","slug":"que-briguem-os-velhos-mandantes-os-trabalhadores-constroem-sua-alternativa","status":"publish","type":"post","link":"https:\/\/pcb.org.br\/portal2\/28604","title":{"rendered":"Que briguem os velhos mandantes: os trabalhadores constroem sua alternativa"},"content":{"rendered":"<p><img data-recalc-dims=\"1\" height=\"374\" width=\"747\" decoding=\"async\" class=\"imagem\" title=\"imagem\" src=\"https:\/\/i0.wp.com\/omomento.org\/wp-content\/uploads\/2022\/03\/10075304745_db8730043d_o-750x375.jpg?resize=747%2C374&#038;ssl=1\" alt=\"imagem\" \/><!--more--><\/p>\n<p><strong>Por Jo\u00e3o Pedro Aguiar, via\u00a0<\/strong><strong><a href=\"https:\/\/omomento.org\/que-briguem-os-velhos-mandantes-os-trabalhadores-constroem-sua-alternativa\/\">O MOMENTO<\/a> &#8211; PCB da Bahia<\/strong><\/p>\n<p>Novamente, em 2022, as elei\u00e7\u00f5es da Bahia ter\u00e3o um quadro pol\u00edtico similar ao que vem sendo as elei\u00e7\u00f5es desde a segunda metade dos anos 2000. As principais fra\u00e7\u00f5es da burguesia baiana s\u00e3o completamente ajustadas na m\u00e1quina p\u00fablica, s\u00e3o representadas com maioria absoluta da C\u00e2mara e determina para onde \u00e9 direcionada a governabilidade do Estado.<\/p>\n<p>Para compreender a pol\u00edtica baiana nos tempos presentes, precisamos remontar a hist\u00f3ria de luta dos trabalhadores do estado contra o carlismo: a face mais autocr\u00e1tica vinculada \u00e0 ditadura militar da burguesia baiana, que instituiu um regime fortalecido na repress\u00e3o ampla das massas, na persegui\u00e7\u00e3o institucional sistem\u00e1tica contra qualquer oposi\u00e7\u00e3o \u00e0 fam\u00edlia ACM e, sobretudo na marca maior de Ant\u00f4nio Carlos Magalh\u00e3es, os assassinatos pol\u00edticos.<\/p>\n<p>A autocracia da fam\u00edlia Magalh\u00e3es era sustentada nos grandes neg\u00f3cios do Estado, contando com grandes meios privados de comunica\u00e7\u00e3o \u2013 tal como a filial da Rede Globo, Rede Bahia, e o jornal impresso Correio \u2013 que eram extens\u00f5es de seus gabinetes, para al\u00e9m do forte aparato jur\u00eddico e policial com imediata obedi\u00eancia ao velho Ant\u00f4nio Carlos. Vale ressaltar que ACM Neto (DEM), seu principal herdeiro pol\u00edtico, em menor n\u00edvel ainda \u00e9 capaz de preservar em grande medida essas mesmas estruturas pol\u00edticas e coloc\u00e1-las a servi\u00e7o de seu projeto de reabilita\u00e7\u00e3o do carlismo.<\/p>\n<p>Mas derrotar o carlismo nunca foi um simples ato de deposi\u00e7\u00e3o de ACM ou de seus familiares carreiristas e profissionais da pol\u00edtica. Trata-se de uma das formas e express\u00f5es pol\u00edticas poss\u00edveis de um \u00fanico n\u00facleo hegem\u00f4nico: o bloco burgu\u00eas.<\/p>\n<p>A elei\u00e7\u00e3o de Jaques Wagner (PT) a governador em 2006, que dep\u00f4s a canalha carlista, inaugurou um novo rearranjo de for\u00e7as pol\u00edticas que est\u00e1 no governo estadual h\u00e1 16 anos, sem guardar grandes antagonismos com seus antecedentes. Antigos aliados do velho ACM, como Otto Alencar (PSD), foram atra\u00eddos para o lado do governo petista e ajudam a comandar o Estado Baiano. Nesses 16 anos n\u00e3o houveram mudan\u00e7as positivas substanciais para a classe trabalhadora, para sua organiza\u00e7\u00e3o independente enquanto classe, ou na conquista de direitos sociais e transforma\u00e7\u00f5es mais profundas. A Bahia \u00e9 uma r\u00e9plica menor da pol\u00edtica petista de alian\u00e7as com a direita tradicional e os blocos da burguesia a n\u00edvel nacional, sendo importante considerar que partidos de centro como PSB (Partido Socialista Brasileiro) e at\u00e9 mesmo o PCdoB (Partido Comunista do Brasil) s\u00e3o firmes defensores da pol\u00edtica estadual e comp\u00f5em o governo.<\/p>\n<p>Tanto Wagner como Rui Costa (PT) foram inimigos declarados dos servidores p\u00fablicos, sobretudo da Educa\u00e7\u00e3o, que protagonizaram mobiliza\u00e7\u00f5es hist\u00f3ricas como a Greve dos 100 Dias em 2012 e as greves nas Universidades Estaduais da Bahia em 2015 e 2019, que juntas paralisaram as atividades das universidades por mais de 150 dias. A Bahia figura entre os maiores \u00edndices de desemprego e extrema pobreza do pa\u00eds. A pol\u00edtica penal reacion\u00e1ria de encarceramento em massa e a letalidade policial da Bahia s\u00e3o constantemente refor\u00e7ados enquanto m\u00e9ritos conquistados dos governos petistas, mesmo que 100% das v\u00edtimas do Estado Baiano sejam negras, segundo a <a href=\"https:\/\/g1.globo.com\/ba\/bahia\/noticia\/2021\/12\/14\/bahia-e-o-estado-mais-letal-do-nordeste-e-100percent-dos-mortos-pela-policia-em-salvados-sao-negros-aponta-pesquisa.ghtml\">Rede de Observat\u00f3rios da Seguran\u00e7a<\/a>.<\/p>\n<p>Al\u00e9m da EMBASA (Empresa Baiana de \u00c1guas e Saneamento) que hoje est\u00e1 sendo amea\u00e7ada de privatiza\u00e7\u00e3o, o governo de Rui Costa, segundo o jornal Metro, busca extinguir o \u201c<a href=\"https:\/\/www.metro1.com.br\/noticias\/bahia\/65104,rui-anuncia-extincao-da-conder-e-privatizacao-da-bahia-pesca-e-outros-orgaos.html\">Centro Industrial Suba\u00e9, Conder, Sudic, Secretaria de Desenvolvimento Econ\u00f4mico e deixa a Bahia Pesca para ser gerida pela iniciativa privada<\/a>\u201d, preparando um amplo pacote de privatiza\u00e7\u00f5es para o fim de seu mandato.<\/p>\n<p><strong>Sobre 2022<\/strong><\/p>\n<p>Ainda \u00e9 incerto quem ser\u00e1 o representante que suceder\u00e1 o atual arranjo pol\u00edtico que comanda o Governo Estadual. O sucessor muito possivelmente ser\u00e1 indicado a partir das costuras que favore\u00e7am a principal candidatura petista, a de Lula, para o Pal\u00e1cio do Planalto. No lado do carlismo, pr\u00f3ximo ao governo Bolsonaro mas distante nas apar\u00eancia, ACM Neto \u00e9 um candidato certo da direita tradicional baiana. E correndo por fora o parco e inexpressivo Jo\u00e3o Roma (Republicanos), que reivindica o postulado de principal representante do bolsonarismo na Bahia.<\/p>\n<p>Para a classe trabalhadora, os digladeios internos das fac\u00e7\u00f5es pol\u00edticas da burguesia n\u00e3o podem pautar seus caminhos, suas lutas, sua organiza\u00e7\u00e3o. Pelo contr\u00e1rio, nos d\u00e1 mais uma raz\u00e3o para debilitar o projeto burgu\u00eas, apresentando uma alternativa independente da classe, pautada em seus interesses imediatos e estrat\u00e9gicos.<\/p>\n<p>Temos a necessidade imediata de retomar as lutas de rua, nos espa\u00e7os de trabalho, moradia e de estudo, para derrotar a agenda antipopular do governo Estadual e Federal, para contribuir na reorganiza\u00e7\u00e3o da classe trabalhadora e elevar seus instrumentos de luta como atores protagonistas em um processo de mudan\u00e7a social. A pol\u00edtica das c\u00fapulas devem ser isoladas em um movimento pol\u00edtico da classe trabalhadora de apresentar seu pr\u00f3prio programa e conjunto de reivindica\u00e7\u00f5es. N\u00e3o \u00e9 uma simples tarefa, pois precisamos vencer ilus\u00f5es muito arraigadas que se reproduzem na t\u00e1tica defensiva de \u201campliar o arco de alian\u00e7as\u201d com a direita e a burguesia para livrar-se do \u201cmal maior\u201d.<\/p>\n<p>N\u00e3o h\u00e1 atalhos para nos livrar da condi\u00e7\u00e3o de ref\u00e9ns e construir uma alternativa popular na Bahia.<\/p>\n","protected":false},"excerpt":{"rendered":"<a class=\"moretag\" href=\"https:\/\/pcb.org.br\/portal2\/28604\"> <\/a>","protected":false},"author":1,"featured_media":0,"comment_status":"closed","ping_status":"closed","sticky":false,"template":"","format":"standard","meta":{"jetpack_post_was_ever_published":false,"_jetpack_newsletter_access":"","_jetpack_dont_email_post_to_subs":false,"_jetpack_newsletter_tier_id":0,"_jetpack_memberships_contains_paywalled_content":false,"_jetpack_memberships_contains_paid_content":false,"footnotes":"","jetpack_publicize_message":"Para a classe trabalhadora, as brigas internas das fac\u00e7\u00f5es pol\u00edticas da burguesia n\u00e3o podem pautar seus caminhos, suas lutas, sua organiza\u00e7\u00e3o.","jetpack_publicize_feature_enabled":true,"jetpack_social_post_already_shared":true,"jetpack_social_options":{"image_generator_settings":{"template":"highway","default_image_id":0,"font":"","enabled":false},"version":2}},"categories":[1],"tags":[226],"class_list":["post-28604","post","type-post","status-publish","format-standard","hentry","category-geral","tag-4b"],"jetpack_publicize_connections":[],"jetpack_featured_media_url":"","jetpack_shortlink":"https:\/\/wp.me\/p659gw-7rm","jetpack-related-posts":[],"jetpack_likes_enabled":true,"jetpack_sharing_enabled":true,"_links":{"self":[{"href":"https:\/\/pcb.org.br\/portal2\/wp-json\/wp\/v2\/posts\/28604","targetHints":{"allow":["GET"]}}],"collection":[{"href":"https:\/\/pcb.org.br\/portal2\/wp-json\/wp\/v2\/posts"}],"about":[{"href":"https:\/\/pcb.org.br\/portal2\/wp-json\/wp\/v2\/types\/post"}],"author":[{"embeddable":true,"href":"https:\/\/pcb.org.br\/portal2\/wp-json\/wp\/v2\/users\/1"}],"replies":[{"embeddable":true,"href":"https:\/\/pcb.org.br\/portal2\/wp-json\/wp\/v2\/comments?post=28604"}],"version-history":[{"count":0,"href":"https:\/\/pcb.org.br\/portal2\/wp-json\/wp\/v2\/posts\/28604\/revisions"}],"wp:attachment":[{"href":"https:\/\/pcb.org.br\/portal2\/wp-json\/wp\/v2\/media?parent=28604"}],"wp:term":[{"taxonomy":"category","embeddable":true,"href":"https:\/\/pcb.org.br\/portal2\/wp-json\/wp\/v2\/categories?post=28604"},{"taxonomy":"post_tag","embeddable":true,"href":"https:\/\/pcb.org.br\/portal2\/wp-json\/wp\/v2\/tags?post=28604"}],"curies":[{"name":"wp","href":"https:\/\/api.w.org\/{rel}","templated":true}]}}