{"id":28606,"date":"2022-03-23T18:00:19","date_gmt":"2022-03-23T21:00:19","guid":{"rendered":"https:\/\/pcb.org.br\/portal2\/?p=28606"},"modified":"2022-03-25T15:23:18","modified_gmt":"2022-03-25T18:23:18","slug":"todo-apoio-a-greve-dos-servidores-municipais-em-taubate","status":"publish","type":"post","link":"https:\/\/pcb.org.br\/portal2\/28606","title":{"rendered":"Todo apoio \u00e0 greve dos servidores municipais em Taubat\u00e9!"},"content":{"rendered":"<p><img data-recalc-dims=\"1\" decoding=\"async\" class=\"imagem\" title=\"imagem\" src=\"https:\/\/i0.wp.com\/lavrapalavra.com\/wp-content\/uploads\/2015\/08\/WhatsApp-Image-2022-03-23-at-15.57.04.jpeg?w=747&#038;ssl=1\" alt=\"imagem\" \/><!--more--><\/p>\n<p>O Partido Comunista Brasileiro e seus coletivos, vem se manifestar em total apoio aos servidores municipais, professores, eventuais e oficineiros da cidade de Taubat\u00e9-SP.<\/p>\n<p>Antes de tudo, \u00e9 preciso ressaltar: Toda luta por uma vida mais digna, \u00e9 uma luta justa!<\/p>\n<p>\u00c9 uma resposta, uma rea\u00e7\u00e3o ao descaso, ao abandono e aumento da explora\u00e7\u00e3o do trabalho humano por parte dos &#8220;gestores&#8221; da ordem!<br \/>\nPor tanto, para al\u00e9m do apoio das e dos trabalhadores em luta, nossa solidariedade para com os\/as mesmos. Sabemos das dificuldades de se manter saud\u00e1vel f\u00edsica e mentalmente no Brasil, com todo aumento dos pre\u00e7os dos alimentos, o combust\u00edvel em disparada, a aus\u00eancia de uma pol\u00edtica que de fato contemplasse as necessidades do nosso povo durante esse per\u00edodo pandemico e os ataques desenfreados aos direitos mais b\u00e1sicos do povo brasileiro.<\/p>\n<p>Reafirmos por tanto, nosso compromisso com a paralisa\u00e7\u00e3o dos dias 23, 24 e 25 de mar\u00e7o (COME\u00c7ANDO HOJE).<\/p>\n<p>As motiva\u00e7\u00f5es s\u00e3o in\u00fameras e envolvem categorias diferentes do trabalho, isso s\u00f3 mostra como os e as trabalhadores est\u00e3o sofrendo em todos os n\u00edveis. As pautas v\u00e3o desde o aumento salarial para os funcion\u00e1rios municipais e professores, abertura de concursos para os cargos de diretor, vice-diretor, coordenador e supervisor (chega de cargos por indica\u00e7\u00f5es), contra a reforma da previd\u00eancia e, pela regulariza\u00e7\u00e3o da situa\u00e7\u00e3o trabalhista e melhora da qualidade da Educa\u00e7\u00e3o de Taubat\u00e9, onde os profissionais eventuais representam mais de 70% da categoria. Profissionais que vivem cotidianamente na incerteza, na instabilidade e na inseguran\u00e7a. Trabalhadores e trabalhadoras que acordam e v\u00e3o para escola construir conhecimento e recebem da Prefeitura de Saud, um n\u00e3o-reconhecimento.<\/p>\n<p>\u00c9 preciso lembrar que o atual prefeito fez sua campanha falando sobre a realiza\u00e7\u00e3o e efetiva\u00e7\u00e3o de concursos e seus profissionais, estamos em seu segundo ano de mandato e nada! Permanece a pol\u00edtica de Ortiz, de gerir o neoliberalismo, sucatear o ensino, sugar o m\u00e1ximo da energia dos e das profissionais e oferecer menos que m\u00ednimo. Manter os e as trabalhadores como trabalhadores informais, quase que sem v\u00ednculo.<\/p>\n<p>O enfrentamento dessa pol\u00edtica de Saud \u00e9 tamb\u00e9m, uma luta pelas crian\u00e7as do munic\u00edpio, n\u00e3o h\u00e1 aprendizado quando n\u00e3o existe um plano de educa\u00e7\u00e3o est\u00e1vel!<\/p>\n<p>N\u00e3o regulamentar oficineiros e eventuais, faz com que as crian\u00e7as tenham que, a cada dia, interagir com professores diferentes. N\u00e3o h\u00e1 tempo para se estabelecer v\u00ednculos pedag\u00f3gicos e afetivos, no sentido de cativar os alunos e alunas ao aprendizado e, os mesmos, assimilaram a forma que cada profissional desenvolve seu trabalho.<\/p>\n<p>N\u00e3o \u00e9 poss\u00edvel tamb\u00e9m, desassociar o Governo Saud do Governo Bolsonaro-Guedes, a educa\u00e7\u00e3o e as condi\u00e7\u00f5es de trabalho dos envolvidos direta e indiretamente no desenvolvimento do nosso povo, na educa\u00e7\u00e3o, est\u00e1 em desmonte! Numa l\u00f3gica muito parecida com a de Bolsonaro, a Secretaria de Educa\u00e7\u00e3o deTaubat\u00e9, havia omitido a informa\u00e7\u00e3o de que, existem 759 vagas aptas a serem preenchidas por concurso de professor, o que significa que 40% dos cargos est\u00e3o vagos!<\/p>\n<p>Se h\u00e1 vagas, se foi feito concurso, se existem profissiinais dispon\u00edveis, por que n\u00e3o efetiv\u00e1-los como na promessa de campanha? A quem interessa a precariza\u00e7\u00e3o dos trabalhadores e trabalhadoras? A quem interessa o sucateamento da educa\u00e7\u00e3o? Quem ganha e lucra com essa situa\u00e7\u00e3o?<\/p>\n<p>Ser\u00e1 que a fam\u00edlia Saud, dona de um tradcional col\u00e9gio particular na cidade, n\u00e3o tem interesses particulares em manter a educa\u00e7\u00e3o p\u00fablica assim? Ser\u00e1 que o governo Saud, o mesmo que pagou milh\u00f5es no pr\u00e9dio da antiga escola SAAD, tamb\u00e9m escola privada, que devia mais paraa prefeitura do que vale o terreno, n\u00e3o opera uma pol\u00edtica que favore\u00e7a os interesses dos ricos da cidade e n\u00e3o o dos taubteanos e taubateanas?<\/p>\n<p>Ainda nessa semana ouvimos o \u00e1udio do Ministro da Educa\u00e7\u00e3o de Bolsonaro, Milton Ribeiro, onde ele confessa distribuir verbas da educa\u00e7\u00e3o para munic\u00edpios que pastores indicarem. Vejam, todo gestor da ordem capitalista usa dos aparelhos do governo para favorecerem seus pr\u00f3prios interesses e aos insteresses dos grandes capitalistas.<\/p>\n<p>Nesse sentido, vemos a necessidade de construirmos um processo de greve geral na educa\u00e7\u00e3o brasileira! N\u00e3o \u00e9 uma tarefa f\u00e1cil, mas \u00e9 necess\u00e1ria, corresponde aos interesses dos estudantes, das fam\u00edlias, dos professores e de todo corpo social-educacional sob ataque e sob a mis\u00e9ria dos governos federal, estadual e municpais, em nosso pa\u00eds.<\/p>\n<p>Contra o governo Bolsonaro, seu ministro e o repasse de verbas comandados pela burguesia da f\u00e9!<\/p>\n<p>Contra o sucateamento da educa\u00e7\u00e3o p\u00fablica brasileira!<\/p>\n<p>Por investimento p\u00fablico!<\/p>\n<p>Por estabilidade e vida digna aos trabalhadores e trabalhadoras!<\/p>\n<p>Pelo Poder Popular, rumo ao Socialismo!<\/p>\n<p><strong>PCB &#8211; S\u00e3o Jos\u00e9 dos Campos<\/strong><\/p>\n","protected":false},"excerpt":{"rendered":"<a class=\"moretag\" href=\"https:\/\/pcb.org.br\/portal2\/28606\"> <\/a>","protected":false},"author":1,"featured_media":0,"comment_status":"closed","ping_status":"closed","sticky":false,"template":"","format":"standard","meta":{"jetpack_post_was_ever_published":false,"_jetpack_newsletter_access":"","_jetpack_dont_email_post_to_subs":false,"_jetpack_newsletter_tier_id":0,"_jetpack_memberships_contains_paywalled_content":false,"_jetpack_memberships_contains_paid_content":false,"footnotes":"","jetpack_publicize_message":"O Partido Comunista Brasileiro e seus coletivos, vem se manifestar em total apoio aos servidores municipais, professores, eventuais e oficineiros da cidade de Taubat\u00e9-SP. Conhe\u00e7a as demandas do movimento:","jetpack_publicize_feature_enabled":true,"jetpack_social_post_already_shared":true,"jetpack_social_options":{"image_generator_settings":{"template":"highway","default_image_id":0,"font":"","enabled":false},"version":2}},"categories":[1,31],"tags":[221],"class_list":["post-28606","post","type-post","status-publish","format-standard","hentry","category-geral","category-c31-unidade-classista","tag-2a"],"jetpack_publicize_connections":[],"jetpack_featured_media_url":"","jetpack_shortlink":"https:\/\/wp.me\/p659gw-7ro","jetpack-related-posts":[],"jetpack_likes_enabled":true,"jetpack_sharing_enabled":true,"_links":{"self":[{"href":"https:\/\/pcb.org.br\/portal2\/wp-json\/wp\/v2\/posts\/28606","targetHints":{"allow":["GET"]}}],"collection":[{"href":"https:\/\/pcb.org.br\/portal2\/wp-json\/wp\/v2\/posts"}],"about":[{"href":"https:\/\/pcb.org.br\/portal2\/wp-json\/wp\/v2\/types\/post"}],"author":[{"embeddable":true,"href":"https:\/\/pcb.org.br\/portal2\/wp-json\/wp\/v2\/users\/1"}],"replies":[{"embeddable":true,"href":"https:\/\/pcb.org.br\/portal2\/wp-json\/wp\/v2\/comments?post=28606"}],"version-history":[{"count":0,"href":"https:\/\/pcb.org.br\/portal2\/wp-json\/wp\/v2\/posts\/28606\/revisions"}],"wp:attachment":[{"href":"https:\/\/pcb.org.br\/portal2\/wp-json\/wp\/v2\/media?parent=28606"}],"wp:term":[{"taxonomy":"category","embeddable":true,"href":"https:\/\/pcb.org.br\/portal2\/wp-json\/wp\/v2\/categories?post=28606"},{"taxonomy":"post_tag","embeddable":true,"href":"https:\/\/pcb.org.br\/portal2\/wp-json\/wp\/v2\/tags?post=28606"}],"curies":[{"name":"wp","href":"https:\/\/api.w.org\/{rel}","templated":true}]}}