{"id":28615,"date":"2022-03-28T14:27:55","date_gmt":"2022-03-28T17:27:55","guid":{"rendered":"https:\/\/pcb.org.br\/portal2\/?p=28615"},"modified":"2022-03-28T14:27:55","modified_gmt":"2022-03-28T17:27:55","slug":"sobre-a-conclat-das-centrais-sindicais","status":"publish","type":"post","link":"https:\/\/pcb.org.br\/portal2\/28615","title":{"rendered":"Sobre a &#8220;Conclat&#8221; das Centrais Sindicais"},"content":{"rendered":"<p><img data-recalc-dims=\"1\" decoding=\"async\" class=\"imagem\" title=\"imagem\" src=\"https:\/\/i0.wp.com\/radiopeaobrasil.com.br\/wp-content\/uploads\/2021\/08\/1981_CONCLAT_hUGO-pERES_eNNIO-bRAUNS-fo-scaled.jpg?w=747&#038;ssl=1\" alt=\"imagem\" \/><!--more--><\/p>\n<p><strong>A &#8220;Conclat&#8221; do F\u00f3rum das Centrais Sindicais n\u00e3o ser\u00e1 uma Confer\u00eancia<\/strong><\/p>\n<p>As centrais sindicais brasileiras, tanto as oficiais quanto as que n\u00e3o possuem registro formal, anunciaram a realiza\u00e7\u00e3o de uma Confer\u00eancia da Classe Trabalhadora para o dia 07 de abril deste ano, iniciativa que nos pareceu bastante correta, uma vez que defendemos h\u00e1 anos a necessidade de um processo nacional de reorganiza\u00e7\u00e3o e mobiliza\u00e7\u00e3o da classe trabalhadora, diante de uma conjuntura em que necessitamos organizar uma potente contraofensiva dos trabalhadores para reverter as derrotas dos \u00faltimos anos e para avan\u00e7ar rumo a novas conquistas.<\/p>\n<p>Nossa corrente sindical, a Unidade Classista, prop\u00f4s j\u00e1 em outubro do ano passado a realiza\u00e7\u00e3o de uma PLEN\u00c1RIA NACIONAL DA CLASSE TRABALHADORA ainda no primeiro trimestre de 2022, com a convoca\u00e7\u00e3o de todos os sindicatos de trabalhadores do Brasil, com a participa\u00e7\u00e3o dos movimentos populares e da juventude, para analisar a conjuntura, construir um programa classista, um calend\u00e1rio de lutas e visando construir uma greve geral para derrotar Bolsonaro e sua pol\u00edtica econ\u00f4mica.<\/p>\n<p>Mas vejamos a proposta. Nos documentos em que as centrais anunciam o evento, referem-se inclusive \u00e0 Conclat de 1981, realizada em Praia Grande\/SP, que contou com a participa\u00e7\u00e3o de cerca de 5000 trabalhadores de diversos ramos e de todas as regi\u00f5es do Brasil; debateu a conjuntura nacional e internacional; aprovou uma pauta e um plano de lutas e deliberou sobre uma comiss\u00e3o para organizar a funda\u00e7\u00e3o da CUT &#8211; que naquele momento representava a retomada de um sindicalismo combativo e capaz de mobilizar a classe trabalhadora para as lutas e para a vit\u00f3ria sobre a ditadura militar-burguesa instalada no pa\u00eds.<\/p>\n<p>Por\u00e9m, apesar de referirem-se \u00e0 hist\u00f3rica e vitoriosa Conclat de 1981, a \u201cConclat\u201d deste ano ser\u00e1 bem mais \u201cmodesta\u201d, pois as centrais pretendem apenas apresentar nela uma pauta previamente consensuada com os presidenci\u00e1veis de 2022. Entre os itens at\u00e9 agora propostos nos documentos b\u00e1sicos, temos alguns pontos relevantes, entretanto, esses documentos sequer utilizam a palavra revoga\u00e7\u00e3o quando se referem \u00e0s contrarreformas trabalhista e previdenci\u00e1ria.<\/p>\n<p>Entretanto, o conte\u00fado do documento inicial n\u00e3o \u00e9 o \u00fanico problema: justamente para n\u00e3o ir al\u00e9m de exig\u00eancias que as candidaturas de concilia\u00e7\u00e3o de classes sejam capazes de abra\u00e7ar, essa &#8220;Conclat&#8221; ser\u00e1, na sua forma, um evento pontual e n\u00e3o uma confer\u00eancia democr\u00e1tica desde as bases, que permitisse efetivamente a mobiliza\u00e7\u00e3o e discuss\u00e3o dos rumos do movimento pelos trabalhadores. Ao que tudo indica, al\u00e9m de n\u00e3o contar com etapas democr\u00e1ticas desde as bases, nem foram e nem ser\u00e3o convocados todos os sindicatos de trabalhadores do pa\u00eds para discutir o documento final a ser apresentado. Sabota-se, assim, o processo de mobiliza\u00e7\u00e3o de todo o conjunto da classe trabalhadora que poderia derivar da constru\u00e7\u00e3o de uma verdadeira confer\u00eancia.<\/p>\n<p>Para superar a atual correla\u00e7\u00e3o de for\u00e7as, extremamente desfavor\u00e1vel aos interesses da classe trabalhadora, que sofre com a intensifica\u00e7\u00e3o dos ataques nos \u00faltimos anos, necessitamos sim, e mais do que nunca, deflagrar um grande processo de debate e mobiliza\u00e7\u00e3o junto a todas as categorias de trabalhadores.<\/p>\n<p>Uma verdadeira Confer\u00eancia Nacional da Classe Trabalhadora \u2013 CONCLAT &#8211; precisaria necessariamente convocar todos os sindicatos de trabalhadores do pa\u00eds, filiados e n\u00e3o filiados \u00e0s centrais, debater por ramos e regi\u00f5es, com trabalhadoras e trabalhadores do campo e da cidade para consult\u00e1-los e responsabiliz\u00e1-los pela autoria da pauta e do plano de lutas.<\/p>\n<p>Infelizmente, os anos de Bolsonaro, Temer, o golpe contra Dilma e os anos de concilia\u00e7\u00e3o dos governos do PT n\u00e3o foram suficientes para que as centrais sindicais brasileiras e seus dirigentes pudessem entender que a classe trabalhadora precisa ser autora de seus projetos imediatos e hist\u00f3ricos, com independ\u00eancia de classe.<\/p>\n<p>N\u00e3o faltam motivos para que, a partir dos setores organizados da classe, possamos fomentar a\u00e7\u00f5es de debate e mobiliza\u00e7\u00e3o dos trabalhadores, que a cada dia sofrem mais por viverem em um pa\u00eds com mais de 650.000 mortes por COVID-19, com a infla\u00e7\u00e3o, principalmente derivada dos pre\u00e7os de combust\u00edveis, do g\u00e1s de cozinha e dos alimentos da cesta b\u00e1sica, com um governo federal assassino e entreguista como o de Bolsonaro, com a maioria esmagadora de governos estaduais e municipais reacion\u00e1rios, com a fome e a mis\u00e9ria crescendo de forma alarmante, a taxa de desempregados recorde, que j\u00e1 atinge mais de 20 milh\u00f5es, inclu\u00eddos os chamados desalentados, em que mais de 40 milh\u00f5es trabalham sem registro, e com um d\u00e9ficit de moradias e de saneamento b\u00e1sico gigantesco.<\/p>\n<p>Por\u00e9m, as p\u00e9ssimas condi\u00e7\u00f5es de vida de nosso povo e a crescente rejei\u00e7\u00e3o aos governos reacion\u00e1rios ainda n\u00e3o se materializaram no crescimento das manifesta\u00e7\u00f5es e greves.<\/p>\n<p>Tal fato refor\u00e7a a necessidade de um trabalho ativo para, a partir dos setores organizados, desenvolver consci\u00eancia de classe e um sindicalismo combativo, que seja capaz de construir um programa de lutas emergencial e que aponte para a constru\u00e7\u00e3o de um futuro socialista.<\/p>\n<p>\u00c9 tarefa primordial continuar mobilizando trabalhadores, sindicatos, movimentos populares e a juventude nos locais de trabalho, moradia e estudo, nos pontos de \u00f4nibus, barcas, metr\u00f4s e trens e nas portas de f\u00e1brica, para construirmos e enraizarmos junto aos diversos setores da classe trabalhadora a urg\u00eancia das lutas.<\/p>\n<p>Tamb\u00e9m devemos manter e ampliar as manifesta\u00e7\u00f5es e as a\u00e7\u00f5es de solidariedade com os setores mais atingidos pela carestia, pela fome e pela mis\u00e9ria, fortalecer o debate program\u00e1tico com os setores organizados e com o conjunto da classe trabalhadora, construir mobiliza\u00e7\u00f5es e greves nas categorias que est\u00e3o sendo frontalmente atacadas e manter a greve geral como objetivo.<\/p>\n<p>Al\u00e9m disso, \u00e9 mais do que necess\u00e1rio trabalhar por uma CONFER\u00caNCIA\/ENCONTRO\/PLEN\u00c1RIA NACIONAL DA CLASSE TRABALHADORA, baseada na verdadeira democracia oper\u00e1ria, que convoque todos os sindicatos de trabalhadores do Brasil e que tamb\u00e9m tenha a participa\u00e7\u00e3o dos movimentos populares e da juventude, com o objetivo de analisar conjuntura, construir um programa e um calend\u00e1rio de lutas nacional, inclusive com a convoca\u00e7\u00e3o de uma greve geral para derrotar Bolsonaro e preparar a classe trabalhadora para todas lutas que vir\u00e3o, para muito al\u00e9m das elei\u00e7\u00f5es.<\/p>\n<p>Avante, camaradas!<\/p>\n<p>\u00c9 FOR\u00c7A E A\u00c7\u00c3O, AQUI \u00c9 O PARTID\u00c3O!<\/p>\n<p>Secretaria Sindical do PCB<\/p>\n","protected":false},"excerpt":{"rendered":"<a class=\"moretag\" href=\"https:\/\/pcb.org.br\/portal2\/28615\"> <\/a>","protected":false},"author":1,"featured_media":0,"comment_status":"closed","ping_status":"closed","sticky":false,"template":"","format":"standard","meta":{"jetpack_post_was_ever_published":false,"_jetpack_newsletter_access":"","_jetpack_dont_email_post_to_subs":false,"_jetpack_newsletter_tier_id":0,"_jetpack_memberships_contains_paywalled_content":false,"_jetpack_memberships_contains_paid_content":false,"footnotes":"","jetpack_publicize_message":"Pra n\u00e3o ir al\u00e9m de exig\u00eancias que as candidaturas de concilia\u00e7\u00e3o de classes possam abra\u00e7ar, essa \"Conclat\" ser\u00e1, na sua forma, um evento pontual, n\u00e3o uma confer\u00eancia democr\u00e1tica, com a discuss\u00e3o dos rumos do movimento pelos trabalhadores desde a base.","jetpack_publicize_feature_enabled":true,"jetpack_social_post_already_shared":true,"jetpack_social_options":{"image_generator_settings":{"template":"highway","default_image_id":0,"font":"","enabled":false},"version":2}},"categories":[1,31],"tags":[223,246],"class_list":["post-28615","post","type-post","status-publish","format-standard","hentry","category-geral","category-c31-unidade-classista","tag-3a","tag-np"],"jetpack_publicize_connections":[],"jetpack_featured_media_url":"","jetpack_shortlink":"https:\/\/wp.me\/p659gw-7rx","jetpack-related-posts":[],"jetpack_likes_enabled":true,"jetpack_sharing_enabled":true,"_links":{"self":[{"href":"https:\/\/pcb.org.br\/portal2\/wp-json\/wp\/v2\/posts\/28615","targetHints":{"allow":["GET"]}}],"collection":[{"href":"https:\/\/pcb.org.br\/portal2\/wp-json\/wp\/v2\/posts"}],"about":[{"href":"https:\/\/pcb.org.br\/portal2\/wp-json\/wp\/v2\/types\/post"}],"author":[{"embeddable":true,"href":"https:\/\/pcb.org.br\/portal2\/wp-json\/wp\/v2\/users\/1"}],"replies":[{"embeddable":true,"href":"https:\/\/pcb.org.br\/portal2\/wp-json\/wp\/v2\/comments?post=28615"}],"version-history":[{"count":0,"href":"https:\/\/pcb.org.br\/portal2\/wp-json\/wp\/v2\/posts\/28615\/revisions"}],"wp:attachment":[{"href":"https:\/\/pcb.org.br\/portal2\/wp-json\/wp\/v2\/media?parent=28615"}],"wp:term":[{"taxonomy":"category","embeddable":true,"href":"https:\/\/pcb.org.br\/portal2\/wp-json\/wp\/v2\/categories?post=28615"},{"taxonomy":"post_tag","embeddable":true,"href":"https:\/\/pcb.org.br\/portal2\/wp-json\/wp\/v2\/tags?post=28615"}],"curies":[{"name":"wp","href":"https:\/\/api.w.org\/{rel}","templated":true}]}}