{"id":2864,"date":"2012-05-16T15:40:02","date_gmt":"2012-05-16T15:40:02","guid":{"rendered":"http:\/\/pcb.org.br\/portal2\/?p=2864"},"modified":"2012-05-16T15:40:02","modified_gmt":"2012-05-16T15:40:02","slug":"os-comunistas-do-pcb-o-estado-e-a-corrupcao","status":"publish","type":"post","link":"https:\/\/pcb.org.br\/portal2\/2864","title":{"rendered":"OS COMUNISTAS DO PCB, O ESTADO E A CORRUP\u00c7\u00c3O"},"content":{"rendered":"\n<p>A cada dia a grande m\u00eddia explora de forma sensacionalista e superficial, os in\u00fameros e variados casos de corrup\u00e7\u00e3o que habita, parasitariamente, as estruturas do aparelho de estado. Sua exist\u00eancia n\u00e3o \u00e9 um mero desvio de car\u00e1ter, um deslize de desonestidade, corrigido pelo simples afastamento do agente p\u00fablico envolvido. A corrup\u00e7\u00e3o \u00e9 parte da estrutura da m\u00e1quina estatal no Brasil. N\u00e3o h\u00e1 a m\u00ednima possibilidade de elimin\u00e1-la, sem alterar o conte\u00fado e a forma do estado nacional, com seus viciados m\u00e9todos de decis\u00e3o e representa\u00e7\u00e3o, sangue e oxig\u00eanio da apropria\u00e7\u00e3o privada do bem p\u00fablico.<\/p>\n<p>Em uma sociedade marcada historicamente por uma brutal e sect\u00e1ria divis\u00e3o social, os setores dominantes de nossa economia, habituaram-se a se locupletar com o dinheiro p\u00fablico. O estado brasileiro \u00e9 uma extens\u00e3o de seus interesses privados e a pol\u00edtica um balc\u00e3o de negociatas empresariais, metamorfoseadas em uma falsa linguagem desenvolvimentista, que eleva o Produto Interno Bruto e agrava a desigualdade social. Heran\u00e7a de uma composi\u00e7\u00e3o mon\u00e1rquica de estado, o p\u00fablico e o privado, nunca se separaram, a Rep\u00fablica n\u00e3o proporcionou a separa\u00e7\u00e3o do legislativo, do judici\u00e1rio e do executivo, tal qual imaginaram os fil\u00f3sofos da Revolu\u00e7\u00e3o Francesa. A Liberdade, Fraternidade e Igualdade, antes aprisionada pela carcomido medievalismo, hoje tem como carcereiro o poder econ\u00f4mico de uma elite ego\u00edsta e destrutiva, incapaz de perceber a urg\u00eancia no atendimento \u00e0s demandas populares.<\/p>\n<p>A corrup\u00e7\u00e3o \u00e9 apenas mais uma evid\u00eancia do car\u00e1ter de classe do estado brasileiro. Aqueles, que por um motivo ou outro, s\u00e3o surpreendidos em suas pr\u00e1ticas, s\u00e3o meros operadores de uma din\u00e2mica. A substitui\u00e7\u00e3o do operador n\u00e3o elimina a opera\u00e7\u00e3o. \u00c9 preciso minar o sistema e sua l\u00f3gica de opera\u00e7\u00e3o presente hoje na Pol\u00edcia, na C\u00e2mara de Vereadores e Assembl\u00e9ias Legislativas, no executivo e nos tribunais. A corrup\u00e7\u00e3o \u00e9 forma privilegiada do fazer pol\u00edtica das elites brasileiras, que se apoderando do aparelho do estado, transformou as leis e a adiministra\u00e7\u00e3o p\u00fablica em t\u00e9cnicas de enriquecimento e controle.<\/p>\n<p>A disputa encarni\u00e7ada entre poucos grupos empresariaias pelo \u201cdireito\u201d de saquear a riqueza p\u00fablica, vem possibilitando as den\u00fancias de a\u00e7\u00f5es il\u00edcitas e ileg\u00edtimas, contribuindo decisivamente para agravar a crise de legimtimidade, na qual atravessa o estado e seu sistema pol\u00edtico representativo. A descren\u00e7a e indiferen\u00e7a comp\u00f5em o cen\u00e1rio da fragilizadas democracia, que leva os indiv\u00edduos \u00e1s urnas por for\u00e7a de legisla\u00e7\u00e3o, o Direito foi convertido em um mero Dever de legitimar mandatos de operadores do velhaco sistema, em uma mudan\u00e7a que garante a perman\u00eancia.<\/p>\n<p>Diante da ilegitimidade da a\u00e7\u00e3o do estado, da fal\u00eancia do Direito, enquanto princ\u00edpio do ordenamento social, da criminaliza\u00e7\u00e3o dos movimentos sociais em uma correla\u00e7l\u00e3o de for\u00e7as desfavor\u00e1vel a luta direta, atuarmos na constru\u00e7\u00e3o contra-hegem\u00f4nica passa a ser uma tarefa central. As lutas espec\u00edficas proliferam e passam a pautar, com sua pluralidade e singularidade as formas de contesta\u00e7\u00e3o social. Os movimentos que t\u00e1tica ou estrategicamente firmaram compromissos com a m\u00e1quina do estado, esvaziaram-se politicamente e vivenciam um processo de coopta\u00e7\u00e3o e domestifica\u00e7\u00e3o de suas bandeiras de lutas e palavras de ordem.<\/p>\n<p>A crise da pol\u00edtica, no entanto, \u00e9 um sintoma da grave crise social e da corros\u00e3o dos mecanismos de sociabiliza\u00e7\u00e3o formalmente estabelecidos. Estamos em dias que o Partido Pol\u00edtico despolitiza, a Escola deseduca, a Igreja transforma a f\u00e9 em mercadoria e o estado \u00e9 o capit\u00e3o do mato do mercado e seus vencedores. Na impossibilidade da reprodu\u00e7\u00e3o da vida, o banditismo social salta aos olhos, como contorno da rebeli\u00e3o social em sua forma mais primitiva.<\/p>\n<p>Fonte: <a href=\"http:\/\/www.pcbgo.com.br\/noticia.php?id=181\" target=\"_blank\">PCB\/GO<\/a><\/p>\n","protected":false},"excerpt":{"rendered":"\n\n\nCr\u00e9dito: PCB\/GO\n\n\n\n\n\n\n\n\nRobson de Moraes\n<a class=\"moretag\" href=\"https:\/\/pcb.org.br\/portal2\/2864\"> <\/a>","protected":false},"author":1,"featured_media":0,"comment_status":"open","ping_status":"open","sticky":false,"template":"","format":"standard","meta":{"jetpack_post_was_ever_published":false,"_jetpack_newsletter_access":"","_jetpack_dont_email_post_to_subs":false,"_jetpack_newsletter_tier_id":0,"_jetpack_memberships_contains_paywalled_content":false,"_jetpack_memberships_contains_paid_content":false,"footnotes":"","jetpack_publicize_message":"","jetpack_publicize_feature_enabled":true,"jetpack_social_post_already_shared":false,"jetpack_social_options":{"image_generator_settings":{"template":"highway","default_image_id":0,"font":"","enabled":false},"version":2}},"categories":[23],"tags":[],"class_list":["post-2864","post","type-post","status-publish","format-standard","hentry","category-c29-organizacao"],"jetpack_publicize_connections":[],"jetpack_featured_media_url":"","jetpack_shortlink":"https:\/\/wp.me\/p659gw-Kc","jetpack-related-posts":[],"jetpack_likes_enabled":true,"jetpack_sharing_enabled":true,"_links":{"self":[{"href":"https:\/\/pcb.org.br\/portal2\/wp-json\/wp\/v2\/posts\/2864","targetHints":{"allow":["GET"]}}],"collection":[{"href":"https:\/\/pcb.org.br\/portal2\/wp-json\/wp\/v2\/posts"}],"about":[{"href":"https:\/\/pcb.org.br\/portal2\/wp-json\/wp\/v2\/types\/post"}],"author":[{"embeddable":true,"href":"https:\/\/pcb.org.br\/portal2\/wp-json\/wp\/v2\/users\/1"}],"replies":[{"embeddable":true,"href":"https:\/\/pcb.org.br\/portal2\/wp-json\/wp\/v2\/comments?post=2864"}],"version-history":[{"count":0,"href":"https:\/\/pcb.org.br\/portal2\/wp-json\/wp\/v2\/posts\/2864\/revisions"}],"wp:attachment":[{"href":"https:\/\/pcb.org.br\/portal2\/wp-json\/wp\/v2\/media?parent=2864"}],"wp:term":[{"taxonomy":"category","embeddable":true,"href":"https:\/\/pcb.org.br\/portal2\/wp-json\/wp\/v2\/categories?post=2864"},{"taxonomy":"post_tag","embeddable":true,"href":"https:\/\/pcb.org.br\/portal2\/wp-json\/wp\/v2\/tags?post=2864"}],"curies":[{"name":"wp","href":"https:\/\/api.w.org\/{rel}","templated":true}]}}