{"id":28687,"date":"2022-04-15T14:40:17","date_gmt":"2022-04-15T17:40:17","guid":{"rendered":"https:\/\/pcb.org.br\/portal2\/?p=28687"},"modified":"2022-04-15T14:40:17","modified_gmt":"2022-04-15T17:40:17","slug":"violencia-na-colombia-tem-aumento-de-621","status":"publish","type":"post","link":"https:\/\/pcb.org.br\/portal2\/28687","title":{"rendered":"Viol\u00eancia na Col\u00f4mbia tem aumento de 621%"},"content":{"rendered":"<p style=\"padding-left: 40px;\"><img data-recalc-dims=\"1\" height=\"498\" width=\"747\" decoding=\"async\" class=\"imagem\" title=\"imagem\" src=\"https:\/\/i0.wp.com\/revistaopera.com.br\/wp-content\/uploads\/2022\/04\/pera-5-768x512.jpeg?resize=747%2C498&#038;ssl=1\" alt=\"imagem\" \/><!--more--><\/p>\n<p><strong>Por Camilo Rengifo Mar\u00edn | CLAE \u2013 Tradu\u00e7\u00e3o de Pedro Marin para a Revista Opera<\/strong><\/p>\n<p><em>Segundo escrit\u00f3rio da ONU, 274 mil pessoas j\u00e1 foram afetadas por viol\u00eancia este ano na Col\u00f4mbia, e 13 mil sofreram deslocamentos for\u00e7ados. Com 30 massacres em tr\u00eas meses, &#8220;falsos positivos&#8221; continuam.<\/em><\/p>\n<p>Em meio \u00e0 campanha eleitoral para a presid\u00eancia, \u00e0 grave crise estrutural e \u00e0 emerg\u00eancia sanit\u00e1ria pelo coronav\u00edrus, a viol\u00eancia na Col\u00f4mbia segue sendo um fator cr\u00edtico: um informe das Na\u00e7\u00f5es Unidas destacou que, nos primeiros dois meses de 2022, mais de 274 mil pessoas foram afetadas pela viol\u00eancia, em um aumento de 621% em rela\u00e7\u00e3o ao mesmo per\u00edodo do ano anterior.<\/p>\n<p>Enquanto isso, o Instituto de Estudos para o Desenvolvimento e a Paz (Indepaz) denunciou diversos crimes contra l\u00edderes sociais, ex-combatentes e a popula\u00e7\u00e3o civil: nos tr\u00eas meses transcorridos em 2022, a Col\u00f4mbia j\u00e1 registrou 30 massacres.<\/p>\n<p>No dia 28 de mar\u00e7o, no munic\u00edpio de Uribia, no departamento de La Guajira, no norte do pa\u00eds, tr\u00eas ind\u00edgenas way\u00fau foram assassinados. A Defensoria P\u00fablica denunciou a presen\u00e7a e atua\u00e7\u00e3o de grupos do crime organizado binacionais (colombiano-venezuelanos) na fronteira mar\u00edtima, em presumida alian\u00e7a com habitantes da regi\u00e3o vinculados ao narcotr\u00e1fico.<\/p>\n<p>Durante 2021, o Indepez contabilizou 114 massacres e destacou que ao menos 198 l\u00edderes sociais foram assassinados, totalizando 1284 dirigentes mortos desde a assinatura dos Acordos de Paz em 2016. Acrescentou ainda que em mar\u00e7o 15 l\u00edderes sociais foram v\u00edtimas de homic\u00eddio. Desde a assinatura do Acordo de Paz entre o governo colombiano e a ent\u00e3o guerrilha das FARC-EP, foram registrados 1334 assassinatos de homens e mulheres.<\/p>\n<p>Os assassinatos em mar\u00e7o ocorreram nos departamentos de Bol\u00edvar, Boyac\u00e1, Choc\u00f3, Chaquet\u00e1, Cuaca, Putumayo, Norte de Santander, Ilha de San Andr\u00e9s e Tolima. Desde 2016, o Indepaz registrou 310 assassinatos contra assinantes do processo de paz, onze dos quais ocorridos neste ano.<\/p>\n<p>O Escrit\u00f3rio para a Coordena\u00e7\u00e3o de Assuntos Humanit\u00e1rios das Na\u00e7\u00f5es Unidas (OCHA), por sua vez, revelou que nos primeiros dois meses de 2022, mais de 274 mil pessoas foram afetadas por din\u00e2micas associadas \u00e0 viol\u00eancia armada, o que representa um aumento de 621% em compara\u00e7\u00e3o com o mesmo per\u00edodo de 2021, e alertou que ao menos 13 mil colombianos foram for\u00e7ados ao deslocamento interno neste ano.<\/p>\n<p>A OCHA advertiu que, para este ano, se espera que \u201ca situa\u00e7\u00e3o humanit\u00e1ria do pa\u00eds continuar\u00e1 sendo complexa e afetar\u00e1 as popula\u00e7\u00f5es mais vulner\u00e1veis do pa\u00eds face o per\u00edodo eleitoral e as defasagens socioecon\u00f4micas da pandemia. N\u00e3o se pode perder de vista as emerg\u00eancias de menor magnitude que h\u00e1 no centro-sul do pa\u00eds, dado que s\u00e3o zonas utilizadas como rotas de cultivos il\u00edcitos\u201d.<\/p>\n<p>De acordo com a organiza\u00e7\u00e3o internacional, o aumento deste \u00edndice corresponde a diversos fatores, como a disputa entre grupos armados que afeta as popula\u00e7\u00f5es.<\/p>\n<p>O informe aponta, ainda, que h\u00e1 relatos de pessoas que sa\u00edram da Venezuela para a Col\u00f4mbia em fun\u00e7\u00e3o de enfrentamentos na fronteira. \u201cA situa\u00e7\u00e3o humanit\u00e1ria destes territ\u00f3rios da zona de fronteira com a Venezuela e do Pac\u00edfico se tornou mais complexa, devido \u00e0 disputa territorial exercida por diversos Grupos Armados N\u00e3o-Estatais (GANE). A popula\u00e7\u00e3o destes territ\u00f3rios enfrentou emerg\u00eancias devido ao deslocamento\u201d.<\/p>\n<p>Em janeiro foram 25 emerg\u00eancias por deslocamentos massivos, nas quais mais de 12 mil pessoas foram for\u00e7adas a deixar seus territ\u00f3rios, enquanto que em fevereiro foram onze casos. \u201cAs fam\u00edlias deslocadas relatam amea\u00e7as de recrutamento for\u00e7ado e em alguns casos o uso de suas casas como escudos de guerra em meio aos enfrentamentos\u201d, indica o relat\u00f3rio.<\/p>\n<p>Al\u00e9m disso, o relat\u00f3rio aponta que alguns dos deslocados se negam a relatarem seus flagelos, por temerem retalia\u00e7\u00f5es, j\u00e1 que uma grande porcentagem das v\u00edtimas retorna a seus territ\u00f3rios sem garantias de prote\u00e7\u00e3o nem condi\u00e7\u00f5es adequadas de seguran\u00e7a.<\/p>\n<p>Durante este ano, a Defensoria P\u00fablica publicou cinco alertas pr\u00e9vios relacionados aos riscos de deslocamento for\u00e7ado, sendo \u201cas mulheres, crian\u00e7as e adolescentes, pessoas com orienta\u00e7\u00e3o sexual e identidade de g\u00eanero diversas, comunidades afrodescendentes e ind\u00edgenas, pessoas em processo de reintegra\u00e7\u00e3o, l\u00edderes sociais e defensores de direitos humanos as principais popula\u00e7\u00f5es em risco\u201d.<\/p>\n<p>A ONU indicou que durante os dois primeiros meses do ano foram reportadas 48 mil pessoas em situa\u00e7\u00e3o de confinamento, das quais 87% est\u00e3o em Choc\u00f3, um aumento de 394% em rela\u00e7\u00e3o ao mesmo per\u00edodo do ano anterior.<\/p>\n<p>\u201cO confinamento se apresenta como uma estrat\u00e9gia de autoprote\u00e7\u00e3o das comunidades que ficam no meio do fogo cruzado e que sofrem com a contamina\u00e7\u00e3o por artefatos explosivos. Na maioria dos casos, as condi\u00e7\u00f5es de seguran\u00e7a n\u00e3o s\u00e3o suficientes para que se realizem miss\u00f5es de verifica\u00e7\u00e3o e\/ou entregas humanit\u00e1rias, raz\u00e3o pela qual muitos dos confinamentos ficam invisibilizados nas cifras oficiais\u201d, explicou.<\/p>\n<p>Seguem os falsos positivos<br \/>\nNo povoado de El Remanso, no munic\u00edpio de Puerto Legu\u00edzamo, no departamento de Putumayo, o Comando Contra o Narcotr\u00e1fico e Amea\u00e7as Transnacionais, dirigido pelo major-general Edgar Alberto Rodriguez, executou um novo massacre, apresentado como um combate entre um grupo remanescente das FARC-EP organizado na Frente 48. O alto oficial \u00e9 alvo de acusa\u00e7\u00f5es por sua participa\u00e7\u00e3o em 73 execu\u00e7\u00f5es extrajudiciais ou \u201cfalsos positivos\u201d.<\/p>\n<p>As v\u00edtimas foram o presidente da Junta de A\u00e7\u00e3o Comunal do povoado, Didier Hern\u00e1ndez Rojas, sua esposa Ana Mar\u00eda Sarria, o governador do Conselho Kichwa Pablo Panduro Coquinche, um menor de 16 anos, Oscar Olivo Yela, e duas pessoas conhecidas como Peque\u00f1o e Cu\u00e9llar, al\u00e9m dos feridos Willinton Gal\u00edndez, Vanesa Rivadeneira Reyes e Nora Andrade, que participavam de um bazar comunit\u00e1rio.<\/p>\n<p>A opera\u00e7\u00e3o foi financiada por m\u00e1fias ligadas ao narcotr\u00e1fico de reconhecidos criminosos como Ara\u00f1a (Giovany Andr\u00e9s Rojas) e Alacr\u00e1n (Victor Pati\u00f1o Fomeque), com flu\u00eddas e abundantes rela\u00e7\u00f5es com oficiais, suboficiais e soldados dos diversos ramos das For\u00e7as Armadas, a quem contribuem com cifras milion\u00e1rias de dinheiro e propriedades de luxo em Bogot\u00e1 e Medell\u00edn.<\/p>\n<p>A Defensoria P\u00fablica, a popula\u00e7\u00e3o do munic\u00edpio e do povoado e organiza\u00e7\u00f5es de direitos humanos apontaram que se trata de um \u201cfalso positivo\u201d contra civis desarmados, apresentados como guerrilheiros mortos em combate.<\/p>\n<p>A Organiza\u00e7\u00e3o Nacional dos Povos Ind\u00edgenas da Amaz\u00f4nia Colombiana (Opiac) denunciou que \u201ceram civis, n\u00e3o guerrilheiros\u201d as onze pessoas mortas. A comunidade destacou que o bazar era feito para coletar fundos que seriam usados para atender as necessidades do povoado, e que foram levantados 11 milh\u00f5es de pesos colombianos (cerca de 13 mil reais), que desapareceram nas m\u00e3os dos soldados.<\/p>\n<p>O analista Horacio Duque destaca que, \u201capesar da grave den\u00fancia, que volta a p\u00f4r foco sobre o dantesco cap\u00edtulo dos \u2018falsos positivos\u2019, o governo uribista de Iv\u00e1n Duque descartou imediatamente qualquer irregularidade. O irrespons\u00e1vel ministro da Defesa, o uribista Diego Molano, respondeu em suas redes sociais: \u2018a opera\u00e7\u00e3o n\u00e3o foi contra camponeses, e sim contra dissid\u00eancias das FARC. N\u00e3o foi contra inocentes ind\u00edgenas, mas contra narcococaleiros\u2019. Mas crescem as d\u00favidas sobre a vers\u00e3o entregada pela For\u00e7a P\u00fablica do general Rodriguez\u201d.<\/p>\n<p>Enquanto a viol\u00eancia n\u00e3o diminui, organiza\u00e7\u00f5es, comunidades e v\u00edtimas insistem para que os Acordos de Paz sejam integralmente cumpridos. Esse acordo, e outros Acordos Humanit\u00e1rios que sejam feitos com outros grupos armados, ser\u00e3o chave para o candidato ou a candidata que assuma a presid\u00eancia da Col\u00f4mbia em agosto.<\/p>\n<p>[Na foto: Militar da Col\u00f4mbia durante competi\u00e7\u00e3o de tiro de fuzil na Academia Militar de West Point, nos Estados Unidos. Foto: CDT Robert Norwood \/ U.S. Army)]<\/p>\n","protected":false},"excerpt":{"rendered":"<a class=\"moretag\" href=\"https:\/\/pcb.org.br\/portal2\/28687\"> <\/a>","protected":false},"author":1,"featured_media":0,"comment_status":"closed","ping_status":"closed","sticky":false,"template":"","format":"standard","meta":{"jetpack_post_was_ever_published":false,"_jetpack_newsletter_access":"","_jetpack_dont_email_post_to_subs":false,"_jetpack_newsletter_tier_id":0,"_jetpack_memberships_contains_paywalled_content":false,"_jetpack_memberships_contains_paid_content":false,"footnotes":"","jetpack_publicize_message":"Segundo escrit\u00f3rio da ONU, 274 mil pessoas j\u00e1 foram afetadas por viol\u00eancia este ano na Col\u00f4mbia, e 13 mil sofreram deslocamentos for\u00e7ados. Com 30 massacres em tr\u00eas meses, \"falsos positivos\" continuam.","jetpack_publicize_feature_enabled":true,"jetpack_social_post_already_shared":true,"jetpack_social_options":{"image_generator_settings":{"template":"highway","default_image_id":0,"font":"","enabled":false},"version":2}},"categories":[1],"tags":[227],"class_list":["post-28687","post","type-post","status-publish","format-standard","hentry","category-geral","tag-5a"],"jetpack_publicize_connections":[],"jetpack_featured_media_url":"","jetpack_shortlink":"https:\/\/wp.me\/p659gw-7sH","jetpack-related-posts":[],"jetpack_likes_enabled":true,"jetpack_sharing_enabled":true,"_links":{"self":[{"href":"https:\/\/pcb.org.br\/portal2\/wp-json\/wp\/v2\/posts\/28687","targetHints":{"allow":["GET"]}}],"collection":[{"href":"https:\/\/pcb.org.br\/portal2\/wp-json\/wp\/v2\/posts"}],"about":[{"href":"https:\/\/pcb.org.br\/portal2\/wp-json\/wp\/v2\/types\/post"}],"author":[{"embeddable":true,"href":"https:\/\/pcb.org.br\/portal2\/wp-json\/wp\/v2\/users\/1"}],"replies":[{"embeddable":true,"href":"https:\/\/pcb.org.br\/portal2\/wp-json\/wp\/v2\/comments?post=28687"}],"version-history":[{"count":0,"href":"https:\/\/pcb.org.br\/portal2\/wp-json\/wp\/v2\/posts\/28687\/revisions"}],"wp:attachment":[{"href":"https:\/\/pcb.org.br\/portal2\/wp-json\/wp\/v2\/media?parent=28687"}],"wp:term":[{"taxonomy":"category","embeddable":true,"href":"https:\/\/pcb.org.br\/portal2\/wp-json\/wp\/v2\/categories?post=28687"},{"taxonomy":"post_tag","embeddable":true,"href":"https:\/\/pcb.org.br\/portal2\/wp-json\/wp\/v2\/tags?post=28687"}],"curies":[{"name":"wp","href":"https:\/\/api.w.org\/{rel}","templated":true}]}}