{"id":28721,"date":"2022-04-29T18:38:15","date_gmt":"2022-04-29T21:38:15","guid":{"rendered":"https:\/\/pcb.org.br\/portal2\/?p=28721"},"modified":"2022-04-29T18:38:15","modified_gmt":"2022-04-29T21:38:15","slug":"a-hora-da-paz-e-do-nao-alinhamento","status":"publish","type":"post","link":"https:\/\/pcb.org.br\/portal2\/28721","title":{"rendered":"A hora da paz e do n\u00e3o-alinhamento"},"content":{"rendered":"<p style=\"padding-left: 40px;\"><img data-recalc-dims=\"1\" decoding=\"async\" class=\"imagem\" title=\"imagem\" src=\"https:\/\/i0.wp.com\/revistaopera.com.br\/wp-content\/uploads\/2022\/04\/pera-10-e1651017592959.jpeg?w=747&#038;ssl=1\" alt=\"imagem\" \/><!--more--><\/p>\n<p><strong>Por Roger McKenzie e Vijay Prashad | Globetrotter \u2013 Tradu\u00e7\u00e3o de Pedro Marin para a <a href=\"https:\/\/revistaopera.com.br\/2022\/04\/26\/a-hora-da-paz-e-do-nao-alinhamento\/\">Revista Opera<\/a><\/strong><\/p>\n<p><em>A maioria dos pa\u00edses que votaram contra a condena\u00e7\u00e3o da R\u00fassia n\u00e3o o fizeram porque apoiam a guerra da R\u00fassia na Ucr\u00e2nia, mas porque reconhecem que a polariza\u00e7\u00e3o \u00e9 um erro fatal.<\/em><\/p>\n<p>A guerra \u00e9 uma das faces feias da experi\u00eancia humana. Tudo nela \u00e9 medonho. Ela \u00e9 o ato mais \u00f3bvio de invas\u00e3o e brutalidade, aspectos que sempre acompanham suas opera\u00e7\u00f5es. Nenhuma guerra \u00e9 precisa; toda guerra atinge civis. Cada ato de bombardeio provoca um estremecimento neurol\u00f3gico na sociedade.<\/p>\n<p>A Segunda Guerra Mundial deu mostra desse horror no Holocausto e no bombardeio at\u00f4mico de Hiroshima e Nagasaki. A partir do Holocausto e de Hiroshima, cresceram dois poderosos movimentos, um pela paz e contra os perigos de mais ataques nucleares, e outro pelo fim da divis\u00e3o da humanidade e pelo n\u00e3o-alinhamento a essa divis\u00e3o. O Apelo de Estocolmo de 1950, assinado por 300 milh\u00f5es de pessoas, demandou um banimento absoluto das armas nucleares. Cinco anos depois, 29 pa\u00edses da \u00c1frica e da \u00c1sia, representando 54% da popula\u00e7\u00e3o mundial, se reuniram em Bandung, na Indon\u00e9sia, para assinar um documento de dez pontos contra a guerra e pela \u201cpromo\u00e7\u00e3o dos interesses m\u00fatuos e a coopera\u00e7\u00e3o\u201d. O espectro de Bandung se orientava \u00e0 paz e ao n\u00e3o-alinhamento, para que os povos do mundo centrassem seus esfor\u00e7os em construir um processo de erradica\u00e7\u00e3o dos seus fardos hist\u00f3ricos (analfabetismo, doen\u00e7a, fome) fazendo uso de sua riqueza social. Por que gastar dinheiro em armas nucleares quando o dinheiro deveria ser gasto em salas de aula e hospitais?<\/p>\n<p>Apesar dos grandes ganhos de muitas das novas na\u00e7\u00f5es que haviam emergido do colonialismo, a for\u00e7a esmagadora dos antigos poderes coloniais impediram que o esp\u00edrito de Bandung definisse a hist\u00f3ria humana. Ao inv\u00e9s disso, a civiliza\u00e7\u00e3o da guerra prevaleceu. Essa civiliza\u00e7\u00e3o da guerra \u00e9 revelada no maci\u00e7o gasto de riquezas humanas na produ\u00e7\u00e3o de for\u00e7as armadas \u2013 suficiente para destruir centenas de planetas \u2013 e no uso dessas for\u00e7as armadas como uma primeira op\u00e7\u00e3o para resolver disputas. Desde os anos 1950, o campo de batalha dessas ambi\u00e7\u00f5es n\u00e3o foi a Europa ou a Am\u00e9rica do Norte, mas a \u00c1frica, a \u00c1sia e a Am\u00e9rica Latina \u2013 \u00e1reas do mundo onde a vida humana \u00e9 menos importante para as retr\u00f3gradas sensibilidades coloniais. Essa divis\u00e3o internacional da humanidade \u2013 que predica que a guerra no I\u00eamen \u00e9 normal, ao passo que a guerra na Ucr\u00e2nia \u00e9 terr\u00edvel \u2013 \u00e9 definidora de nossos tempos. H\u00e1 40 guerras ocorrendo em todo o mundo; \u00e9 necess\u00e1rio vontade pol\u00edtica para p\u00f4r fim a cada uma delas, n\u00e3o somente \u00e0quelas acontecendo na Europa. A bandeira ucraniana \u00e9 onipresente no Ocidente; quais s\u00e3o as cores da bandeira iemenita, da bandeira saharaui e da bandeira somali?<\/p>\n<p>Retornar \u00e0 paz, retornar ao n\u00e3o-alinhamento<br \/>\nSomos soterrados nesses dias com certezas que parecem cada vez mais irreais. \u00c0 medida que a guerra da R\u00fassia na Ucr\u00e2nia continua, \u00e9 fortalecida a desconcertante vis\u00e3o de que negocia\u00e7\u00f5es s\u00e3o f\u00fateis. Essa vis\u00e3o circula at\u00e9 mesmo entre pessoas de mentalidade razo\u00e1vel, que concordam que todas as guerras devem acabar por meio de negocia\u00e7\u00f5es. Se esse \u00e9 o caso, por que n\u00e3o fazer um chamado por um cessar-fogo imediato, e construir a confian\u00e7a necess\u00e1ria para avan\u00e7ar negocia\u00e7\u00f5es? Negocia\u00e7\u00f5es s\u00f3 s\u00e3o vi\u00e1veis se houver respeito de todas as partes, e se houver uma tentativa de entendimento do fato de que todos os lados em um conflito militar t\u00eam demandas razo\u00e1veis. Ou seja, pintar essa guerra como um capricho do presidente russo Vladimir Putin \u00e9 parte do exerc\u00edcio da guerra permanente. Garantias de seguran\u00e7a \u00e0 Ucr\u00e2nia s\u00e3o necess\u00e1rias, mas tamb\u00e9m s\u00e3o necess\u00e1rias \u00e0 R\u00fassia, o que incluiria um retorno a um regime internacional de controle de armas s\u00e9rio.<\/p>\n<p>A paz n\u00e3o vir\u00e1 somente porque a desejamos. Ela requer uma luta nas trincheiras das ideias e das institui\u00e7\u00f5es. As for\u00e7as pol\u00edticas no poder lucram com a guerra, por isso trajam seu chauvinismo para melhor representar os negociantes de armas que querem mais guerra, n\u00e3o menos. A essas pessoas, em seus burocr\u00e1ticos ternos azuis, n\u00e3o devemos confiar o futuro do mundo. Elas falham conosco no que se refere \u00e0 cat\u00e1strofe clim\u00e1tica; falham conosco quando se trata da pandemia; elas falhar\u00e3o conosco no que tange \u00e0 constru\u00e7\u00e3o da paz. Precisamos reavivar os velhos espectros da paz e do n\u00e3o-alinhamento para coloc\u00e1-los em voga nos movimentos de massa, que s\u00e3o a \u00fanica esperan\u00e7a desse planeta.<\/p>\n<p>N\u00e3o \u00e9 um passo meramente sentimental voltar ao passado para dar vida ao Movimento dos N\u00e3o-Alinhados hoje. As contradi\u00e7\u00f5es do presente j\u00e1 levantaram o espectro do n\u00e3o-alinhamento em partes da \u00c1frica, \u00c1sia e Am\u00e9rica Latina. A maioria desses pa\u00edses votou contra a condena\u00e7\u00e3o da R\u00fassia n\u00e3o porque apoiem a guerra da R\u00fassia na Ucr\u00e2nia, mas porque reconhecem que a polariza\u00e7\u00e3o \u00e9 um erro fatal. O que necessitamos \u00e9 uma alternativa aos dois campos mundiais da Guerra Fria. Esta \u00e9 a raz\u00e3o pela qual os l\u00edderes de muitos desses pa\u00edses \u2013 do presidente chin\u00eas Xi Jinping ao primeiro-ministro indiano Narendra Modi, passando pelo presidente sul-africano Cyril Ramaphosa \u2013 fizeram um apelo, apesar de suas orienta\u00e7\u00f5es pol\u00edticas bastante divergentes, por uma supera\u00e7\u00e3o da \u201cmentalidade da Guerra Fria\u201d. Eles j\u00e1 est\u00e3o dando passos em dire\u00e7\u00e3o a uma plataforma n\u00e3o-alinhada. \u00c9 esse movimento da hist\u00f3ria que nos provoca a refletir sobre um retorno aos conceitos do n\u00e3o-alinhamento e da paz.<\/p>\n<p>Ningu\u00e9m quer imaginar as implica\u00e7\u00f5es totais de um cerco \u00e0 China e \u00e0 R\u00fassia pelos Estados Unidos e seus aliados. At\u00e9 pa\u00edses que s\u00e3o aliados pr\u00f3ximos dos Estados Unidos \u2013 como a Alemanha e o Jap\u00e3o \u2013 reconhecem que se uma nova cortina de ferro for posta ao redor da China e da R\u00fassia, ela seria fatal para seus pr\u00f3prios pa\u00edses. A guerra e as san\u00e7\u00f5es j\u00e1 criaram s\u00e9rias crises pol\u00edticas em Honduras, Paquist\u00e3o, Peru, Sri Lanka, com a expectativa de mais crises \u00e0 medida que os pre\u00e7os dos alimentos e combust\u00edveis cres\u00e7am astronomicamente. A guerra \u00e9 muito cara para as na\u00e7\u00f5es pobres. Os gastos da guerra est\u00e3o comendo o esp\u00edrito humano, e a pr\u00f3pria guerra tem aumentado o sentimento de desespero dos povos.<\/p>\n<p>Os guerristas s\u00e3o idealistas. As guerras deles n\u00e3o resolvem os maiores dilemas da humanidade. As ideias de n\u00e3o-alinhamento e paz, por outro lado, s\u00e3o realistas; elas oferecem respostas \u00e0s crian\u00e7as que querem comer e aprender, brincar e sonhar.<\/p>\n<p>[Na foto: Soldado ucraniano dispara durante a chamada &#8220;opera\u00e7\u00e3o antiterrorista&#8221; no leste da Ucr\u00e2nia em abril de 2015.<br \/>\n(Foto: Noah Brooks \/ Minist\u00e9rio da Defesa da Ucr\u00e2nia)]<\/p>\n","protected":false},"excerpt":{"rendered":"<a class=\"moretag\" href=\"https:\/\/pcb.org.br\/portal2\/28721\"> <\/a>","protected":false},"author":1,"featured_media":0,"comment_status":"closed","ping_status":"closed","sticky":false,"template":"","format":"standard","meta":{"jetpack_post_was_ever_published":false,"_jetpack_newsletter_access":"","_jetpack_dont_email_post_to_subs":false,"_jetpack_newsletter_tier_id":0,"_jetpack_memberships_contains_paywalled_content":false,"_jetpack_memberships_contains_paid_content":false,"footnotes":"","jetpack_publicize_message":"A maioria dos pa\u00edses que votaram contra a condena\u00e7\u00e3o da R\u00fassia n\u00e3o o fizeram porque apoiam a guerra da R\u00fassia na Ucr\u00e2nia, mas porque reconhecem que a polariza\u00e7\u00e3o \u00e9 um erro fatal.","jetpack_publicize_feature_enabled":true,"jetpack_social_post_already_shared":true,"jetpack_social_options":{"image_generator_settings":{"template":"highway","default_image_id":0,"font":"","enabled":false},"version":2}},"categories":[1],"tags":[233],"class_list":["post-28721","post","type-post","status-publish","format-standard","hentry","category-geral","tag-6a"],"jetpack_publicize_connections":[],"jetpack_featured_media_url":"","jetpack_shortlink":"https:\/\/wp.me\/p659gw-7tf","jetpack-related-posts":[],"jetpack_likes_enabled":true,"jetpack_sharing_enabled":true,"_links":{"self":[{"href":"https:\/\/pcb.org.br\/portal2\/wp-json\/wp\/v2\/posts\/28721","targetHints":{"allow":["GET"]}}],"collection":[{"href":"https:\/\/pcb.org.br\/portal2\/wp-json\/wp\/v2\/posts"}],"about":[{"href":"https:\/\/pcb.org.br\/portal2\/wp-json\/wp\/v2\/types\/post"}],"author":[{"embeddable":true,"href":"https:\/\/pcb.org.br\/portal2\/wp-json\/wp\/v2\/users\/1"}],"replies":[{"embeddable":true,"href":"https:\/\/pcb.org.br\/portal2\/wp-json\/wp\/v2\/comments?post=28721"}],"version-history":[{"count":0,"href":"https:\/\/pcb.org.br\/portal2\/wp-json\/wp\/v2\/posts\/28721\/revisions"}],"wp:attachment":[{"href":"https:\/\/pcb.org.br\/portal2\/wp-json\/wp\/v2\/media?parent=28721"}],"wp:term":[{"taxonomy":"category","embeddable":true,"href":"https:\/\/pcb.org.br\/portal2\/wp-json\/wp\/v2\/categories?post=28721"},{"taxonomy":"post_tag","embeddable":true,"href":"https:\/\/pcb.org.br\/portal2\/wp-json\/wp\/v2\/tags?post=28721"}],"curies":[{"name":"wp","href":"https:\/\/api.w.org\/{rel}","templated":true}]}}