{"id":28759,"date":"2022-05-10T14:01:58","date_gmt":"2022-05-10T17:01:58","guid":{"rendered":"https:\/\/pcb.org.br\/portal2\/?p=28759"},"modified":"2022-05-10T14:01:58","modified_gmt":"2022-05-10T17:01:58","slug":"em-defesa-dos-povos-originarios-da-america-latina","status":"publish","type":"post","link":"https:\/\/pcb.org.br\/portal2\/28759","title":{"rendered":"Em defesa dos povos origin\u00e1rios da Am\u00e9rica Latina!"},"content":{"rendered":"<p><img data-recalc-dims=\"1\" decoding=\"async\" class=\"imagem\" title=\"imagem\" src=\"https:\/\/i0.wp.com\/lavrapalavra.com\/wp-content\/uploads\/2015\/08\/WhatsApp-Image-2022-05-10-at-13.45.15.jpeg?w=747&#038;ssl=1\" alt=\"imagem\" \/><!--more--><\/p>\n<p>Dia 20 de maio, sexta, \u00e0s 20h, lan\u00e7amento do Manifesto Internacional em defesa dos povos origin\u00e1rios da Am\u00e9rica Latina. No Canal do Poder Popular<\/p>\n<p>O Partido Comunista Brasileiro e os Partidos Comunistas da Guatemala, Panam\u00e1, Chile, Bol\u00edvia, Venezuela e Equador, convidam a todos os camaradas, companheiros e amigos a participarem do lan\u00e7amento do manifesto em defesa da luta e direitos dos povos origin\u00e1rios da Am\u00e9rica Latina, iniciativa inaugural que pretende agregar os esfor\u00e7os desses e outros partidos irm\u00e3os no cen\u00e1rio da luta internacionalista anticapitalista e anti-imperialista, na certeza de que somente com a supera\u00e7\u00e3o do capitalismo e a constru\u00e7\u00e3o de uma sociedade socialista se poder\u00e1 de fato avan\u00e7ar na conquista e consolida\u00e7\u00e3o dos direitos dos povos ind\u00edgenas das Am\u00e9ricas e do mundo.<\/p>\n<p>Los partidos comunistas de pa\u00edses como Brasil, Guatemala, Panam\u00e1, Chile, Bolivia, Venezuela y Ecuador invitan a todos los camaradas, compa\u00f1eros y amigos a participar del lanzamiento del manifiesto en defensa de la lucha y de los derechos de los pueblos ind\u00edgenas de Am\u00e9rica Latina, una iniciativa inaugural que busca sumar los esfuerzos de estos y otros partidos hermanos en el escenario de la lucha internacionalista, anticapitalista y antiimperialista, en la certeza de que s\u00f3lo con la superaci\u00f3n del capitalismo y la construcci\u00f3n de una sociedad socialista ser\u00e1 posible, de hecho, avanzar en la conquista y consolidaci\u00f3n de los derechos de los pueblos ind\u00edgenas de las Am\u00e9ricas y del mundo.<\/p>\n<p><span class=\"embed-youtube\" style=\"text-align:center; display: block;\"><iframe loading=\"lazy\" class=\"youtube-player\" width=\"747\" height=\"421\" src=\"https:\/\/www.youtube.com\/embed\/oVb9k7Z8-nE?version=3&#038;rel=1&#038;showsearch=0&#038;showinfo=1&#038;iv_load_policy=1&#038;fs=1&#038;hl=pt-BR&#038;autohide=2&#038;wmode=transparent\" allowfullscreen=\"true\" style=\"border:0;\" sandbox=\"allow-scripts allow-same-origin allow-popups allow-presentation allow-popups-to-escape-sandbox\"><\/iframe><\/span><\/p>\n","protected":false},"excerpt":{"rendered":"<a class=\"moretag\" href=\"https:\/\/pcb.org.br\/portal2\/28759\"> <\/a>","protected":false},"author":1,"featured_media":0,"comment_status":"closed","ping_status":"closed","sticky":false,"template":"","format":"standard","meta":{"jetpack_post_was_ever_published":false,"_jetpack_newsletter_access":"","_jetpack_dont_email_post_to_subs":false,"_jetpack_newsletter_tier_id":0,"_jetpack_memberships_contains_paywalled_content":false,"_jetpack_memberships_contains_paid_content":false,"footnotes":"","jetpack_publicize_message":"Em defesa dos povos origin\u00e1rios da Am\u00e9rica Latina!","jetpack_publicize_feature_enabled":true,"jetpack_social_post_already_shared":true,"jetpack_social_options":{"image_generator_settings":{"template":"highway","default_image_id":0,"font":"","enabled":false},"version":2}},"categories":[1],"tags":[226],"class_list":["post-28759","post","type-post","status-publish","format-standard","hentry","category-geral","tag-4b"],"jetpack_publicize_connections":[],"jetpack_featured_media_url":"","jetpack_shortlink":"https:\/\/wp.me\/p659gw-7tR","jetpack-related-posts":[],"jetpack_likes_enabled":true,"jetpack_sharing_enabled":true,"_links":{"self":[{"href":"https:\/\/pcb.org.br\/portal2\/wp-json\/wp\/v2\/posts\/28759","targetHints":{"allow":["GET"]}}],"collection":[{"href":"https:\/\/pcb.org.br\/portal2\/wp-json\/wp\/v2\/posts"}],"about":[{"href":"https:\/\/pcb.org.br\/portal2\/wp-json\/wp\/v2\/types\/post"}],"author":[{"embeddable":true,"href":"https:\/\/pcb.org.br\/portal2\/wp-json\/wp\/v2\/users\/1"}],"replies":[{"embeddable":true,"href":"https:\/\/pcb.org.br\/portal2\/wp-json\/wp\/v2\/comments?post=28759"}],"version-history":[{"count":0,"href":"https:\/\/pcb.org.br\/portal2\/wp-json\/wp\/v2\/posts\/28759\/revisions"}],"wp:attachment":[{"href":"https:\/\/pcb.org.br\/portal2\/wp-json\/wp\/v2\/media?parent=28759"}],"wp:term":[{"taxonomy":"category","embeddable":true,"href":"https:\/\/pcb.org.br\/portal2\/wp-json\/wp\/v2\/categories?post=28759"},{"taxonomy":"post_tag","embeddable":true,"href":"https:\/\/pcb.org.br\/portal2\/wp-json\/wp\/v2\/tags?post=28759"}],"curies":[{"name":"wp","href":"https:\/\/api.w.org\/{rel}","templated":true}]}}