{"id":28763,"date":"2022-05-11T10:08:36","date_gmt":"2022-05-11T13:08:36","guid":{"rendered":"https:\/\/pcb.org.br\/portal2\/?p=28763"},"modified":"2022-05-21T15:31:31","modified_gmt":"2022-05-21T18:31:31","slug":"toda-solidariedade-a-rita-von-hunty","status":"publish","type":"post","link":"https:\/\/pcb.org.br\/portal2\/28763","title":{"rendered":"Toda solidariedade a Rita von Hunty!"},"content":{"rendered":"<p><img data-recalc-dims=\"1\" decoding=\"async\" class=\"imagem\" title=\"imagem\" src=\"https:\/\/i0.wp.com\/lavrapalavra.com\/wp-content\/uploads\/2015\/08\/rita-von-hunty.jpg?w=747&#038;ssl=1\" alt=\"imagem\" \/><!--more--><\/p>\n<p>A influenciadora e drag queen Rita von Hunty passou a receber v\u00e1rios ataques nas redes sociais ap\u00f3s criticar o lan\u00e7amento da pr\u00e9-candidatura do PT-PSB \u00e0 Presid\u00eancia da Rep\u00fablica e defender um \u201cvoto radical no primeiro turno\u201d. Rita afirmou que o \u201ccen\u00e1rio pol\u00edtico do <strong>\u00e9 o que tem para hoje<\/strong> n\u00e3o pode se normalizar\u201d e vai exigir, para as elei\u00e7\u00f5es deste ano, \u201cmuita postura cr\u00edtica e muita capacidade de organiza\u00e7\u00e3o\u201d.<\/p>\n<p>A influenciadora louvou as pr\u00e9-candidaturas de Sofia Manzano do PCB e de Leonardo P\u00e9ricles da UP, pedindo que seus seguidores acompanhassem a divulga\u00e7\u00e3o destas pr\u00e9 campanhas. E colocou seu perfil pessoal \u00e0 disposi\u00e7\u00e3o do Partido Comunista Brasileiro e da Unidade Popular.<\/p>\n<p>Em virtude desse posicionamento, passou a ser atacada por aqueles que aceitam acriticamente a alian\u00e7a do PT com representantes da burguesia e da direita, conformada na chapa Lula-Alckmin. Setores da milit\u00e2ncia petista acusaram-na de fazer o &#8220;jogo da direita e do bolsonarismo&#8221;, o que reflete uma postura hegemonista e sect\u00e1ria, que n\u00e3o aceita as diverg\u00eancias pol\u00edticas no interior da chamada esquerda brasileira.<\/p>\n<p>O PCB sempre primou pela defesa da mais ampla unidade de a\u00e7\u00e3o nas lutas populares, no combate ao governo Bolsonaro e aos ataques do capital contra a classe trabalhadora, contribuindo de maneira efetiva e destacada nas manifesta\u00e7\u00f5es de massa que, em especial, durante todo o ano de 2021, ocuparam as ruas pelo &#8220;Fora Bolsonaro&#8221; e pelo firme enfrentamento \u00e0s contrarreformas liberais, \u00e0 retirada de direitos sociais e trabalhistas, \u00e0s privatiza\u00e7\u00f5es, ao exterm\u00ednio da juventude negra e perif\u00e9rica, ao massacre dos povos ind\u00edgenas, ao recrudescimento do racismo, do machismo, da lgbtfobia e ao avan\u00e7o do fascismo.<\/p>\n<p>Por isso mesmo n\u00e3o acreditamos em alian\u00e7as com a burguesia para a supera\u00e7\u00e3o do quadro de intensa crise econ\u00f4mica, social e pol\u00edtica em que vivemos. Conforme afirmou, em entrevista recente, a camarada Sofia Manzano, nossa pr\u00e9-candidata a Presidente: &#8220;\u00c9 um erro acreditar que \u00e9 poss\u00edvel fazer algum tipo de alian\u00e7a mais org\u00e2nica com a direta, que representa seus pr\u00f3prios interesses &#8212; por mais variados que sejam &#8212; e que estes acordos ser\u00e3o cumpridos &#8230; Se a classe trabalhadora n\u00e3o estiver organizada a partir dos seus pr\u00f3prios interesses, independente das estruturas do Estado, ela n\u00e3o alcan\u00e7a os objetivos m\u00ednimos e, por mais que o Estado possa fazer alguma pol\u00edtica de aux\u00edlio, quando ela n\u00e3o est\u00e1 organizada, esses direitos s\u00e3o rapidamente desmontados, como vimos em todas as reformas.&#8221;<\/p>\n<p>Sendo assim, vimos a p\u00fablico repudiar os ataques \u00e0 influenciadora e a todos os que venham a se posicionar a favor de alternativas pol\u00edticas da esquerda socialista, entendendo que as organiza\u00e7\u00f5es revolucion\u00e1rias t\u00eam todo o direito de apresentar suas proposi\u00e7\u00f5es nos per\u00edodos eleitorais. Devem ser respeitadas por isso e pelo papel que desempenham na luta contra o capitalismo e por uma sociedade que realmente represente os interesses e as necessidades da classe trabalhadora.<\/p>\n<p>O PCB segue propondo a mais ampla unidade de a\u00e7\u00e3o contra os ataques do capital e dos governos burgueses aos direitos da classe trabalhadora e se manter\u00e1 nas ruas, nos locais de trabalho, moradia e estudo mobilizando o povo trabalhador pela constru\u00e7\u00e3o, com total independ\u00eancia de classe, de uma alternativa anticapitalista para o Brasil, no rumo do poder popular e do Socialismo.<\/p>\n<p><strong>Comiss\u00e3o Pol\u00edtica Nacional do PCB<\/strong><\/p>\n","protected":false},"excerpt":{"rendered":"<a class=\"moretag\" href=\"https:\/\/pcb.org.br\/portal2\/28763\"> <\/a>","protected":false},"author":1,"featured_media":0,"comment_status":"closed","ping_status":"closed","sticky":false,"template":"","format":"standard","meta":{"jetpack_post_was_ever_published":false,"_jetpack_newsletter_access":"","_jetpack_dont_email_post_to_subs":false,"_jetpack_newsletter_tier_id":0,"_jetpack_memberships_contains_paywalled_content":false,"_jetpack_memberships_contains_paid_content":false,"footnotes":"","jetpack_publicize_message":"\"N\u00e3o acreditamos em alian\u00e7as com a burguesia para a supera\u00e7\u00e3o da crise que vivemos. O PCB se manter\u00e1 mobilizando o povo trabalhador pela constru\u00e7\u00e3o de uma alternativa anticapitalista para o Brasil, no rumo do poder popular e do socialismo.\"","jetpack_publicize_feature_enabled":true,"jetpack_social_post_already_shared":true,"jetpack_social_options":{"image_generator_settings":{"template":"highway","default_image_id":0,"font":"","enabled":false},"version":2}},"categories":[1],"tags":[222,246],"class_list":["post-28763","post","type-post","status-publish","format-standard","hentry","category-geral","tag-2b","tag-np"],"jetpack_publicize_connections":[],"jetpack_featured_media_url":"","jetpack_shortlink":"https:\/\/wp.me\/p659gw-7tV","jetpack-related-posts":[],"jetpack_likes_enabled":true,"jetpack_sharing_enabled":true,"_links":{"self":[{"href":"https:\/\/pcb.org.br\/portal2\/wp-json\/wp\/v2\/posts\/28763","targetHints":{"allow":["GET"]}}],"collection":[{"href":"https:\/\/pcb.org.br\/portal2\/wp-json\/wp\/v2\/posts"}],"about":[{"href":"https:\/\/pcb.org.br\/portal2\/wp-json\/wp\/v2\/types\/post"}],"author":[{"embeddable":true,"href":"https:\/\/pcb.org.br\/portal2\/wp-json\/wp\/v2\/users\/1"}],"replies":[{"embeddable":true,"href":"https:\/\/pcb.org.br\/portal2\/wp-json\/wp\/v2\/comments?post=28763"}],"version-history":[{"count":0,"href":"https:\/\/pcb.org.br\/portal2\/wp-json\/wp\/v2\/posts\/28763\/revisions"}],"wp:attachment":[{"href":"https:\/\/pcb.org.br\/portal2\/wp-json\/wp\/v2\/media?parent=28763"}],"wp:term":[{"taxonomy":"category","embeddable":true,"href":"https:\/\/pcb.org.br\/portal2\/wp-json\/wp\/v2\/categories?post=28763"},{"taxonomy":"post_tag","embeddable":true,"href":"https:\/\/pcb.org.br\/portal2\/wp-json\/wp\/v2\/tags?post=28763"}],"curies":[{"name":"wp","href":"https:\/\/api.w.org\/{rel}","templated":true}]}}