{"id":28948,"date":"2022-06-28T07:50:07","date_gmt":"2022-06-28T10:50:07","guid":{"rendered":"https:\/\/pcb.org.br\/portal2\/?p=28948"},"modified":"2022-06-28T07:50:07","modified_gmt":"2022-06-28T10:50:07","slug":"toda-solidariedade-ao-povo-equatoriano","status":"publish","type":"post","link":"https:\/\/pcb.org.br\/portal2\/28948","title":{"rendered":"Toda solidariedade ao povo equatoriano!"},"content":{"rendered":"<p><img data-recalc-dims=\"1\" decoding=\"async\" class=\"imagem\" title=\"imagem\" src=\"https:\/\/i0.wp.com\/lavrapalavra.com\/wp-content\/uploads\/2015\/08\/image-39.png?w=747&#038;ssl=1\" alt=\"imagem\" \/><!--more--><\/p>\n<p>Nota Pol\u00edtica do Partido Comunista Brasileiro (PCB)<\/p>\n<p>O Partido Comunista Brasileiro manifesta sua total solidariedade militante aos trabalhadores da cidade e do campo, aos povos origin\u00e1rios e a todos os equatorianos que lutam por melhores condi\u00e7\u00f5es de vida e direitos sociais que, nesse momento, se mobilizam e lutam, nas ruas, contra o aumento dos pre\u00e7os dos combust\u00edveis e de produtos essenciais, bem como contra a deteriora\u00e7\u00e3o das  condi\u00e7\u00f5es de vida em geral, geradas pelo governo Lasso, subserviente aos interesses do grande capital, com seu recente pacote ultraliberal de medidas anti-povo.  <\/p>\n<p>O governo Lasso vem cortando os or\u00e7amentos sociais, promovendo mais privatiza\u00e7\u00f5es  e segue em seu objetivo de retirar direitos dos trabalhadores. A indigna\u00e7\u00e3o e a insatisfa\u00e7\u00e3o dos equatorianos explodiram na greve geral e em muitas manifesta\u00e7\u00f5es de massa convocadas pela Confedera\u00e7\u00e3o de Nacionalidades Ind\u00edgenas do Equador (CONAIE), pela Confedera\u00e7\u00e3o de Povos e Organiza\u00e7\u00f5es Ind\u00edgenas Camponesas do Equador (FEI) e outras entidades e movimentos sociais. As mobiliza\u00e7\u00f5es de massa v\u00eam sendo reprimidas com extrema viol\u00eancia, com pris\u00f5es e mortes de manifestantes, que exigem a ren\u00fancia de Lasso e de que o presidente seja submetido a um processo de impeachment.<\/p>\n<p>O PCB repudia com veem\u00eancia a repress\u00e3o, a criminaliza\u00e7\u00e3o dos manifestantes e se soma ao Partido Comunista do Equador, a todas as for\u00e7as pol\u00edticas e movimentos sociais que exigem a imediata liberta\u00e7\u00e3o dos manifestantes presos, a identifica\u00e7\u00e3o e puni\u00e7\u00e3o dos agressores e o atendimento imediato \u00e0s reivindica\u00e7\u00f5es da popula\u00e7\u00e3o em luta. <\/p>\n<p>Viva o internacionalismo prolet\u00e1rio!<br \/>\nViva o Socialismo!<\/p>\n<p>Comiss\u00e3o Pol\u00edtica Nacional do Partido Comunista Brasileiro (PCB)<br \/>\nComiss\u00e3o Pol\u00edtica Nacional<\/p>\n<p>Imagem: Confedera\u00e7\u00e3o das Nacionalidades Ind\u00edgenas do Equador (CONFENIAE)<\/p>\n","protected":false},"excerpt":{"rendered":"<a class=\"moretag\" href=\"https:\/\/pcb.org.br\/portal2\/28948\"> <\/a>","protected":false},"author":1,"featured_media":0,"comment_status":"closed","ping_status":"closed","sticky":false,"template":"","format":"standard","meta":{"jetpack_post_was_ever_published":false,"_jetpack_newsletter_access":"","_jetpack_dont_email_post_to_subs":false,"_jetpack_newsletter_tier_id":0,"_jetpack_memberships_contains_paywalled_content":false,"_jetpack_memberships_contains_paid_content":false,"footnotes":"","jetpack_publicize_message":"\"O PCB manifesta sua solidariedade militante aos trabalhadores da cidade e do campo e aos povos origin\u00e1rios equatorianos que, nesse momento, se mobilizam e lutam, nas ruas, contra o aumento dos pre\u00e7os dos combust\u00edveis e de produtos essenciais\".","jetpack_publicize_feature_enabled":true,"jetpack_social_post_already_shared":true,"jetpack_social_options":{"image_generator_settings":{"template":"highway","default_image_id":0,"font":"","enabled":false},"version":2}},"categories":[1],"tags":[233],"class_list":["post-28948","post","type-post","status-publish","format-standard","hentry","category-geral","tag-6a"],"jetpack_publicize_connections":[],"jetpack_featured_media_url":"","jetpack_shortlink":"https:\/\/wp.me\/p659gw-7wU","jetpack-related-posts":[],"jetpack_likes_enabled":true,"jetpack_sharing_enabled":true,"_links":{"self":[{"href":"https:\/\/pcb.org.br\/portal2\/wp-json\/wp\/v2\/posts\/28948","targetHints":{"allow":["GET"]}}],"collection":[{"href":"https:\/\/pcb.org.br\/portal2\/wp-json\/wp\/v2\/posts"}],"about":[{"href":"https:\/\/pcb.org.br\/portal2\/wp-json\/wp\/v2\/types\/post"}],"author":[{"embeddable":true,"href":"https:\/\/pcb.org.br\/portal2\/wp-json\/wp\/v2\/users\/1"}],"replies":[{"embeddable":true,"href":"https:\/\/pcb.org.br\/portal2\/wp-json\/wp\/v2\/comments?post=28948"}],"version-history":[{"count":0,"href":"https:\/\/pcb.org.br\/portal2\/wp-json\/wp\/v2\/posts\/28948\/revisions"}],"wp:attachment":[{"href":"https:\/\/pcb.org.br\/portal2\/wp-json\/wp\/v2\/media?parent=28948"}],"wp:term":[{"taxonomy":"category","embeddable":true,"href":"https:\/\/pcb.org.br\/portal2\/wp-json\/wp\/v2\/categories?post=28948"},{"taxonomy":"post_tag","embeddable":true,"href":"https:\/\/pcb.org.br\/portal2\/wp-json\/wp\/v2\/tags?post=28948"}],"curies":[{"name":"wp","href":"https:\/\/api.w.org\/{rel}","templated":true}]}}