{"id":2897,"date":"2012-05-24T01:47:57","date_gmt":"2012-05-24T01:47:57","guid":{"rendered":"http:\/\/pcb.org.br\/portal2\/?p=2897"},"modified":"2012-05-24T01:47:57","modified_gmt":"2012-05-24T01:47:57","slug":"bases-militares-dos-eua-na-america-do-sul","status":"publish","type":"post","link":"https:\/\/pcb.org.br\/portal2\/2897","title":{"rendered":"Bases militares dos EUA na Am\u00e9rica do Sul"},"content":{"rendered":"\n<p>A presen\u00e7a militar norte-americana na Am\u00e9rica Latina est\u00e1 em r\u00e1pida expans\u00e3o, com a cumplicidade e o apoio da direita local em governos nacionais ou regionais. O imperialismo, incluindo o ser\u00f4dio imperialismo ingl\u00eas, n\u00e3o est\u00e1 disposto a deixar de intervir perante os processos progressistas em curso naquele continente. \u00c9 urgente intensificar o alerta e a mobiliza\u00e7\u00e3o contra a criminosa ofensiva imperialista global.<\/p>\n<p>\u201cEm 24 de Mar\u00e7o de 2012, a p\u00e1gina web <a href=\"http:\/\/aporrea.org\/\" target=\"_blank\">aporrea.org<\/a> publicou uma nota de 4 dias antes, de <a href=\"http:\/\/matrizur.org\/\" target=\"_blank\">matrizur.org<\/a>, na qual se afirma que o governador da Prov\u00edncia de El Chaco outorgava permiss\u00e3o para a instala\u00e7\u00e3o de uma base militar do Comando Sul nesse territ\u00f3rio argentino (1).<\/p>\n<p>Diz o texto: \u201cO edif\u00edcio, que ser\u00e1 inaugurado este m\u00eas, est\u00e1 localizado no pr\u00e9dio do aeroporto de Resist\u00eancia \u2013 capital da Prov\u00edncia do norte do Chaco \u2013 e encontra-se em sua etapa final de constru\u00e7\u00e3o, ser\u00e1 assim, o primeiro centro de opera\u00e7\u00f5es na Argentina. S\u00f3 falta equip\u00e1-lo com tecnologia de inform\u00e1tica e ceder o lugar para, em seguida, concluir com uma capacita\u00e7\u00e3o de pessoal\u201d, disse o comandante estadunidense Edwin Passmore, do Comando Sul, que reuniu-se semanas antes com o governador Jorge Capitanich\u201d.<\/p>\n<p>Dias mais tarde, em 05 de Abril, o Chile de Sebasti\u00e1n Pi\u00f1era abria as portas a esse mesmo Comando Sul. Um complexo militar, localizado no Forte Aguayo da comunidade de Conc\u00f3n, regi\u00e3o de Valpara\u00edso, a uns 130 quil\u00f4metros a noroeste da capital Santiago, foi inaugurado com honras.<\/p>\n<p>Frente aos protestos que tal not\u00edcia suscitou, quem aparece \u00e9 o Secret\u00e1rio de Defesa dos Estados Unidos, Leon Panetta, afirmando que n\u00e3o \u00e9 uma base militar operada por seu pa\u00eds, mas sim uma base chilena para treinamento de for\u00e7as de paz das Na\u00e7\u00f5es Unidas (2).<\/p>\n<p>Atualmente o Comando Sul opera bases militares no Paraguai, El Salvador, Costa Rica, Guatemala, Honduras, Panam\u00e1, Col\u00f4mbia e Per\u00fa.<\/p>\n<p>Em entrevista ao programa de r\u00e1dio La Br\u00fajula del Sur (3), Walter Goobar, escritor editor do seman\u00e1rio dominical Miradas al Sur e colunista do di\u00e1rio Tiempo Argentino, comentou que o Governo dos Estados Unidos j\u00e1 n\u00e3o chama \u201cbases militares\u201d a essas instala\u00e7\u00f5es financiadas pelo Comando Sul, agora em seu novo discurso s\u00e3o denominadas: Deslocamento Cooperativo de Seguran\u00e7a, CSL (iniciais em ingl\u00eas) ou Deslocamento Adiantado Operativo, FOL.<\/p>\n<p>\u201cO Comando Sul, nos explica, est\u00e1 tentando penetrar em diferentes pa\u00edses com programas que n\u00e3o sejam militares (ajudas para cat\u00e1strofes, emerg\u00eancias, etc) com os quais se pode evitar as autoriza\u00e7\u00f5es dos congressos, ou das autoridades nacionais\u201d.<\/p>\n<p>Apesar de o Governador da Prov\u00edncia de El Chaco, Jorge Capitanich, negar rotundamente que a instala\u00e7\u00e3o cedida ao ex\u00e9rcito dos EUA seja uma base militar Goobar assinala: \u201cPara mim \u00e9 \u00f3bvio que se trata de instala\u00e7\u00f5es militares, financiadas pelo Comando Sul. Quem aparece da parte dos EUA, assinando acordos com o governador do Chaco, \u00e9 o comandante Edwin Passmore um homem conhecido na Venezuela j\u00e1 que foi expulso por realizar atividades de espionagem, \u00e9 um homem da intelig\u00eancia estadunidense\u201d.<\/p>\n<p><strong>CONTROLE DA TR\u00cdPLICE FRONTEIRA<\/strong><\/p>\n<p>O escritor e analista argentino assegura que a prov\u00edncia de El Chaco \u00e9 altamente transcendental por v\u00e1rias raz\u00f5es, \u201cneste caso espec\u00edfico (uma base) se permite ao Comando Sul o controle de uma zona estrat\u00e9gica que \u00e9 para onde convergem as fronteiras da Argentina, Brasil e Paraguai e por onde corre o famoso Aqu\u00edfero Guarani\u201d.<\/p>\n<p>Ao perder a iniciativa pol\u00edtica na Am\u00e9rica do Sul, os Estados Unidos t\u00eam uma necessidade de controle do tipo territorial. Goobar agrega que \u201ca instala\u00e7\u00e3o de bases em El Chaco e no Chile permitir\u00e1 tamb\u00e9m recrutar for\u00e7as locais para t\u00ea-las sob suas ordens e em sua folha de pagamento\u201d.<\/p>\n<p>Consultado sobre as raz\u00f5es do governador de El Chaco para outorgar a permiss\u00e3o, Walter Goobar nos disse: \u201cPessoalmente creio que o governador Capitanich est\u00e1 tratando de conduzir uma esp\u00e9cie de pol\u00edtica exterior por conta pr\u00f3pria. Est\u00e1 contradizendo os postulados b\u00e1sicos da pol\u00edtica exterior de N\u00e9stor e Cristina Kirchnner\u201d.<\/p>\n<p><strong>CERCADOS?<\/strong><\/p>\n<p>Em seus artigos (4) Goobar analisa o deslocamento militar do Comando Sul e considera que \u201csim, h\u00e1 raz\u00f5es para preocupar-se. Este deslocamento militar anda de m\u00e3os dadas ou no mesmo passo que o deslocamento da Gr\u00e3-Bretanha no Atl\u00e2ntico Sul, nas ilhas Malvinas, com embarca\u00e7\u00f5es de tipo nuclear\u201d.<\/p>\n<p>\u201cParte deste deslocamento tem a ver com o Pent\u00e1gono prevendo algum tipo de crise nos pa\u00edses da ALBA (5) e tamb\u00e9m com um eventual ataque por parte de Israel e\/ou Estados Unidos contra o Ir\u00e3 e a necessidade de ter sob controlo seu pr\u00f3prio p\u00e1tio traseiro\u201d.<\/p>\n<p><strong>DESEMBARQUE MILITAR<\/strong><\/p>\n<p>A base oferecida ao Comando Sul na Argentina pelo governador de El Chaco sob o eufemismo de \u201cbase de ajuda a emerg\u00eancias\u201d est\u00e1 localizada no aeroporto principal da regi\u00e3o.<\/p>\n<p>A raz\u00e3o? Walter Goobar explica: \u201cNeste momento, a principal arma dos Estados Unidos s\u00e3o 7.500 avi\u00f5es n\u00e3o tripulados chamados drones, e para operar estes avi\u00f5es n\u00e3o \u00e9 necess\u00e1rio o desembarque de fuzileiros, o \u00fanico deslocamento militar necess\u00e1rio \u00e9 um joystick (6), 14 telas de computador e um piloto que seja capaz de fazer voar 3 drones ao mesmo tempo\u201d.<\/p>\n<p>Cuide-se.<\/p>\n<p><strong>PASSMORE<\/strong><\/p>\n<p>O Coronel cumpriu \u201ctarefas humanit\u00e1rias\u201d na invas\u00e3o ao Afeganist\u00e3o comandando suas tropas. Al\u00e9m disso, foi assessor de Intelig\u00eancia do ministro da Defesa do Kuwait durante a invas\u00e3o do Iraque.<\/p>\n<p>Desde 2005 serviu como adido militar na embaixada dos Estados Unidos na Venezuela, pa\u00eds do qual foi expulso por atividades de espionagem no ano de 2008.<\/p>\n<p>Em Fevereiro de 2011, Edwin Passmore foi protagonista da introdu\u00e7\u00e3o das malas diplom\u00e1ticas \u201csecretas\u201d que continham aparatos para comunica\u00e7\u00f5es secretas, codifica\u00e7\u00e3o e intercepta\u00e7\u00e3o de comunica\u00e7\u00f5es, equipamentos de posicionamento global (GPS), pacotes de software (suporte l\u00f3gico) e uma grande lista de subst\u00e2ncias narc\u00f3ticas e psicotr\u00f3picas (7).\u201d<\/p>\n<p><em>OBS: Fontes:<\/em><\/p>\n<p><em>BASES MILITARES DOS EUA NA AM\u00c9RICA DO SUL\/Walter Goobar<\/em><\/p>\n<p><em>Na Argentina SIM foi instalada uma base militar estadounidense<\/em><\/p>\n<p><em>Data da publica\u00e7\u00e3o: 08\/05\/2012<\/em><\/p>\n<p><em>Para conhecer as respostas completas escute a este AUDIO aqui:<\/em><\/p>\n<p>\u00a0<\/p>\n<p>\u00a0<\/p>\n<p>\u00a0<\/p>\n<p><em><a href=\"http:\/\/soundcloud.com\/des-union-radio-noticias\/entrevista-a-walter-goobar\" target=\"_blank\">http:\/\/soundcloud.com\/des-union-radio-noticias\/entrevista-a-walter-goobar<\/a><\/em><\/p>\n<p><a href=\"http:\/\/www.odiario.info\/?p=2481\" target=\"_blank\">http:\/\/www.odiario.info\/?p=2481<\/a><\/p>\n","protected":false},"excerpt":{"rendered":"\n\n\nCr\u00e9dito: ODiario.info\n\n\n\n\n\n\n\n\nIndira Carpio Olivo e Ernesto J. Navarro\n<a class=\"moretag\" href=\"https:\/\/pcb.org.br\/portal2\/2897\"> <\/a>","protected":false},"author":1,"featured_media":0,"comment_status":"open","ping_status":"open","sticky":false,"template":"","format":"standard","meta":{"jetpack_post_was_ever_published":false,"_jetpack_newsletter_access":"","_jetpack_dont_email_post_to_subs":false,"_jetpack_newsletter_tier_id":0,"_jetpack_memberships_contains_paywalled_content":false,"_jetpack_memberships_contains_paid_content":false,"footnotes":"","jetpack_publicize_message":"","jetpack_publicize_feature_enabled":true,"jetpack_social_post_already_shared":false,"jetpack_social_options":{"image_generator_settings":{"template":"highway","default_image_id":0,"font":"","enabled":false},"version":2}},"categories":[38],"tags":[],"class_list":["post-2897","post","type-post","status-publish","format-standard","hentry","category-c43-imperialismo"],"jetpack_publicize_connections":[],"jetpack_featured_media_url":"","jetpack_shortlink":"https:\/\/wp.me\/p659gw-KJ","jetpack-related-posts":[],"jetpack_likes_enabled":true,"jetpack_sharing_enabled":true,"_links":{"self":[{"href":"https:\/\/pcb.org.br\/portal2\/wp-json\/wp\/v2\/posts\/2897","targetHints":{"allow":["GET"]}}],"collection":[{"href":"https:\/\/pcb.org.br\/portal2\/wp-json\/wp\/v2\/posts"}],"about":[{"href":"https:\/\/pcb.org.br\/portal2\/wp-json\/wp\/v2\/types\/post"}],"author":[{"embeddable":true,"href":"https:\/\/pcb.org.br\/portal2\/wp-json\/wp\/v2\/users\/1"}],"replies":[{"embeddable":true,"href":"https:\/\/pcb.org.br\/portal2\/wp-json\/wp\/v2\/comments?post=2897"}],"version-history":[{"count":0,"href":"https:\/\/pcb.org.br\/portal2\/wp-json\/wp\/v2\/posts\/2897\/revisions"}],"wp:attachment":[{"href":"https:\/\/pcb.org.br\/portal2\/wp-json\/wp\/v2\/media?parent=2897"}],"wp:term":[{"taxonomy":"category","embeddable":true,"href":"https:\/\/pcb.org.br\/portal2\/wp-json\/wp\/v2\/categories?post=2897"},{"taxonomy":"post_tag","embeddable":true,"href":"https:\/\/pcb.org.br\/portal2\/wp-json\/wp\/v2\/tags?post=2897"}],"curies":[{"name":"wp","href":"https:\/\/api.w.org\/{rel}","templated":true}]}}