{"id":28971,"date":"2022-07-02T21:10:09","date_gmt":"2022-07-03T00:10:09","guid":{"rendered":"https:\/\/pcb.org.br\/portal2\/?p=28971"},"modified":"2022-07-02T21:10:09","modified_gmt":"2022-07-03T00:10:09","slug":"o-poder-popular-67-nao-as-privatizacoes","status":"publish","type":"post","link":"https:\/\/pcb.org.br\/portal2\/28971","title":{"rendered":"O Poder Popular 67: N\u00e3o \u00e0s privatiza\u00e7\u00f5es!"},"content":{"rendered":"<p><img decoding=\"async\" class=\"imagem\" title=\"imagem\" src=\"https:\/\/lh3.googleusercontent.com\/pw\/AM-JKLWct8EcfmV3LlVpz6DRJN5J-CFowsUIO9JFk424z9yWbytf4IEYwD2v0V7R6gZRuI7UZYBGjQC6zQoc4FEdl9h3JqB19ECEsPcKh9OGAzgKY9o50E6D08_VKVwSlTxC6dNSRJ5Gs8rHx3Hve_s6PyHE=w465-h656-no\" alt=\"imagem\" \/><!--more--> Mat\u00e9rias:<\/p>\n<p>P\u00e1gina 2: Editorial \u2013 Revogar as contrarreformas neoliberais e as privatiza\u00e7\u00f5es!<\/p>\n<p>P\u00e1gina 3: Unidade Classista \u2013 Petrobras 100% estatal! Que o petr\u00f3leo seja nosso!<\/p>\n<p>P\u00e1gina 4: N\u00e3o \u00e0 privatiza\u00e7\u00e3o da Eletrobras!<\/p>\n<p>P\u00e1gina 5: Justi\u00e7a por Bruno Pereira e Dom Phillips!<\/p>\n<p>P\u00e1ginas 6 e 7: Despejo Zero. Pelo direito \u00e0 moradia!<\/p>\n<p>P\u00e1gina 8: Jovens comunistas com Sofia Manzano<\/p>\n<p>P\u00e1gina 9: Feministas classistas apoiam Sofia<\/p>\n<p>P\u00e1gina 10: Solidariedade a Glauber e Renato!<\/p>\n<p>P\u00e1gina 11: Internacional \u2013 Am\u00e9rica Latina em luta!<\/p>\n<p>P\u00e1gina 12: Coletivo LGBT Comunista \u2013 propostas para as elei\u00e7\u00f5es 2022<\/p>\n<p>Conselho Editorial (Comiss\u00e3o Nacional de Comunica\u00e7\u00e3o do PCB): Edmilson Costa, Ant\u00f4nio Lima Jr., Caio Andrade, Gabriel Landi, Lucas Silva, Nath\u00e1lia Mozer, Renata Regina, Ricardo Costa, Roberto Arrais (jornalista respons\u00e1vel \u2013 985\/DRT \u2013 FENAJ).<\/p>\n<p>Colaboradores desta edi\u00e7\u00e3o: Mauro Iasi, Fra\u00e7\u00e3o Nacional Ind\u00edgena do PCB, Unidade Classista dos Petroleiros, PCB de Curitiba, Rede Modesto da Silveira, Uni\u00e3o da Juventude Comunista, Coletivo Feminista Classista Ana Montenegro, Coletivo LGBT Comunista.<\/p>\n<hr \/>\n<div align=\"center\">\n<p>Leitura:<\/p>\n<p><a href=\"https:\/\/drive.google.com\/file\/d\/1wSMnND0CnykZsyMqGVIeeytXDPqfLlVI\/view\" target=\"_blank\" rel=\"noopener noreferrer\"><img loading=\"lazy\" decoding=\"async\" class=\"\" src=\"https:\/\/i0.wp.com\/pcb.org.br\/portal\/images\/stories\/download1.png?resize=48%2C48\" width=\"48\" height=\"48\" \/><\/a><\/p>\n<hr \/>\n<p>Impress\u00e3o:<\/p>\n<p><a href=\"https:\/\/drive.google.com\/file\/d\/1KrhCvsB1AtRYpd87zoXSNK3e1yRoL_-1\/view\" target=\"_blank\" rel=\"noopener noreferrer\"><img loading=\"lazy\" decoding=\"async\" class=\"\" src=\"https:\/\/i0.wp.com\/pcb.org.br\/portal\/images\/stories\/download1.png?resize=48%2C48\" width=\"48\" height=\"48\" \/><\/a><\/p>\n<\/div>\n","protected":false},"excerpt":{"rendered":"<a class=\"moretag\" href=\"https:\/\/pcb.org.br\/portal2\/28971\"> <\/a>","protected":false},"author":1,"featured_media":0,"comment_status":"closed","ping_status":"closed","sticky":false,"template":"","format":"standard","meta":{"jetpack_post_was_ever_published":false,"_jetpack_newsletter_access":"","_jetpack_dont_email_post_to_subs":false,"_jetpack_newsletter_tier_id":0,"_jetpack_memberships_contains_paywalled_content":false,"_jetpack_memberships_contains_paid_content":false,"footnotes":"","jetpack_publicize_message":"","jetpack_publicize_feature_enabled":true,"jetpack_social_post_already_shared":true,"jetpack_social_options":{"image_generator_settings":{"template":"highway","default_image_id":0,"font":"","enabled":false},"version":2}},"categories":[140],"tags":[221,229],"class_list":["post-28971","post","type-post","status-publish","format-standard","hentry","category-c140-jornal-o-poder-popular","tag-2a","tag-opprecente"],"jetpack_publicize_connections":[],"jetpack_featured_media_url":"","jetpack_shortlink":"https:\/\/wp.me\/p659gw-7xh","jetpack-related-posts":[],"jetpack_likes_enabled":true,"jetpack_sharing_enabled":true,"_links":{"self":[{"href":"https:\/\/pcb.org.br\/portal2\/wp-json\/wp\/v2\/posts\/28971","targetHints":{"allow":["GET"]}}],"collection":[{"href":"https:\/\/pcb.org.br\/portal2\/wp-json\/wp\/v2\/posts"}],"about":[{"href":"https:\/\/pcb.org.br\/portal2\/wp-json\/wp\/v2\/types\/post"}],"author":[{"embeddable":true,"href":"https:\/\/pcb.org.br\/portal2\/wp-json\/wp\/v2\/users\/1"}],"replies":[{"embeddable":true,"href":"https:\/\/pcb.org.br\/portal2\/wp-json\/wp\/v2\/comments?post=28971"}],"version-history":[{"count":0,"href":"https:\/\/pcb.org.br\/portal2\/wp-json\/wp\/v2\/posts\/28971\/revisions"}],"wp:attachment":[{"href":"https:\/\/pcb.org.br\/portal2\/wp-json\/wp\/v2\/media?parent=28971"}],"wp:term":[{"taxonomy":"category","embeddable":true,"href":"https:\/\/pcb.org.br\/portal2\/wp-json\/wp\/v2\/categories?post=28971"},{"taxonomy":"post_tag","embeddable":true,"href":"https:\/\/pcb.org.br\/portal2\/wp-json\/wp\/v2\/tags?post=28971"}],"curies":[{"name":"wp","href":"https:\/\/api.w.org\/{rel}","templated":true}]}}