{"id":28989,"date":"2022-07-06T10:02:56","date_gmt":"2022-07-06T13:02:56","guid":{"rendered":"https:\/\/pcb.org.br\/portal2\/?p=28989"},"modified":"2022-07-06T10:02:56","modified_gmt":"2022-07-06T13:02:56","slug":"pcv-lei-de-zonas-economicas-especiais-e-antipopular","status":"publish","type":"post","link":"https:\/\/pcb.org.br\/portal2\/28989","title":{"rendered":"PCV: Lei de Zonas Econ\u00f4micas Especiais \u00e9 antipopular"},"content":{"rendered":"<p><img data-recalc-dims=\"1\" decoding=\"async\" class=\"imagem\" title=\"imagem\" src=\"https:\/\/prensapcv.files.wordpress.com\/2021\/04\/whatsapp-image-2021-04-14-at-19.51.53-e1618446958904.jpeg?w=747&#038;h=363&#038;crop=1&#038;resize=1024%2C363\" alt=\"imagem\" \/><!--more--><\/p>\n<p>PCV rompe unanimidade em torno da aprova\u00e7\u00e3o da antinacional Lei de Zonas Econ\u00f4micas Especiais<\/p>\n<p>Tribuna Popular<\/p>\n<p>Partido Comunista da Venezuela<\/p>\n<p>O Partido Comunista da Venezuela (PCV) absteve-se de votar para aprova\u00e7\u00e3o da Lei de Zonas Econ\u00f4micas Especiais, &#8220;rompendo com a vota\u00e7\u00e3o un\u00e2nime na Assembleia Nacional sobre este instrumento contr\u00e1rio \u00e0 soberania nacional e popular&#8221;, conforme informou o deputado Oscar Figuera.<\/p>\n<p>No \u00faltimo dia 28, o PCV expressou sua opini\u00e3o contra a aprova\u00e7\u00e3o da lei e anunciou a decis\u00e3o de abster-se de sua aprova\u00e7\u00e3o durante a sess\u00e3o ordin\u00e1ria da Assembleia Nacional. A posi\u00e7\u00e3o do PCV e da Alternativa Popular Revolucion\u00e1ria n\u00e3o foi transmitida pela m\u00eddia controlada pelo governo, tampouco pelo canal de televis\u00e3o parlamentar. No momento da interven\u00e7\u00e3o de Figuera, a transmiss\u00e3o foi cortada.<\/p>\n<p>Em seu argumento, o deputado comunista explicou que esse instrumento legal &#8220;significa uma nova amea\u00e7a \u00e0 soberania nacional porque cria as condi\u00e7\u00f5es para estabelecer \u00e1reas sob o controle do grande capital transnacional por meio de regimes especiais, tanto no que diz respeito \u00e0s exce\u00e7\u00f5es e impostos sobre o capital quanto no que diz respeito ao estabelecimento de flexibiliza\u00e7\u00e3o e desregulamenta\u00e7\u00e3o das rela\u00e7\u00f5es de trabalho em detrimento dos trabalhadores\u201d.<\/p>\n<p>\u201cAs diversas fra\u00e7\u00f5es do capital nacional e transnacional, tanto a burguesia tradicional como a chamada &#8216;burguesia revolucion\u00e1ria&#8217; chegaram a um novo pacto das elites, um novo pacto de Ponto Fixo, para impor ao pa\u00eds uma sa\u00edda capitalista em resposta \u00e0 profunda crise que afeta o modelo venezuelano de capitalismo dependente e rentista\u201d, detalhou posteriormente \u00e0 Tribuna Popular.<\/p>\n<p>Os argumentos do PCV e a sua decis\u00e3o de abster-se na vota\u00e7\u00e3o das Zonas Econ\u00f4micas Especiais (ZEE) foram omitidas da ata da sess\u00e3o de ter\u00e7a-feira, 28 de junho, e dois dias depois, na quinta-feira dia 30 de junho, quando as discuss\u00f5es em torno do projeto continuaram, Figuera teve que exigir em voz alta e sem microfone que a posi\u00e7\u00e3o dos comunistas fosse registrada na ata.<\/p>\n<p>Posteriormente, o presidente da Assembleia Nacional, Jorge Rodr\u00edguez, impediu o PCV de intervir no debate parlamentar. \u201cEnquanto deputados do partido do governo e da oposi\u00e7\u00e3o colaboracionista tomavam a palavra para defender os supostos benef\u00edcios que este instrumento legal traria ao pa\u00eds, \u00e0 representa\u00e7\u00e3o do PCV e da Alternativa Popular Revolucion\u00e1ria lhe foi negado o direito de se manifestar em duas oportunidades\u201d, explicou Figuera.<\/p>\n<p>Em declara\u00e7\u00f5es prestadas ap\u00f3s a sess\u00e3o, o deputado comunista lembrou que \u00e9 &#8220;uma constante na Assembleia Nacional que o deputado Rodr\u00edguez arrogue o direito de decidir a qual deputado dar a palavra e a qual n\u00e3o dar, violando n\u00e3o s\u00f3 o Regimento Interno e do Debate, mas a pr\u00f3pria Constitui\u00e7\u00e3o\u201d.<\/p>\n<p>\u201cO comportamento do deputado Rodr\u00edguez viola os direitos do eleitorado que, com seus votos, elegeu sua representa\u00e7\u00e3o para a Assembleia Nacional\u201d, acrescentou. Em abril de 2021, quando iniciou a primeira discuss\u00e3o do projeto de lei, o deputado Figuera alertou que era hora de &#8220;desmantelar o mito que falsamente tenta nos fazer acreditar que a causa da crise econ\u00f4mica na Venezuela est\u00e1 na pol\u00edtica de nacionaliza\u00e7\u00e3o promovida por Ch\u00e1vez e que, portanto, deve ser revertida para abrir caminho para a a\u00e7\u00e3o do capital.\u201d<\/p>\n<p>\u201cO Projeto de Lei das Zonas Econ\u00f4micas Especiais est\u00e1 longe de visar o desenvolvimento produtivo e soberano. A hist\u00f3ria do capital na Venezuela \u00e9 de especula\u00e7\u00e3o e parasitismo. O PCV e a APR n\u00e3o v\u00e3o endossar esta capitula\u00e7\u00e3o\u201d, salientou naquele momento.<\/p>\n<p>Tradu\u00e7\u00e3o: Partido Comunista Brasileiro (PCB)<\/p>\n<p>\u2705 *Leia na Tribuna Popular*: https:\/\/t.co\/6G1ljmH04r<\/p>\n<p>*D\u00ea RT a este tweet para romper o cerco*: https:\/\/t.co\/SEchsDbInx<\/p>\n","protected":false},"excerpt":{"rendered":"<a class=\"moretag\" href=\"https:\/\/pcb.org.br\/portal2\/28989\"> <\/a>","protected":false},"author":1,"featured_media":0,"comment_status":"closed","ping_status":"closed","sticky":false,"template":"","format":"standard","meta":{"jetpack_post_was_ever_published":false,"_jetpack_newsletter_access":"","_jetpack_dont_email_post_to_subs":false,"_jetpack_newsletter_tier_id":0,"_jetpack_memberships_contains_paywalled_content":false,"_jetpack_memberships_contains_paid_content":false,"footnotes":"","jetpack_publicize_message":"\"PCV rompe unanimidade em torno da aprova\u00e7\u00e3o da antinacional Lei de Zonas Econ\u00f4micas Especiais.\"","jetpack_publicize_feature_enabled":true,"jetpack_social_post_already_shared":true,"jetpack_social_options":{"image_generator_settings":{"template":"highway","default_image_id":0,"font":"","enabled":false},"version":2}},"categories":[1],"tags":[233],"class_list":["post-28989","post","type-post","status-publish","format-standard","hentry","category-geral","tag-6a"],"jetpack_publicize_connections":[],"jetpack_featured_media_url":"","jetpack_shortlink":"https:\/\/wp.me\/p659gw-7xz","jetpack-related-posts":[],"jetpack_likes_enabled":true,"jetpack_sharing_enabled":true,"_links":{"self":[{"href":"https:\/\/pcb.org.br\/portal2\/wp-json\/wp\/v2\/posts\/28989","targetHints":{"allow":["GET"]}}],"collection":[{"href":"https:\/\/pcb.org.br\/portal2\/wp-json\/wp\/v2\/posts"}],"about":[{"href":"https:\/\/pcb.org.br\/portal2\/wp-json\/wp\/v2\/types\/post"}],"author":[{"embeddable":true,"href":"https:\/\/pcb.org.br\/portal2\/wp-json\/wp\/v2\/users\/1"}],"replies":[{"embeddable":true,"href":"https:\/\/pcb.org.br\/portal2\/wp-json\/wp\/v2\/comments?post=28989"}],"version-history":[{"count":0,"href":"https:\/\/pcb.org.br\/portal2\/wp-json\/wp\/v2\/posts\/28989\/revisions"}],"wp:attachment":[{"href":"https:\/\/pcb.org.br\/portal2\/wp-json\/wp\/v2\/media?parent=28989"}],"wp:term":[{"taxonomy":"category","embeddable":true,"href":"https:\/\/pcb.org.br\/portal2\/wp-json\/wp\/v2\/categories?post=28989"},{"taxonomy":"post_tag","embeddable":true,"href":"https:\/\/pcb.org.br\/portal2\/wp-json\/wp\/v2\/tags?post=28989"}],"curies":[{"name":"wp","href":"https:\/\/api.w.org\/{rel}","templated":true}]}}