{"id":29000,"date":"2022-07-07T17:59:45","date_gmt":"2022-07-07T20:59:45","guid":{"rendered":"https:\/\/pcb.org.br\/portal2\/?p=29000"},"modified":"2022-07-07T17:59:45","modified_gmt":"2022-07-07T20:59:45","slug":"hiran-roedel-e-pre-candidato-ao-senado-pelo-pcb-rj","status":"publish","type":"post","link":"https:\/\/pcb.org.br\/portal2\/29000","title":{"rendered":"Hiran Roedel \u00e9 pr\u00e9 candidato ao Senado pelo PCB RJ"},"content":{"rendered":"<p><img data-recalc-dims=\"1\" decoding=\"async\" class=\"imagem\" title=\"imagem\" src=\"https:\/\/i0.wp.com\/lavrapalavra.com\/wp-content\/uploads\/2015\/08\/image-50.png?w=747&#038;ssl=1\" alt=\"imagem\" \/><!--more--><\/p>\n<p>Comit\u00ea Regional do PCB RJ<\/p>\n<p>O Partido Comunista Brasileiro (PCB), que completa 100 anos de exist\u00eancia neste ano de 2022, apresenta a pr\u00e9-candidatura de Hiran Roedel, seu dirigente nacional, ao Senado Federal pelo Estado do Rio de Janeiro.<\/p>\n<p>Hiran come\u00e7ou a atuar politicamente no movimento sindical banc\u00e1rio em 1982 e, atrav\u00e9s dessa milit\u00e2ncia, se organizou no PCB. Formado em Hist\u00f3ria pela UFRJ, foi professor da educa\u00e7\u00e3o privada, passando a atuar na base do Sindicato dos Professores de escolas particulares (Sinpro-Rio), sendo seu diretor entre os anos de 2011 e 2014. Hiran tamb\u00e9m foi servidor p\u00fablico na UFRJ at\u00e9 o ano de 2019, quando se aposentou. Historiador, \u00e9 autor de diversos livros.<\/p>\n<p>Para o PCB, o espa\u00e7o institucional n\u00e3o \u00e9 um fim em si mesmo, mas uma ferramenta de mobiliza\u00e7\u00e3o e organiza\u00e7\u00e3o da classe trabalhadora visando a constru\u00e7\u00e3o do poder popular no rumo do socialismo.<\/p>\n<p>Nesta conjuntura em que amargamos uma das piores crises no Estado do Rio de Janeiro e no Brasil, a pr\u00e9-candidatura de Hiran se apresenta como importante instrumento de defesa dos interesses dos trabalhadores e das trabalhadoras fluminenses. Os ricos se aproveitam do caos para avan\u00e7ar sobre as condi\u00e7\u00f5es de exist\u00eancia da classe trabalhadora, para precarizar nossas vidas, dilapidar o fundo p\u00fablico e saquear o Estado mediante as privatiza\u00e7\u00f5es e contrarreformas.<\/p>\n<p>O Estado do Rio de Janeiro, nos \u00faltimos anos, passou por um intenso processo de desmonte da m\u00e1quina p\u00fablica e isso se traduziu, para os\/as trabalhadores\/as, na destrui\u00e7\u00e3o dos servi\u00e7os p\u00fablicos, deteriora\u00e7\u00e3o das condi\u00e7\u00f5es de vida e trabalho, aumento da repress\u00e3o e da viol\u00eancia policial, criminaliza\u00e7\u00e3o dos movimentos sociais e das comunidades populares, uma verdadeira pol\u00edtica de morte. Como na disputa pol\u00edtica n\u00e3o existem espa\u00e7os vazios, reafirmamos, atrav\u00e9s da pr\u00e9-candidatura de Hiran ao Senado, que a crise por que passamos n\u00e3o ser\u00e1 resolvida atrav\u00e9s de opera\u00e7\u00f5es cont\u00e1beis ou bons gestores, mas sim por meio das lutas e da organiza\u00e7\u00e3o da classe trabalhadora, da inser\u00e7\u00e3o da esquerda socialista nos movimentos sociais e sindicais, em paralelo \u00e0 ocupa\u00e7\u00e3o do espa\u00e7o institucional, apontando sempre para a necessidade de constru\u00e7\u00e3o de outro modelo de sociedade, em que haja efetiva participa\u00e7\u00e3o e mobiliza\u00e7\u00e3o popular. Deste modo ser\u00e1 poss\u00edvel aliar as lutas populares ao trabalho institucional, contribuindo para a constru\u00e7\u00e3o do Poder Popular.<\/p>\n<p>Por meio da pr\u00e9-candidatura de Hiran, o PCB reafirma seu compromisso com a defesa dos direitos dos trabalhadores e das trabalhadoras do Rio de Janeiro, apresentando um projeto de sociedade que combata radicalmente o capitalismo, gerador da pol\u00edtica de fome e de morte que assola nosso Estado e o pa\u00eds. Em defesa das empresas estatais e contra as privatiza\u00e7\u00f5es!<br \/>\nEm defesa dos servi\u00e7os p\u00fablicos, da sa\u00fade e da educa\u00e7\u00e3o!<\/p>\n<p>Pra mudar o rumo do Rio!<\/p>\n<p>Pelo Poder Popular!<\/p>\n","protected":false},"excerpt":{"rendered":"<a class=\"moretag\" href=\"https:\/\/pcb.org.br\/portal2\/29000\"> <\/a>","protected":false},"author":1,"featured_media":0,"comment_status":"closed","ping_status":"closed","sticky":false,"template":"","format":"standard","meta":{"jetpack_post_was_ever_published":false,"_jetpack_newsletter_access":"","_jetpack_dont_email_post_to_subs":false,"_jetpack_newsletter_tier_id":0,"_jetpack_memberships_contains_paywalled_content":false,"_jetpack_memberships_contains_paid_content":false,"footnotes":"","jetpack_publicize_message":"\"Hiran come\u00e7ou a atuar politicamente no movimento sindical banc\u00e1rio em 1982 e, atrav\u00e9s dessa milit\u00e2ncia, se organizou no PCB. Formado em Hist\u00f3ria pela UFRJ, foi professor da educa\u00e7\u00e3o privada, passando a atuar na base do Sinpro-Rio.\"","jetpack_publicize_feature_enabled":true,"jetpack_social_post_already_shared":true,"jetpack_social_options":{"image_generator_settings":{"template":"highway","default_image_id":0,"font":"","enabled":false},"version":2}},"categories":[1],"tags":[223],"class_list":["post-29000","post","type-post","status-publish","format-standard","hentry","category-geral","tag-3a"],"jetpack_publicize_connections":[],"jetpack_featured_media_url":"","jetpack_shortlink":"https:\/\/wp.me\/p659gw-7xK","jetpack-related-posts":[],"jetpack_likes_enabled":true,"jetpack_sharing_enabled":true,"_links":{"self":[{"href":"https:\/\/pcb.org.br\/portal2\/wp-json\/wp\/v2\/posts\/29000","targetHints":{"allow":["GET"]}}],"collection":[{"href":"https:\/\/pcb.org.br\/portal2\/wp-json\/wp\/v2\/posts"}],"about":[{"href":"https:\/\/pcb.org.br\/portal2\/wp-json\/wp\/v2\/types\/post"}],"author":[{"embeddable":true,"href":"https:\/\/pcb.org.br\/portal2\/wp-json\/wp\/v2\/users\/1"}],"replies":[{"embeddable":true,"href":"https:\/\/pcb.org.br\/portal2\/wp-json\/wp\/v2\/comments?post=29000"}],"version-history":[{"count":0,"href":"https:\/\/pcb.org.br\/portal2\/wp-json\/wp\/v2\/posts\/29000\/revisions"}],"wp:attachment":[{"href":"https:\/\/pcb.org.br\/portal2\/wp-json\/wp\/v2\/media?parent=29000"}],"wp:term":[{"taxonomy":"category","embeddable":true,"href":"https:\/\/pcb.org.br\/portal2\/wp-json\/wp\/v2\/categories?post=29000"},{"taxonomy":"post_tag","embeddable":true,"href":"https:\/\/pcb.org.br\/portal2\/wp-json\/wp\/v2\/tags?post=29000"}],"curies":[{"name":"wp","href":"https:\/\/api.w.org\/{rel}","templated":true}]}}