{"id":29033,"date":"2022-07-15T10:35:17","date_gmt":"2022-07-15T13:35:17","guid":{"rendered":"https:\/\/pcb.org.br\/portal2\/?p=29033"},"modified":"2022-07-15T10:35:17","modified_gmt":"2022-07-15T13:35:17","slug":"basta-de-fome-inflacao-e-desemprego","status":"publish","type":"post","link":"https:\/\/pcb.org.br\/portal2\/29033","title":{"rendered":"Basta de fome, infla\u00e7\u00e3o e desemprego!"},"content":{"rendered":"<p><img decoding=\"async\" class=\"imagem\" title=\"imagem\" src=\"https:\/\/i0.wp.com\/lh3.googleusercontent.com\/pw\/AM-JKLWJqCkYJFoFjfw6NVsO3Wk8oreOBhZVXMR3CZ8ZCo_X4fKEuVvk4p8b242VbsHjVn43ZS5TLSyztk8vw2CA-GiUDk-066mKupR4G0EBIIVeyBKEsW55ra7TGzgxmeqvv2iu3KZS4Sm9ZKYa6uJFM-Jm=w525-h656-no\" alt=\"imagem\" \/><!--more-->PELO PODER POPULAR!<\/p>\n<p>SOFIA MANZANO E ANTONIO ALVES: Pr\u00e9-candidatura do PCB \u00e0 Presid\u00eancia da Rep\u00fablica<\/p>\n<p>O Brasil hoje vive uma das maiores crises da sua hist\u00f3ria, com mais de 20 milh\u00f5es de desempregados, 38 milh\u00f5es de trabalhadores na informalidade e mais de 30 milh\u00f5es nas chamadas filas da fome. O povo trabalhador \u00e9 quem sofre os reflexos da crise mundial do capitalismo e com as a\u00e7\u00f5es do governo Bolsonaro, que tudo faz para favorecer os banqueiros, grandes empres\u00e1rios e o agroneg\u00f3cio: s\u00e3o mais privatiza\u00e7\u00f5es, ataques aos direitos sociais e trabalhistas, aumento dos pre\u00e7os dos combust\u00edveis e dos alimentos, desemprego, fome e mis\u00e9ria.<\/p>\n<p>Para derrotar o governo da morte e da destrui\u00e7\u00e3o, \u00e9 preciso seguir firme nas lutas e participar das elei\u00e7\u00f5es com independ\u00eancia e radicalidade.<\/p>\n<p>O PCB apresenta a pr\u00e9-candidatura da professora e economista Sofia Manzano a Presidente e do sindicalista Antonio Alves a vice, uma alternativa popular e revolucion\u00e1ria para tirar o pa\u00eds da crise e avan\u00e7ar nas transforma\u00e7\u00f5es sociais e pol\u00edticas, rumo ao Poder Popular e ao Socialismo. NOSSAS PRINCIPAIS PROPOSTAS S\u00c3O:<\/p>\n<p>JORNADA DE 30 HORAS SEMANAIS, sem redu\u00e7\u00e3o salarial, com reajuste autom\u00e1tico e indexa\u00e7\u00e3o \u00e0 infla\u00e7\u00e3o, para criar mais postos de trabalho e melhorar a qualidade de vida das trabalhadoras e dos trabalhadores.<\/p>\n<p>COMBATE \u00c0 FOME E AO AGRONEG\u00d3CIO. Amplia\u00e7\u00e3o dos programas de aux\u00edlio emergencial para trabalhadores desempregados e precarizados. Reforma Agr\u00e1ria j\u00e1! Apoio \u00e0 agricultura familiar e \u00e0 organiza\u00e7\u00e3o de cooperativas para a produ\u00e7\u00e3o agroecol\u00f3gica. Incentivo \u00e0 redu\u00e7\u00e3o do uso de agrot\u00f3xicos nas planta\u00e7\u00f5es. Demarca\u00e7\u00e3o e regulariza\u00e7\u00e3o das terras dos povos ind\u00edgenas, quilombolas e ribeirinhos.<\/p>\n<p>LEI DE RESPONSABILIDADE SOCIAL: para garantir recursos em favor do povo trabalhador, com investimentos p\u00fablicos na educa\u00e7\u00e3o, sa\u00fade, saneamento e programas sociais. Fim do teto de gastos e da Lei de Responsabilidade Fiscal, criada apenas para favorecer os banqueiros.<\/p>\n<p>REVOGA\u00c7\u00c3O DAS REFORMAS NEOLIBERAIS, como a previdenci\u00e1ria e a trabalhista, das privatiza\u00e7\u00f5es, terceiriza\u00e7\u00f5es e todas as flexibiliza\u00e7\u00f5es adotadas em favor dos capitalistas. Reestatiza\u00e7\u00e3o das empresas que foram privatizadas. Pela Petrobras 100% estatal e sob controle dos trabalhadores.<\/p>\n<p>FIM DA GUERRA \u00c0S DROGAS! Legaliza\u00e7\u00e3o da maconha e descriminaliza\u00e7\u00e3o das demais drogas, dando fim \u00e0 pol\u00edtica de exterm\u00ednio da popula\u00e7\u00e3o negra e da viol\u00eancia policial nas periferias. Revoga\u00e7\u00e3o completa da lei anti-terrorismo (12.850\/2013).<\/p>\n<p>COMBATE \u00c0S OPRESS\u00d5ES. Combate permanente ao machismo, ao racismo e \u00e0 lgbtfobia. LEGALIZA\u00c7\u00c3O DO ABORTO, com garantia de atendimento na rede p\u00fablica de sa\u00fade. Pol\u00edtica de cotas raciais, liberdade de culto religioso, defesa dos direitos humanos e das liberdades democr\u00e1ticas.<\/p>\n<p>Acesse as redes sociais da Sofia Manzano e acompanhe as atividades e posicionamentos da nossa pr\u00e9-candidata<\/p>\n<p>Facebook: @SofiaManzanoPCB<\/p>\n<p>Instagram: @sofiamanzanopcb<\/p>\n<p>Twitter: @SofiaManzanoPCB<\/p>\n<p>Para agendar entrevistas com a Sofia, entre em contato com a nossa assessoria de imprensa atrav\u00e9s do e-mail assessoria.sofiapcb2022@gmail.com<\/p>\n","protected":false},"excerpt":{"rendered":"<a class=\"moretag\" href=\"https:\/\/pcb.org.br\/portal2\/29033\"> <\/a>","protected":false},"author":1,"featured_media":0,"comment_status":"closed","ping_status":"closed","sticky":false,"template":"","format":"standard","meta":{"jetpack_post_was_ever_published":false,"_jetpack_newsletter_access":"","_jetpack_dont_email_post_to_subs":false,"_jetpack_newsletter_tier_id":0,"_jetpack_memberships_contains_paywalled_content":false,"_jetpack_memberships_contains_paid_content":false,"footnotes":"","jetpack_publicize_message":"","jetpack_publicize_feature_enabled":true,"jetpack_social_post_already_shared":true,"jetpack_social_options":{"image_generator_settings":{"template":"highway","default_image_id":0,"font":"","enabled":false},"version":2}},"categories":[17],"tags":[222],"class_list":["post-29033","post","type-post","status-publish","format-standard","hentry","category-s21-eleicoes","tag-2b"],"jetpack_publicize_connections":[],"jetpack_featured_media_url":"","jetpack_shortlink":"https:\/\/wp.me\/p659gw-7yh","jetpack-related-posts":[],"jetpack_likes_enabled":true,"jetpack_sharing_enabled":true,"_links":{"self":[{"href":"https:\/\/pcb.org.br\/portal2\/wp-json\/wp\/v2\/posts\/29033","targetHints":{"allow":["GET"]}}],"collection":[{"href":"https:\/\/pcb.org.br\/portal2\/wp-json\/wp\/v2\/posts"}],"about":[{"href":"https:\/\/pcb.org.br\/portal2\/wp-json\/wp\/v2\/types\/post"}],"author":[{"embeddable":true,"href":"https:\/\/pcb.org.br\/portal2\/wp-json\/wp\/v2\/users\/1"}],"replies":[{"embeddable":true,"href":"https:\/\/pcb.org.br\/portal2\/wp-json\/wp\/v2\/comments?post=29033"}],"version-history":[{"count":0,"href":"https:\/\/pcb.org.br\/portal2\/wp-json\/wp\/v2\/posts\/29033\/revisions"}],"wp:attachment":[{"href":"https:\/\/pcb.org.br\/portal2\/wp-json\/wp\/v2\/media?parent=29033"}],"wp:term":[{"taxonomy":"category","embeddable":true,"href":"https:\/\/pcb.org.br\/portal2\/wp-json\/wp\/v2\/categories?post=29033"},{"taxonomy":"post_tag","embeddable":true,"href":"https:\/\/pcb.org.br\/portal2\/wp-json\/wp\/v2\/tags?post=29033"}],"curies":[{"name":"wp","href":"https:\/\/api.w.org\/{rel}","templated":true}]}}