{"id":2905,"date":"2012-05-24T23:35:09","date_gmt":"2012-05-24T23:35:09","guid":{"rendered":"http:\/\/pcb.org.br\/portal2\/?p=2905"},"modified":"2023-02-26T01:09:02","modified_gmt":"2023-02-26T04:09:02","slug":"ivan-pinheiro-ministra-palestra-em-imperatriz","status":"publish","type":"post","link":"https:\/\/pcb.org.br\/portal2\/2905","title":{"rendered":"IVAN PINHEIRO ministra palestra em Imperatriz"},"content":{"rendered":"<p>Palestra\u00a0 ministrada pelo Secret\u00e1rio Geral do PCB, IVAN PINHEIRO, em Imperatriz-MA, reuniu uma centena de militantes e lideran\u00e7as do PCB e de partidos outros de esquerda, militantes e lideran\u00e7as sindicais e populares, trabalhadores, estudantes e professores.<\/p>\n<p>Dia 22 de maio de 1922, no audit\u00f3rio da UEMA (Universidade Estadual do Maranh\u00e3o) em Imperatriz-MA,\u00a0Ivan Pinheiro, Secret\u00e1rio Geral do PCB fez palestra sobre \u201cEstrat\u00e9gia e t\u00e1tica na luta pelo socialismo\u201d. Foi um evento bastante concorrido. Fez parte da mesa o representante do PSTU Wilson Leite, o presidente do PSOL no Estado do Maranh\u00e3o, Haroldo Sab\u00f3ia e a representante do MST na regi\u00e3o tocantina, a Sra. V\u00e2nia. V\u00e1rias lideran\u00e7as sindicais, representantes de associa\u00e7\u00f5es de bairros e demais movimentos populares prestigiaram com suas presen\u00e7as o evento.<\/p>\n<p>Em sua palestra, o Secret\u00e1rio Geral do PCB enfatizou a atual \u201cfase de reconstru\u00e7\u00e3o revolucion\u00e1ria do PCB\u201d, caracterizando o Brasil como uma economia capitalista altamente desenvolvida o que n\u00e3o deixa d\u00favidas de que o principal objetivo estrat\u00e9gico \u00e9\u00a0a luta pelo socialismo. Deixou claro o rompimento com\u00a0\u00a0 vis\u00f5es etapistas, nacional desenvolvimentistas, e outras que pregam a \u201chumaniza\u00e7\u00e3o do capitalismo\u201d. Enfatizou que Karl Marx percebeu que o capitalismo tem crises freq\u00fcentes, peri\u00f3dicas, oscilando entre crescimento econ\u00f4mico e estagna\u00e7\u00e3o, mas que a crise atual \u00e9\u00a0 uma crise sist\u00eamica, \u00e9\u00a0uma crise intestina do sistema capitalista onde particularmente a Zona do Euro e EUA, o eixo Imperialista, se contorce para encontrar meios de aumentar a taxa de valoriza\u00e7\u00e3o do capital. Isto repercute em todo o mundo, pois o imperialismo imp\u00f5e a todos os pa\u00edses uma pol\u00edtica de desregulamenta\u00e7\u00e3o dos direitos dos trabalhadores com o objetivo de reduzir custos com a for\u00e7a de trabalho.<\/p>\n<p>Mencionou que no atual est\u00e1gio, h\u00e1\u00a0alguns pa\u00edses que est\u00e3o ganhando com a crise, incluindo a\u00ed\u00a0os chamados BRIC, (Brasil, R\u00fassia, \u00cdndia e China) mais a \u00c1frica do Sul. Mas que em algum momento a crise tamb\u00e9m deve tingi-los, tornando a situa\u00e7\u00e3o ainda mais dram\u00e1tica.<\/p>\n<p>Em sua interven\u00e7\u00e3o, o Secret\u00e1rio Geral do PCB Ivan Pinheiro definiu que o caminho a seguir pelos trabalhadores e todos os explorados \u00e9\u00a0o caminho da revolu\u00e7\u00e3o socialista, pois n\u00e3o h\u00e1\u00a0nenhuma reforma que possa salvar o capitalismo que s\u00f3\u00a0explora, oprime, gera inseguran\u00e7a, viol\u00eancia e sofrimento.<\/p>\n<p>Fez ainda a abordagem de v\u00e1rios outros temas que explicitam a estrat\u00e9gia e t\u00e1tica definida pelo PCB em seu XIV Congresso e na Confer\u00eancia ocorrida em 2011. Discorreu sobre o panorama da realidade brasileira e global, levantando alternativas que podem orientar o movimento dos trabalhadores e demais movimentos que lutam contra a explora\u00e7\u00e3o capitalista.<\/p>\n<p>A presen\u00e7a do Secretario Geral do PCB,\u00a0Ivan Pinheiro, em Imperatriz-MA, foi organizada pelo PCB-Comit\u00ea de Imperatriz-MA. Al\u00e9m da palestra proferida \u00e0 noite no audit\u00f3rio da UEMA (Universidade Estadual do Maranh\u00e3o-Campus Imperatriz-MA), foi entrevistado por v\u00e1rios \u00f3rg\u00e3os da imprensa local no per\u00edodo da manh\u00e3 e \u00e0 tarde fez reuni\u00e3o com militantes e dirigentes do partido no munic\u00edpio e contando ainda com a presen\u00e7a de dirigentes do Comit\u00ea estadual do partido, Ben\u00e9, Josivaldo e Aneri.<\/p>\n","protected":false},"excerpt":{"rendered":"\n\n\nCr\u00e9dito: PCB\n\n\n\n\n\n\n\n\nImperatriz-MA\n<a class=\"moretag\" href=\"https:\/\/pcb.org.br\/portal2\/2905\"> <\/a>","protected":false},"author":1,"featured_media":0,"comment_status":"closed","ping_status":"closed","sticky":false,"template":"","format":"standard","meta":{"jetpack_post_was_ever_published":false,"_jetpack_newsletter_access":"","_jetpack_dont_email_post_to_subs":false,"_jetpack_newsletter_tier_id":0,"_jetpack_memberships_contains_paywalled_content":false,"_jetpack_memberships_contains_paid_content":false,"footnotes":"","jetpack_publicize_message":"","jetpack_publicize_feature_enabled":true,"jetpack_social_post_already_shared":false,"jetpack_social_options":{"image_generator_settings":{"template":"highway","default_image_id":0,"font":"","enabled":false},"version":2}},"categories":[23,383],"tags":[],"class_list":["post-2905","post","type-post","status-publish","format-standard","hentry","category-c29-organizacao","category-pronunciamentos-da-secretaria-geral"],"jetpack_publicize_connections":[],"jetpack_featured_media_url":"","jetpack_shortlink":"https:\/\/wp.me\/p659gw-KR","jetpack-related-posts":[],"jetpack_likes_enabled":true,"jetpack_sharing_enabled":true,"_links":{"self":[{"href":"https:\/\/pcb.org.br\/portal2\/wp-json\/wp\/v2\/posts\/2905","targetHints":{"allow":["GET"]}}],"collection":[{"href":"https:\/\/pcb.org.br\/portal2\/wp-json\/wp\/v2\/posts"}],"about":[{"href":"https:\/\/pcb.org.br\/portal2\/wp-json\/wp\/v2\/types\/post"}],"author":[{"embeddable":true,"href":"https:\/\/pcb.org.br\/portal2\/wp-json\/wp\/v2\/users\/1"}],"replies":[{"embeddable":true,"href":"https:\/\/pcb.org.br\/portal2\/wp-json\/wp\/v2\/comments?post=2905"}],"version-history":[{"count":0,"href":"https:\/\/pcb.org.br\/portal2\/wp-json\/wp\/v2\/posts\/2905\/revisions"}],"wp:attachment":[{"href":"https:\/\/pcb.org.br\/portal2\/wp-json\/wp\/v2\/media?parent=2905"}],"wp:term":[{"taxonomy":"category","embeddable":true,"href":"https:\/\/pcb.org.br\/portal2\/wp-json\/wp\/v2\/categories?post=2905"},{"taxonomy":"post_tag","embeddable":true,"href":"https:\/\/pcb.org.br\/portal2\/wp-json\/wp\/v2\/tags?post=2905"}],"curies":[{"name":"wp","href":"https:\/\/api.w.org\/{rel}","templated":true}]}}