{"id":29068,"date":"2022-07-26T11:47:53","date_gmt":"2022-07-26T14:47:53","guid":{"rendered":"https:\/\/pcb.org.br\/portal2\/?p=29068"},"modified":"2022-07-26T11:47:53","modified_gmt":"2022-07-26T14:47:53","slug":"pcv-repudio-as-agressoes-a-adelaide-e-jackeline","status":"publish","type":"post","link":"https:\/\/pcb.org.br\/portal2\/29068","title":{"rendered":"PCV: rep\u00fadio \u00e0s agress\u00f5es a Adelaide e Jackeline!"},"content":{"rendered":"<p><img data-recalc-dims=\"1\" decoding=\"async\" class=\"imagem\" title=\"imagem\" src=\"https:\/\/i0.wp.com\/lavrapalavra.com\/wp-content\/uploads\/2015\/08\/image-62.png?w=747&#038;ssl=1\" alt=\"imagem\" \/><!--more--><\/p>\n<p>PCV recha\u00e7a agress\u00f5es contra as dirigentes comunistas Adelaida Zerpa e Jackeline L\u00f3pez<\/p>\n<p>Tribuna Popular<\/p>\n<p>Caracas 23-07-2022. (Comunicado)<\/p>\n<p>O Bir\u00f4 Pol\u00edtico do Comit\u00ea Central do Partido Comunista da Venezuela (PCV) repudia as agress\u00f5es contra as camaradas Adelaida Zerpa e Jackeline L\u00f3pez, ocorridas nesta sexta, dia 21 de julho, durante a marcha unit\u00e1ria das trabalhadoras e dos trabalhadores da Administra\u00e7\u00e3o P\u00fablica Nacional contra a medida salarial da Ag\u00eancia Nacional de Or\u00e7amento (ONAPRE).<\/p>\n<p>Jackeline L\u00f3pez, integrante do Comit\u00ea Central do PCV e dirigente nacional do Movimento de Mulheres Clara Zetkin, foi atacada por grupos de choque, uniformizados com indument\u00e1ria da Prefeitura de Caracas, coordenados pelo Partido Socialista Unificado da Venezuela (PSUV).<\/p>\n<p>L\u00f3pez foi golpeada enquanto filmava os grupos que hostilizavam e provocavam os manifestantes; seu celular foi arrancado de suas m\u00e3os e destru\u00eddo. Tudo isto ocorreu sob o olhar c\u00famplice da Pol\u00edcia Nacional Bolivariana, que al\u00e9m disso impediu a chegada das trabalhadoras e dos trabalhadores \u00e0 sede da Vice-presid\u00eancia da Rep\u00fablica.<\/p>\n<p>Adelaida Zerpa, integrante do Bir\u00f4 Pol\u00edtico do Comit\u00ea Central do PCV, foi covardemente atacada por funcion\u00e1rios do Servi\u00e7o Bolivariano de Intelig\u00eancia (Sebin), do lado de fora da sede nacional do PCV, quando sujeitos armados rodearam o edif\u00edcio para sequestrar o ativista da Frente Nacional de Luta da Classe Trabalhadora, \u00c1ngel Castillo, que foi liberado horas mais tarde, num procedimento violat\u00f3rio da Constitui\u00e7\u00e3o e das leis nacionais.<\/p>\n<p>Estes fatos demonstram o giro violento adotado pela campanha anticomunista que portavozes da c\u00fapula do PSUV e seus operadores pol\u00edticos em meios de comunica\u00e7\u00e3o t\u00eam sustentado para inutilmente tratar de neutralizar o evidente descontentamento popular com o plano de ajuste neoliberal executado pelo governo anticomunista de Nicol\u00e1s Maduro.<\/p>\n<p>As comunistas venezuelanas v\u00eam protagonizando os combates de classe mais importantes da hist\u00f3ria de nosso pa\u00eds. Estamos seguros de que, neste momento de agudiza\u00e7\u00e3o das contradi\u00e7\u00f5es, as militantes do PCV manter\u00e3o a firmeza e integridade necess\u00e1rias para manter erguidas as bandeiras de luta contra o novo pacto de elites e a defesa dos direitos do povo venezuelano.<\/p>\n<p>Bir\u00f4 Pol\u00edtico do Comit\u00ea Central do PCV<\/p>\n<p>Caracas 22 de julho de 2022<\/p>\n<p>Tradu\u00e7\u00e3o: Partido Comunista Brasileiro (PCB)<\/p>\n<p>*Leia na Tribuna Popular*<br \/>\nhttps:\/\/t.co\/syn5c2pRG6<\/p>\n<p>*D\u00ea um RT neste tweet para romper o cerco* https:\/\/t.co\/uoOvFLhRhB<\/p>\n","protected":false},"excerpt":{"rendered":"<a class=\"moretag\" href=\"https:\/\/pcb.org.br\/portal2\/29068\"> <\/a>","protected":false},"author":1,"featured_media":0,"comment_status":"closed","ping_status":"closed","sticky":false,"template":"","format":"standard","meta":{"jetpack_post_was_ever_published":false,"_jetpack_newsletter_access":"","_jetpack_dont_email_post_to_subs":false,"_jetpack_newsletter_tier_id":0,"_jetpack_memberships_contains_paywalled_content":false,"_jetpack_memberships_contains_paid_content":false,"footnotes":"","jetpack_publicize_message":"\"Estes fatos demonstram o giro violento adotado pela c\u00fapula do PSUV para inutilmente tratar de neutralizar o evidente descontentamento popular com o plano de ajuste neoliberal executado pelo governo anticomunista de Maduro.\"","jetpack_publicize_feature_enabled":true,"jetpack_social_post_already_shared":true,"jetpack_social_options":{"image_generator_settings":{"template":"highway","default_image_id":0,"font":"","enabled":false},"version":2}},"categories":[1],"tags":[227],"class_list":["post-29068","post","type-post","status-publish","format-standard","hentry","category-geral","tag-5a"],"jetpack_publicize_connections":[],"jetpack_featured_media_url":"","jetpack_shortlink":"https:\/\/wp.me\/p659gw-7yQ","jetpack-related-posts":[],"jetpack_likes_enabled":true,"jetpack_sharing_enabled":true,"_links":{"self":[{"href":"https:\/\/pcb.org.br\/portal2\/wp-json\/wp\/v2\/posts\/29068","targetHints":{"allow":["GET"]}}],"collection":[{"href":"https:\/\/pcb.org.br\/portal2\/wp-json\/wp\/v2\/posts"}],"about":[{"href":"https:\/\/pcb.org.br\/portal2\/wp-json\/wp\/v2\/types\/post"}],"author":[{"embeddable":true,"href":"https:\/\/pcb.org.br\/portal2\/wp-json\/wp\/v2\/users\/1"}],"replies":[{"embeddable":true,"href":"https:\/\/pcb.org.br\/portal2\/wp-json\/wp\/v2\/comments?post=29068"}],"version-history":[{"count":0,"href":"https:\/\/pcb.org.br\/portal2\/wp-json\/wp\/v2\/posts\/29068\/revisions"}],"wp:attachment":[{"href":"https:\/\/pcb.org.br\/portal2\/wp-json\/wp\/v2\/media?parent=29068"}],"wp:term":[{"taxonomy":"category","embeddable":true,"href":"https:\/\/pcb.org.br\/portal2\/wp-json\/wp\/v2\/categories?post=29068"},{"taxonomy":"post_tag","embeddable":true,"href":"https:\/\/pcb.org.br\/portal2\/wp-json\/wp\/v2\/tags?post=29068"}],"curies":[{"name":"wp","href":"https:\/\/api.w.org\/{rel}","templated":true}]}}