{"id":29079,"date":"2022-07-29T16:05:09","date_gmt":"2022-07-29T19:05:09","guid":{"rendered":"https:\/\/pcb.org.br\/portal2\/?p=29079"},"modified":"2022-07-29T16:05:09","modified_gmt":"2022-07-29T19:05:09","slug":"basta-de-violencia-contra-as-mulheres-na-politica","status":"publish","type":"post","link":"https:\/\/pcb.org.br\/portal2\/29079","title":{"rendered":"Basta de viol\u00eancia contra as mulheres na pol\u00edtica"},"content":{"rendered":"<p><img data-recalc-dims=\"1\" decoding=\"async\" class=\"imagem\" title=\"imagem\" src=\"https:\/\/i0.wp.com\/lavrapalavra.com\/wp-content\/uploads\/2015\/08\/image-63.png?w=747&#038;ssl=1\" alt=\"imagem\" \/><!--more--><\/p>\n<p>Por Modaira Rubio Marcano &#8211; jornalista e militante comunista venezuelana<\/p>\n<p>Em 2015, os estados signat\u00e1rios da Conven\u00e7\u00e3o de Bel\u00e9m do Par\u00e1 sobre Preven\u00e7\u00e3o, Puni\u00e7\u00e3o e Erradica\u00e7\u00e3o da Viol\u00eancia contra a Mulher aprovaram a Declara\u00e7\u00e3o sobre Viol\u00eancia Pol\u00edtica e Ass\u00e9dio contra a Mulher, conclamando diversos atores sociais a desenvolver programas, campanhas e desenhar a\u00e7\u00f5es para combater este flagelo.<\/p>\n<p>Para autoras como Mona Lena Krook e Juliana Restrepo San\u00edn, a viol\u00eancia contra a mulher na pol\u00edtica \u00e9 diferente da viol\u00eancia pol\u00edtica e busca impedir a participa\u00e7\u00e3o das mulheres no ativismo. Esta viol\u00eancia \u00e9 muito mais do que um problema criminal, pois coloca grandes desafios \u00e0s liberdades democr\u00e1ticas, aos direitos humanos e \u00e0 igualdade de g\u00eanero. Devemos chamar a aten\u00e7\u00e3o sobre a quest\u00e3o para garantir que homens e mulheres possam participar da pol\u00edtica sem medo da viol\u00eancia.<\/p>\n<p>Tr\u00eas casos que conheci recentemente nos \u00faltimos dias na Am\u00e9rica Latina mostram que a viol\u00eancia contra as mulheres na pol\u00edtica \u00e9 um problema que, se n\u00e3o atentarmos para tal, pode agravar-se em nosso continente.<\/p>\n<p>A primeira \u00e9 a da Dra. Ana Karen, pr\u00e9-candidata a deputada federal pelo Partido Comunista Brasileiro (PCB) na Bahia e integrante do coletivo feminista classista Ana Montenegro. Ela estava participando de um ato em Uiba\u00ed, cidade onde ocorreu dias atr\u00e1s o feminic\u00eddio de uma jovem de 22 anos. Na atividade, que teve como foco o combate \u00e0 viol\u00eancia de g\u00eanero, v\u00e1rias mulheres apresentaram den\u00fancias de viol\u00eancia sexista exercida por seus parceiros e tamb\u00e9m de viol\u00eancia institucional. Karen expressou que &#8220;a viol\u00eancia contra a mulher e os casos de feminic\u00eddio n\u00e3o s\u00e3o eventos isolados, pelo contr\u00e1rio, s\u00e3o extremamente comuns dentro de uma sociedade patriarcal e capitalista, que utiliza a domina\u00e7\u00e3o e o controle dos corpos das mulheres para explor\u00e1-los em em m\u00faltiplas jornadas de trabalho e nos piores empregos\u201d.<\/p>\n<p>Em seu discurso, tamb\u00e9m destacou a gest\u00e3o desastrosa de Jair Bolsonaro sobre o coronav\u00edrus no Brasil, que deixou mais de 700 mil mortos, incluindo um n\u00famero alt\u00edssimo de gestantes da Covid-19, sendo um dos pa\u00edses com maior taxa de mortalidade materna devido \u00e0 pandemia. Algu\u00e9m gravou um v\u00eddeo da interven\u00e7\u00e3o de Karen, distorceu suas palavras e publicou nas redes sociais chamando-a de &#8220;louca agressiva&#8221;. A viraliza\u00e7\u00e3o do material procurou colocar a pr\u00e9-candidata comunista como uma &#8220;esquizofr\u00eanica&#8221;, termo usado por seus detratores. Conversamos com Karen e ela nos disse que, apesar dos ataques e da tentativa de desacredit\u00e1-la, ela n\u00e3o ficar\u00e1 calada e continuar\u00e1 sua campanha e sua luta pelos direitos das mulheres brasileiras.<\/p>\n<p>Duas dirigentes do Partido Comunista da Venezuela (PCV), Adelaida Zerpa e Jackeline L\u00f3pez, foram agredidos na quinta-feira, 21 de julho, durante a marcha unit\u00e1ria contra as instru\u00e7\u00f5es da Ag\u00eancia Nacional de Or\u00e7amento (ONAPRE), que viola os direitos salariais estabelecidos na constitui\u00e7\u00e3o venezuelana e faz parte de uma pol\u00edtica sistem\u00e1tica de redu\u00e7\u00e3o da renda de homens e mulheres trabalhadores. L\u00f3pez foi espancada e agredida por grupos de choque vestidos com o uniforme da Prefeitura de Caracas, comandada pelo partido no poder e na frente de policiais, que n\u00e3o impediram os eventos, de acordo com seu depoimento. Zerpa, de 71 anos, foi severamente espancada por funcion\u00e1rios do Servi\u00e7o Bolivariano de Intelig\u00eancia (Sebin) durante a pris\u00e3o ilegal do dirigente sindical da Frente Nacional de Lutas da Classe Trabalhadora (FNLCT), \u00c1ngel Castillo, que foi libertado horas depois.<\/p>\n<p>A agress\u00e3o moral e f\u00edsica contra essas mulheres est\u00e1 intimamente ligada \u00e0 sua filia\u00e7\u00e3o partid\u00e1ria e \u00e0s campanhas anticomunistas dirigidas por setores oficiais de seus pa\u00edses na m\u00eddia e nas redes sociais. De acordo com pesquisas na \u00e1rea, as defici\u00eancias nos sistemas de justi\u00e7a criminal e na capacidade do Estado desempenham um papel crucial para moldar a viol\u00eancia pol\u00edtica e de g\u00eanero, vinculando a viol\u00eancia contra as mulheres na pol\u00edtica com os processos prec\u00e1rios de consolida\u00e7\u00e3o democr\u00e1tica. A chamada \u00e9 para todos: em uma verdadeira democracia, ningu\u00e9m pode ser atacado por expressar suas ideias contra o capitalismo, sistema que comprovadamente \u00e9 respons\u00e1vel pelo aumento das desigualdades na sociedade.<\/p>\n<p>Tradu\u00e7\u00e3o: Partido Comunista Brasileiro (PCB)<\/p>\n<p>IG:@modairarubio<br \/>\nE-mail:modairarubio@gmail.com<br \/>\nComunicaci\u00f3n Pol\u00edtica, Econom\u00eda, Feminismos y DDHH<br \/>\nhttps:\/\/t.me\/modairarubio\/69<\/p>\n","protected":false},"excerpt":{"rendered":"<a class=\"moretag\" href=\"https:\/\/pcb.org.br\/portal2\/29079\"> <\/a>","protected":false},"author":1,"featured_media":0,"comment_status":"closed","ping_status":"closed","sticky":false,"template":"","format":"standard","meta":{"jetpack_post_was_ever_published":false,"_jetpack_newsletter_access":"","_jetpack_dont_email_post_to_subs":false,"_jetpack_newsletter_tier_id":0,"_jetpack_memberships_contains_paywalled_content":false,"_jetpack_memberships_contains_paid_content":false,"footnotes":"","jetpack_publicize_message":"\"Esta viol\u00eancia \u00e9 muito mais do que um problema criminal, pois coloca grandes desafios \u00e0s liberdades democr\u00e1ticas, aos direitos humanos e \u00e0 igualdade de g\u00eanero.\"","jetpack_publicize_feature_enabled":true,"jetpack_social_post_already_shared":true,"jetpack_social_options":{"image_generator_settings":{"template":"highway","default_image_id":0,"font":"","enabled":false},"version":2}},"categories":[1],"tags":[228],"class_list":["post-29079","post","type-post","status-publish","format-standard","hentry","category-geral","tag-5b"],"jetpack_publicize_connections":[],"jetpack_featured_media_url":"","jetpack_shortlink":"https:\/\/wp.me\/p659gw-7z1","jetpack-related-posts":[],"jetpack_likes_enabled":true,"jetpack_sharing_enabled":true,"_links":{"self":[{"href":"https:\/\/pcb.org.br\/portal2\/wp-json\/wp\/v2\/posts\/29079","targetHints":{"allow":["GET"]}}],"collection":[{"href":"https:\/\/pcb.org.br\/portal2\/wp-json\/wp\/v2\/posts"}],"about":[{"href":"https:\/\/pcb.org.br\/portal2\/wp-json\/wp\/v2\/types\/post"}],"author":[{"embeddable":true,"href":"https:\/\/pcb.org.br\/portal2\/wp-json\/wp\/v2\/users\/1"}],"replies":[{"embeddable":true,"href":"https:\/\/pcb.org.br\/portal2\/wp-json\/wp\/v2\/comments?post=29079"}],"version-history":[{"count":0,"href":"https:\/\/pcb.org.br\/portal2\/wp-json\/wp\/v2\/posts\/29079\/revisions"}],"wp:attachment":[{"href":"https:\/\/pcb.org.br\/portal2\/wp-json\/wp\/v2\/media?parent=29079"}],"wp:term":[{"taxonomy":"category","embeddable":true,"href":"https:\/\/pcb.org.br\/portal2\/wp-json\/wp\/v2\/categories?post=29079"},{"taxonomy":"post_tag","embeddable":true,"href":"https:\/\/pcb.org.br\/portal2\/wp-json\/wp\/v2\/tags?post=29079"}],"curies":[{"name":"wp","href":"https:\/\/api.w.org\/{rel}","templated":true}]}}