{"id":29083,"date":"2022-07-31T12:23:32","date_gmt":"2022-07-31T15:23:32","guid":{"rendered":"https:\/\/pcb.org.br\/portal2\/?p=29083"},"modified":"2022-07-31T12:23:32","modified_gmt":"2022-07-31T15:23:32","slug":"pcb-confirma-sofia-manzano-e-antonio-alves-candidatos-a-presidencia-do-brasil","status":"publish","type":"post","link":"https:\/\/pcb.org.br\/portal2\/29083","title":{"rendered":"PCB confirma Sofia Manzano e Antonio Alves candidatos \u00e0 Presid\u00eancia do Brasil"},"content":{"rendered":"<p><img data-recalc-dims=\"1\" decoding=\"async\" class=\"imagem\" title=\"imagem\" src=\"https:\/\/i0.wp.com\/lavrapalavra.com\/wp-content\/uploads\/2015\/08\/image.png?w=747&#038;ssl=1\" alt=\"imagem\" \/><!--more--><\/p>\n<p>Comiss\u00e3o Nacional Eleitoral do PCB<\/p>\n<p>Em Conven\u00e7\u00e3o Nacional Eleitoral realizada em S\u00e3o Paulo neste s\u00e1bado, dia 30 de julho, a partir das 11:00, o Partido Comunista Brasileiro (PCB) confirmou os nomes da professora e economista Sofia Manzano e do sindicalista Antonio Alves como candidatos \u00e0 Presid\u00eancia da Rep\u00fablica, que disputar\u00e3o as elei\u00e7\u00f5es de 02 de outubro de 2022 com o n\u00famero 21.<\/p>\n<p>A Conven\u00e7\u00e3o foi presidida pelo camarada T\u00falio Lopes, Secret\u00e1rio Pol\u00edtico do PCB de Minas Gerais e coordenador da Comiss\u00e3o Nacional Eleitoral do PCB. O Secret\u00e1rio Geral do PCB, Edmilson Costa, abriu o evento conclamando a milit\u00e2ncia comunista a ocupar as ruas nas lutas da classe trabalhadora e para debater com a popula\u00e7\u00e3o o programa pol\u00edtico do Partido, atrav\u00e9s das nossas candidaturas, para combater os ataques do capital e avan\u00e7ar no rumo do Poder Popular e do Socialismo. O Prof. Antonio Carlos Mazzeo, Secret\u00e1rio Pol\u00edtico do PCB de S\u00e3o Paulo e membro do Comit\u00ea Central, fez tamb\u00e9m uma sauda\u00e7\u00e3o aos convencionais do Partido, passando em seguida a palavra aos pr\u00e9-candidatos \u00e0 Presid\u00eancia.<\/p>\n<p>Antonio Alves, tamb\u00e9m conhecido no movimento sindical e pol\u00edtico como &#8220;Morga\u00e7\u00e3o&#8221;, afirmou que a presen\u00e7a do PCB nas elei\u00e7\u00f5es presidenciais deste ano \u00e9 uma necessidade pol\u00edtica, a fim de que, ao mesmo tempo que se fa\u00e7a de forma radical o enfrentamento ao Governo Bolsonaro, ao fascismo, ao golpismo e aos ataques do capital, sem se render ao reformismo e \u00e0 pol\u00edtica de concilia\u00e7\u00e3o de classes, sejam apresentadas solu\u00e7\u00f5es concretas para combater as mazelas provocadas pelo capitalismo, apontando o caminho de uma real alternativa em favor dos interesses e necessidades da classe trabalhadora brasileira.<\/p>\n<p>A camarada Sofia Manzano lembrou que, para a imensa maioria da humanidade, o capitalismo n\u00e3o deu certo, pois serve apenas aos interesses de 1% da popula\u00e7\u00e3o, ataca os direitos da classe trabalhadora para garantir seus lucros, massacra os povos ind\u00edgenas e a popula\u00e7\u00e3o negra, discrimina mulheres e LGBTs, destr\u00f3i o meio ambiente. Apresentou as propostas centrais do PCB na campanha eleitoral:<\/p>\n<p>&#8220;Somos pela revoga\u00e7\u00e3o de todas as contrarreformas e toda a legisla\u00e7\u00e3o neoliberal contr\u00e1ria aos interesses dos trabalhadores, da juventude e da popula\u00e7\u00e3o pobre; defendemos uma pol\u00edtica que assegure emprego e moradia para todos, com a estatiza\u00e7\u00e3o dos transportes p\u00fablicos e reestrutura\u00e7\u00e3o da d\u00edvida interna; a revoga\u00e7\u00e3o da Lei de Responsabilidade Fiscal e do teto dos gastos e a cria\u00e7\u00e3o de uma Lei de Responsabilidade Social, que garanta recursos para investimento p\u00fablico no desenvolvimento do pa\u00eds e nas \u00e1reas sociais; uma pol\u00edtica para acabar com a fome e distribuir a renda, al\u00e9m de uma reforma tribut\u00e1ria progressiva que taxe os lucros e dividendos, grandes fortunas e heran\u00e7a, transa\u00e7\u00f5es financeiras, isentando da cobran\u00e7a do imposto de renda quem ganha at\u00e9 cinco sal\u00e1rios m\u00ednimos; al\u00e9m de uma pol\u00edtica de recomposi\u00e7\u00e3o das perdas salariais e valoriza\u00e7\u00e3o do sal\u00e1rio m\u00ednimo, aliada a uma reforma agr\u00e1ria sob o controle popular e ao combate permanente a todas formas de opress\u00e3o.&#8221;<\/p>\n<p>Na sequ\u00eancia, usaram da palavra os pr\u00e9-candidatos e pr\u00e9-candidatas aos governos estaduais Renata Regina (MG), Gabriel Colombo (SP), Eduardo Serra (RJ), Jones Manoel (PE), bem como as representa\u00e7\u00f5es dos coletivos do PCB: Ana Karen, pelo Coletivo Feminista Classista Ana Montenegro; Gabriel Lazzari, pela Uni\u00e3o da Juventude Comunista; Rockeiro, pela Unidade Classista; Renan, pelo Coletivo LGBT Comunista; Juliano Balthazar, pelo Coletivo Negro Minervino de Oliveira; Rafael, pelo Coletivo Cultural Vianinha (SP).<\/p>\n<p>O camarada Mauro Iasi fez a leitura de uma poesia de sua autoria, Dissid\u00eancia ou a arte de dissidiar: (&#8230;) Tempos de resistir\/Tempos de explodir\/(&#8230;) Tempos de dizer: N\u00e3o mais em nosso nome!\/ Se n\u00e3o pode se vestir com nossos sonhos\/N\u00e3o fale em nosso nome\/N\u00e3o mais construir casas\/Para que os ricos morem\/N\u00e3o mais fazer o p\u00e3o\/Que o explorador come\/N\u00e3o mais em nosso nome!\/N\u00e3o mais nosso suor, o teu descanso\/N\u00e3o mais nosso sangue, tua vida\/N\u00e3o mais nossa mis\u00e9ria, tua riqueza\/ (&#8230;) Tempos de plantar os tempos que iremos colher\/ \u00c9 tempo de dar nome aos bois\/De levantar a cabe\u00e7a\/Acima da boiada\/Porque \u00e9 tempo de tudo ou nada\/\u00c9 tempo de rebeldia\/S\u00e3o tempos de rebeli\u00e3o\/\u00c9 tempo de dissid\u00eancia\/J\u00e1 \u00e9 tempo dos cora\u00e7\u00f5es pularem fora do peito\/Em passeata, em multid\u00e3o\/Porque \u00e9 tempo de dissid\u00eancia\/\u00c9 tempo de revolu\u00e7\u00e3o!<\/p>\n<p>Edmilson Costa encerrou a Conven\u00e7\u00e3o afirmando o papel hist\u00f3rico do evento:<\/p>\n<p>\u201cAs candidaturas do PCB \u00e0 Presid\u00eancia, para governos estaduais, senadores, deputadas e deputados em todo o Brasil, demonstram a consolida\u00e7\u00e3o e o crescimento do Partido Comunista Brasileiro no ano do centen\u00e1rio de sua funda\u00e7\u00e3o, dando continuidade \u00e0 luta desenvolvida pelos militantes comunistas, que sofreram a persegui\u00e7\u00e3o e a repress\u00e3o da burguesia brasileira e resistiram bravamente para garantir que estiv\u00e9ssemos aqui para seguir combatendo o capitalismo e construindo a sociedade da felicidade e da abund\u00e2ncia, o Socialismo, no caminho do Comunismo.\u201d<\/p>\n<p>Concluiu prestando homenagem ao l\u00edder da Juventude Comunista Jos\u00e9 Montenegro de Lima, torturado e assassinado pela ditadura em 1975.<\/p>\n<p>Ao final do evento, os convencionais presentes bradaram com toda for\u00e7a:<\/p>\n<p>T\u00f4 com Sofia! N\u00e3o abro m\u00e3o do Socialismo e da Revolu\u00e7\u00e3o!<\/p>\n<p>Lutar, criar Poder Popular!<\/p>\n<p>N\u00e3o \u00e9 mole n\u00e3o, \u00e9 imposs\u00edvel acabar com o Partid\u00e3o!<\/p>\n<p>De norte a sul, no Brasil inteiro, viva o Partido Comunista Brasileiro!<\/p>\n<p>For\u00e7a, a\u00e7\u00e3o, n\u00e3o tem concilia\u00e7\u00e3o! Partido Comunista \u00e9 pra fazer Revolu\u00e7\u00e3o!<\/p>\n<p>Antonio Alves da Silva Junior nasceu em Recife\/PE, em outubro de 1978, filho da costureira Maria Alves e do caminhoneiro Antonio Alves. Residiu durante grande parte da inf\u00e2ncia e juventude na cidade do Paulista (Regi\u00e3o Metropolitana do Recife). Agitador cultural, foi militante de base do N\u00facleo Malcolm X (C\u00e9lula do Movimento Negro Unificado em Paulista), organizou a Posse Resist\u00eancia Hip Hop \u2013 Paulista Zona Norte \u2013 grupo de jovens perif\u00e9ricos que trabalhavam diversos temas de luta, recupera\u00e7\u00e3o da autoestima e valoriza\u00e7\u00e3o cultural.<\/p>\n<p>Em 1999 fez seu primeiro contato com o Partido Comunista Brasileiro (PCB) e iniciou sua milit\u00e2ncia na Uni\u00e3o da Juventude Comunista (UJC). Passou a integrar o n\u00facleo de cultura da UJC e articulou diversas a\u00e7\u00f5es em movimentos culturais e pol\u00edticos da juventude, como o F\u00f3rum das Juventudes de Pernambuco (FOJUPE), dando apoio e forma\u00e7\u00e3o pol\u00edtica.<\/p>\n<p>Em outubro de 2017, mudou-se para Teresina\/PI, onde vem trabalhando no Sindicato dos Trabalhadores dos Correios do Piau\u00ed. Em 2018 foi chamado a compor a Dire\u00e7\u00e3o Nacional da Unidade Classista, corrente sindical do PCB, fazendo parte da sua executiva. Participa de forma permanente das lutas dos trabalhadores dos Correios do Piau\u00ed contra a privatiza\u00e7\u00e3o da empresa estatal. Em 2021, no XVI Congresso Nacional do PCB, foi eleito para o Comit\u00ea Central do Partido Comunista Brasileiro.<\/p>\n<p>Sofia P\u00e1dua Manzano nasceu em 19 de maio de 1971, na cidade de S\u00e3o Paulo. Morou em Guarulhos na inf\u00e2ncia e depois mudou-se com a fam\u00edlia para um s\u00edtio na zona rural da cidade de Santa Isabel, na regi\u00e3o metropolitana de S\u00e3o Paulo. Realizou o ciclo da educa\u00e7\u00e3o b\u00e1sica entre a escola p\u00fablica e institui\u00e7\u00f5es privadas de S\u00e3o Jos\u00e9 dos Campos e Santa Isabel. Voltou a morar na cidade de S\u00e3o Paulo em 1988. Casada, tem um filho de seu primeiro casamento.<\/p>\n<p>\u00c9 graduada em Ci\u00eancias Econ\u00f4micas pela PUC\/SP, mestra em Desenvolvimento Econ\u00f4mico pelo Instituto de Economia da Unicamp e doutora em Hist\u00f3ria Econ\u00f4mica pela USP. Aprovada em primeiro lugar em concurso p\u00fablico para professora do curso de Economia da UESB (Universidade Estadual do Sudoeste da Bahia), mudou-se para Vit\u00f3ria da Conquista, Bahia, em outubro de 2013. \u00c9 autora de diversos artigos cient\u00edficos publicados no Brasil e no exterior. Publicou o livro Economia Pol\u00edtica para Trabalhadores, pelo Instituto Caio Prado J\u00fanior.<\/p>\n<p>Come\u00e7ou sua milit\u00e2ncia no PCB em 1989, durante a campanha presidencial daquele ano. Participou de todos os congressos do Partido desde o 9\u00ba Congresso, em 1991. A partir de 1992, passou a fazer parte do Comit\u00ea Central da Reconstru\u00e7\u00e3o Revolucion\u00e1ria do PCB. Ajudou a reorganizar a Uni\u00e3o da Juventude Comunista (UJC), ocupando sua presid\u00eancia. Teve importante trabalho no restabelecimento dos contatos internacionais dos comunistas, impulsionado pelos movimentos de juventudes comunistas de v\u00e1rios pa\u00edses.<\/p>\n<p>A partir de 2013, passou a integrar a base da Associa\u00e7\u00e3o dos Docentes da Universidade Estadual do Sudoeste da Bahia, ADUSB, se\u00e7\u00e3o sindical do ANDES. Foi vice-presidente da ADUSB entre os anos 2015 e 2016. Faz parte da Unidade Classista e comp\u00f5e a Fra\u00e7\u00e3o Nacional da UC no Andes-SN. Em 2014 integrou a chapa do PCB, encabe\u00e7ada por Mauro Iasi, na vice-presid\u00eancia.<\/p>\n","protected":false},"excerpt":{"rendered":"<a class=\"moretag\" href=\"https:\/\/pcb.org.br\/portal2\/29083\"> <\/a>","protected":false},"author":1,"featured_media":0,"comment_status":"closed","ping_status":"closed","sticky":false,"template":"","format":"standard","meta":{"jetpack_post_was_ever_published":false,"_jetpack_newsletter_access":"","_jetpack_dont_email_post_to_subs":false,"_jetpack_newsletter_tier_id":0,"_jetpack_memberships_contains_paywalled_content":false,"_jetpack_memberships_contains_paid_content":false,"footnotes":"","jetpack_publicize_message":"PCB confirma Sofia Manzano e Antonio Alves candidatos \u00e0 Presid\u00eancia do Brasil","jetpack_publicize_feature_enabled":true,"jetpack_social_post_already_shared":true,"jetpack_social_options":{"image_generator_settings":{"template":"highway","default_image_id":0,"font":"","enabled":false},"version":2}},"categories":[1],"tags":[219],"class_list":["post-29083","post","type-post","status-publish","format-standard","hentry","category-geral","tag-manchete"],"jetpack_publicize_connections":[],"jetpack_featured_media_url":"","jetpack_shortlink":"https:\/\/wp.me\/p659gw-7z5","jetpack-related-posts":[],"jetpack_likes_enabled":true,"jetpack_sharing_enabled":true,"_links":{"self":[{"href":"https:\/\/pcb.org.br\/portal2\/wp-json\/wp\/v2\/posts\/29083","targetHints":{"allow":["GET"]}}],"collection":[{"href":"https:\/\/pcb.org.br\/portal2\/wp-json\/wp\/v2\/posts"}],"about":[{"href":"https:\/\/pcb.org.br\/portal2\/wp-json\/wp\/v2\/types\/post"}],"author":[{"embeddable":true,"href":"https:\/\/pcb.org.br\/portal2\/wp-json\/wp\/v2\/users\/1"}],"replies":[{"embeddable":true,"href":"https:\/\/pcb.org.br\/portal2\/wp-json\/wp\/v2\/comments?post=29083"}],"version-history":[{"count":0,"href":"https:\/\/pcb.org.br\/portal2\/wp-json\/wp\/v2\/posts\/29083\/revisions"}],"wp:attachment":[{"href":"https:\/\/pcb.org.br\/portal2\/wp-json\/wp\/v2\/media?parent=29083"}],"wp:term":[{"taxonomy":"category","embeddable":true,"href":"https:\/\/pcb.org.br\/portal2\/wp-json\/wp\/v2\/categories?post=29083"},{"taxonomy":"post_tag","embeddable":true,"href":"https:\/\/pcb.org.br\/portal2\/wp-json\/wp\/v2\/tags?post=29083"}],"curies":[{"name":"wp","href":"https:\/\/api.w.org\/{rel}","templated":true}]}}