{"id":29124,"date":"2022-08-14T15:42:31","date_gmt":"2022-08-14T18:42:31","guid":{"rendered":"https:\/\/pcb.org.br\/portal2\/?p=29124"},"modified":"2022-08-21T13:21:17","modified_gmt":"2022-08-21T16:21:17","slug":"gestao-da-petrobras-privatizacao-manobras-e-trapacas","status":"publish","type":"post","link":"https:\/\/pcb.org.br\/portal2\/29124","title":{"rendered":"Gest\u00e3o da Petrobras: privatiza\u00e7\u00e3o, manobras e trapa\u00e7as"},"content":{"rendered":"<p><img data-recalc-dims=\"1\" decoding=\"async\" class=\"imagem\" title=\"imagem\" src=\"https:\/\/creditoycobranza.files.wordpress.com\/2013\/08\/cobrador.jpg?w=747&#038;h=217&#038;fit=300%2C217\" alt=\"imagem\" \/><!--more--><\/p>\n<p><strong>Unidade Classista dos Petroleiros<\/strong><\/p>\n<p>ACT e a decad\u00eancia da gest\u00e3o: depois de meses de lero lero e falsas propostas, 4 semanas de in\u00e9rcia!<\/p>\n<p>As gest\u00f5es da Petrobr\u00e1s que o golpe de 2016 pariu t\u00eam sido um primor n\u00e3o apenas na sanha privatista. Mas tamb\u00e9m t\u00eam se especializado em manobras, trapa\u00e7as e sortil\u00e9gios.<\/p>\n<p>Quem n\u00e3o se lembra do executivo de RH que foi pego com a boca na botija com transa\u00e7\u00e3o na bolsa de valores tendo informa\u00e7\u00e3o privilegiada _(insider trading)_, na ocasi\u00e3o da demiss\u00e3o do Castello Branco? E a mudan\u00e7a de estatuto casu\u00edstica e sob encomenda, meramente para permitir que um estrangeiro de interesse pudesse ocupar uma diretoria? \u00c9 a l\u00f3gica do, se n\u00e3o \u00e9 permitido, pouco importa o porqu\u00ea. Mudam-se as regras!<\/p>\n<p>Outro caso esdr\u00faxulo \u00e9 o de desmembramento de ativos da Petrobr\u00e1s para falsear que s\u00e3o subsidi\u00e1rias, escapando assim da legisla\u00e7\u00e3o de privatiza\u00e7\u00e3o que imp\u00f5e obrigatoriedade de aprova\u00e7\u00e3o parlamentar e licita\u00e7\u00e3o. Dessa forma, est\u00e3o conseguindo desmantelar a integridade da Petrobr\u00e1s sem debates p\u00fablicos e escolhendo o comprador que melhor convir. N\u00e3o poderia passar em branco o fato de Castello Branco e Marcuso assumirem cargos de destaque na 3R Petroleum, simplesmente a empresa concorrente para a qual eles mesmos decidiram vender ativos da Petrobr\u00e1s a pre\u00e7o de banana quando davam as cartas por aqui.<\/p>\n<p>Para o Acordo Coletivo de Trabalho (ACT), o mesmo padr\u00e3o.<\/p>\n<p>Para as negocia\u00e7\u00f5es de acordo de trabalho, as pr\u00e1ticas se repetem.<\/p>\n<p>Aproveitando-se de uma das bombas da contrarreforma trabalhista, lan\u00e7am m\u00e3o do recurso de acordo individual, mas de uma maneira para l\u00e1 de inusitada. Incentivam que a parcela da categoria apta a esse tipo de acordo o assine sem negocia\u00e7\u00e3o individual alguma, pelo contr\u00e1rio, oferecem para estes a mesm\u00edssima proposta apresentada para o Acordo Coletivo. E pasmem, informam que, caso a negocia\u00e7\u00e3o coletiva avance para novas propostas, essas tamb\u00e9m passam a valer para quem assinou o acordo individual! Ou seja, criaram a aberra\u00e7\u00e3o do &#8220;Acordo individual coletivizado&#8221;, num enquadramento &#8220;qu\u00e2ntico&#8221; da categoria de negocia\u00e7\u00e3o (n\u00e3o \u00e9 nem uma coisa nem outra, muito pelo contr\u00e1rio&#8230;). O prop\u00f3sito \u00e9 claro: montam uma armadilha simplesmente para fragilizar a negocia\u00e7\u00e3o coletiva, escanteando os sindicatos e diminuindo as margens de negocia\u00e7\u00e3o por haver menos trabalhadores participando ativamente do processo.<\/p>\n<p>Para completar, a novidade deste \u00faltimo ACT \u00e9 a seguinte: como o argumento de mudan\u00e7a de percentual de rateio do plano de sa\u00fade para 50 x 50 n\u00e3o se sustenta mais, j\u00e1 que a resolu\u00e7\u00e3o 23 da CGPAR teve seus efeitos anulados, trataram de tirar da cartola justo agora uma nova resolu\u00e7\u00e3o sob encomenda, com essa mesma mat\u00e9ria que foi derrotada. Um documento prec\u00e1rio, mal redigido e com erros b\u00e1sicos, diga-se de passagem.<\/p>\n<p>Fechando com chave de ouro, propagandeiam que t\u00eam interesse em fechar as negocia\u00e7\u00f5es em mesa, mas est\u00e3o completando simplesmente 4 semanas sem apresentar proposta ap\u00f3s a rejei\u00e7\u00e3o das representa\u00e7\u00f5es sindicais. Considerando que at\u00e9 agora nada do que foi apresentado foi digno de considera\u00e7\u00e3o, na pr\u00e1tica gastaram os meses at\u00e9 aqui simplesmente embromando a categoria, e agora inventam reuni\u00f5es tem\u00e1ticas para aumentar as cortinas de fuma\u00e7a e ganhar ainda mais tempo!<\/p>\n<p>A verdade \u00e9 que essa gest\u00e3o e esse RH batem contin\u00eancia ao Bolsonaro, Guedes e seus chefes: os grupos econ\u00f4micos estrangeiros que fazem jogatinas e especula\u00e7\u00f5es com as a\u00e7\u00f5es da Petrobr\u00e1s e parasitam at\u00e9 o \u00faltimo sangue a nossa estatal, sem qualquer preocupa\u00e7\u00e3o com o bem estar dos brasileiros ou mesmo com a sustentabilidade da companhia. Falam grosso com os trabalhadores petroleiros e fino com os donos da banca.<\/p>\n<p>Felizmente a hist\u00f3ria vai cobrar o pre\u00e7o desses indignos, que ser\u00e3o p\u00e1gina virada em breve, dada a resposta contundente dos trabalhadores, nas urnas, nas ruas e nos locais de trabalho! Vamos \u00e0 luta, organize-se no seu sindicato!<\/p>\n","protected":false},"excerpt":{"rendered":"<a class=\"moretag\" href=\"https:\/\/pcb.org.br\/portal2\/29124\"> <\/a>","protected":false},"author":1,"featured_media":0,"comment_status":"closed","ping_status":"closed","sticky":false,"template":"","format":"standard","meta":{"jetpack_post_was_ever_published":false,"_jetpack_newsletter_access":"","_jetpack_dont_email_post_to_subs":false,"_jetpack_newsletter_tier_id":0,"_jetpack_memberships_contains_paywalled_content":false,"_jetpack_memberships_contains_paid_content":false,"footnotes":"","jetpack_publicize_message":"\"Os grupos econ\u00f4micos estrangeiros fazem jogatinas e especula\u00e7\u00f5es com as a\u00e7\u00f5es da Petrobr\u00e1s e parasitam a nossa estatal, sem qualquer preocupa\u00e7\u00e3o com o bem estar dos brasileiros ou mesmo com a sustentabilidade da companhia.\"","jetpack_publicize_feature_enabled":true,"jetpack_social_post_already_shared":true,"jetpack_social_options":{"image_generator_settings":{"template":"highway","default_image_id":0,"font":"","enabled":false},"version":2}},"categories":[1,15,31],"tags":[222],"class_list":["post-29124","post","type-post","status-publish","format-standard","hentry","category-geral","category-s18-sindical","category-c31-unidade-classista","tag-2b"],"jetpack_publicize_connections":[],"jetpack_featured_media_url":"","jetpack_shortlink":"https:\/\/wp.me\/p659gw-7zK","jetpack-related-posts":[],"jetpack_likes_enabled":true,"jetpack_sharing_enabled":true,"_links":{"self":[{"href":"https:\/\/pcb.org.br\/portal2\/wp-json\/wp\/v2\/posts\/29124","targetHints":{"allow":["GET"]}}],"collection":[{"href":"https:\/\/pcb.org.br\/portal2\/wp-json\/wp\/v2\/posts"}],"about":[{"href":"https:\/\/pcb.org.br\/portal2\/wp-json\/wp\/v2\/types\/post"}],"author":[{"embeddable":true,"href":"https:\/\/pcb.org.br\/portal2\/wp-json\/wp\/v2\/users\/1"}],"replies":[{"embeddable":true,"href":"https:\/\/pcb.org.br\/portal2\/wp-json\/wp\/v2\/comments?post=29124"}],"version-history":[{"count":0,"href":"https:\/\/pcb.org.br\/portal2\/wp-json\/wp\/v2\/posts\/29124\/revisions"}],"wp:attachment":[{"href":"https:\/\/pcb.org.br\/portal2\/wp-json\/wp\/v2\/media?parent=29124"}],"wp:term":[{"taxonomy":"category","embeddable":true,"href":"https:\/\/pcb.org.br\/portal2\/wp-json\/wp\/v2\/categories?post=29124"},{"taxonomy":"post_tag","embeddable":true,"href":"https:\/\/pcb.org.br\/portal2\/wp-json\/wp\/v2\/tags?post=29124"}],"curies":[{"name":"wp","href":"https:\/\/api.w.org\/{rel}","templated":true}]}}