{"id":29136,"date":"2022-08-17T11:00:24","date_gmt":"2022-08-17T14:00:24","guid":{"rendered":"https:\/\/pcb.org.br\/portal2\/?p=29136"},"modified":"2022-08-23T11:05:59","modified_gmt":"2022-08-23T14:05:59","slug":"memoria-oscar-niemeyer-arquiteto-comunista","status":"publish","type":"post","link":"https:\/\/pcb.org.br\/portal2\/29136","title":{"rendered":"Mem\u00f3ria: Oscar Niemeyer \u2013 arquiteto comunista"},"content":{"rendered":"<p><img data-recalc-dims=\"1\" decoding=\"async\" class=\"imagem\" title=\"imagem\" src=\"https:\/\/i0.wp.com\/lavrapalavra.com\/wp-content\/uploads\/2015\/08\/image-73.png?w=747&#038;ssl=1\" alt=\"imagem\" \/><!--more--><\/p>\n<p>Por Marcela Carvalho via Jornal O MOMENTO &#8211; PCB da Bahia<\/p>\n<p>\u201c[\u2026]Onde a luz n\u00e3o inunda os quadros, onde o artif\u00edcio das palavras n\u00e3o encontra lugar [\u2026]\u201d<\/p>\n<p>Sodr\u00e9, Mem\u00f3rias de um escritor.<\/p>\n<p>Se o campo da cr\u00edtica historiogr\u00e1fica da arquitetura moderna brasileira vem, h\u00e1 muito, exercendo seu papel essencial na retomada e reconhecimento de alguns grandes nomes que apontam para o significado da arquitetura enquanto subst\u00e2ncia da hist\u00f3ria, \u00e9 preciso antecipar que este significado encontra-se fundamentalmente debru\u00e7ado sobre como a revela\u00e7\u00e3o da expressividade pl\u00e1stica e formal pode incidir sobre a sociedade e o seu futuro. Pensando nisso, \u00e9 imposs\u00edvel n\u00e3o rememorar a dimens\u00e3o simb\u00f3lico-expressiva da arquitetura, assumida atrav\u00e9s de um vocabul\u00e1rio formal muito pr\u00f3prio do nosso camarada, arquiteto e comunista Oscar Niemeyer.<\/p>\n<p>O marxista Nelson Werneck Sodr\u00e9, em seu texto \u201cMem\u00f3rias de um escritor\u201d, ressalta que as manifesta\u00e7\u00f5es art\u00edsticas do Modernismo, mesmo que fincadas as ra\u00edzes em seus motivos nacionais, prestam alguns servi\u00e7os como \u201ca busca pela simplicidade\u201d na forma. Ainda que o texto do Sodr\u00e9 seja, em sua maioria, uma cr\u00edtica ao que se conforma em torno da nossa literatura moderna no s\u00e9c. XX, pensemos na simplicidade enquanto aspecto aut\u00eantico de significa\u00e7\u00e3o bem como na dissemina\u00e7\u00e3o de uma estrutura visual de sentido ideol\u00f3gico no campo da arquitetura. \u00c0 medida que sua trajet\u00f3ria profissional amadurece sobre a prancheta, as rela\u00e7\u00f5es projetuais estabelecidas pelo arquiteto demonstravam de forma cada vez mais contundente as formula\u00e7\u00f5es est\u00e9ticas de um comunista: sua busca pela expressividade, a inven\u00e7\u00e3o pl\u00e1stica como determinante da cria\u00e7\u00e3o de uma obra de arte na paisagem urbana que tratasse de um \u201cpresente generoso\u201d, uma vontade do vir a ser frente aos escombros da democracia burguesa em seus horizontes estreitos.<\/p>\n<p>\u00c0 primeira linha, este primeiro tra\u00e7o gen\u00e9rico e necess\u00e1rio sobre o papel, \u00e9 uma a\u00e7\u00e3o limitada na fixa\u00e7\u00e3o de um sonho, desnudada na media\u00e7\u00e3o do cumprimento da fun\u00e7\u00e3o social da arquitetura e da experi\u00eancia de sua concep\u00e7\u00e3o controversa na realidade concreta. Encontramos nessa mesma linha n\u00e3o apenas a for\u00e7a dos croquis que eleva a expressividade pl\u00e1stica \u00e0 mera rela\u00e7\u00e3o formal can\u00f4nica, mas a primazia de um reflexo est\u00e9tico que recupera atrav\u00e9s dessa forma uma autoconsci\u00eancia acerca do g\u00eanero humano.<\/p>\n<p>De sua ret\u00f3rica projetual se estabelece, portanto, uma provoca\u00e7\u00e3o: mesmo n\u00e3o se tratando de uma \u201cfotografia\u201d da realidade, Oscar reconhece o car\u00e1ter decisivo de sua interven\u00e7\u00e3o. Conforme o arquiteto condensa toda carga expressiva da totalidade do projeto \u2013 o que envolve t\u00e9cnica construtiva, solu\u00e7\u00e3o formal, estrutura do espa\u00e7o que considera seu entorno \u2013 a configura\u00e7\u00e3o da linguagem de sua obra atrav\u00e9s da linha, ou seja, a pureza do tra\u00e7o enquanto s\u00edntese onde se re\u00fanem essas dimens\u00f5es, denuncia a arquitetura enquanto campo de possibilidade restrito obrigada a aceitar a decad\u00eancia de sua miss\u00e3o social, sem perder de vista o fim particular imanente da arquitetura enquanto manifesta\u00e7\u00e3o art\u00edstica que funda determinada consci\u00eancia est\u00e9tica e hist\u00f3rica.<\/p>\n<p>Nesse sentido, Oscar apodera-se da ess\u00eancia do labor do arquiteto, sabendo ele mesmo que \u201ca arquitetura n\u00e3o mudaria a vida, mas a vida mudaria a arquitetura\u201d. Mesmo limitado, buscava sempre rememorar as palavras de L\u00eanin no seu gesto criador ao compreender que \u201co reflexo do real na consci\u00eancia n\u00e3o se trata de um ato simples e direto\u201d no que diz respeito \u00e0 representa\u00e7\u00e3o sens\u00edvel ou de uma certa conforma\u00e7\u00e3o da imagem da realidade, como nos aponta Gyorgy Lukacs. Em Oscar, a arquitetura est\u00e1 a servi\u00e7o da catarse que n\u00e3o dizia apenas da experi\u00eancia de percorrer o espa\u00e7o concebido e apreender a linguagem que estrutura o significado particular de cada obra, mas de como a opera\u00e7\u00e3o de adentrar o cen\u00e1rio urbano, de conceber o espa\u00e7o do lugar humano diante do elevado grau de generalidade da Modernidade, exigia associar objetivamente a qualidade est\u00e9tica \u00e0 espantosa monumentalidade e clareza da forma. Cabe ressaltar que este caminho lhe permitiu extrapolar tanto a desordem do consumo de imagens bem como o funcionalismo exacerbado, duas condi\u00e7\u00f5es que desmancham o sentido da arquitetura produzida no s\u00e9c. XX em uma imagem da produtividade mec\u00e2nica.<\/p>\n<p>Para Roberto Segre\u00b9, as acep\u00e7\u00f5es est\u00e9ticas da arquitetura promovida por Oscar manifestada na media\u00e7\u00e3o entre a expressividade da curva livre e certa imposi\u00e7\u00e3o geom\u00e9trica que se d\u00e1 a partir do desenvolvimento tecnol\u00f3gico estrutural possibilitado na t\u00e9cnica do concreto armado, encontrava-se essencialmente vinculada a sua trajet\u00f3ria enquanto militante do Partido Comunista Brasileiro. N\u00e3o podemos deixar de rememorar que a condi\u00e7\u00e3o de sua obra no ambiente urbano, a qualidade est\u00e9tica que a arquitetura assume em car\u00e1ter cenogr\u00e1fico \u2013 visto a escala de representa\u00e7\u00e3o quase territorial das suas edifica\u00e7\u00f5es \u2013 encontra-se fortemente marcada pela constru\u00e7\u00e3o do espa\u00e7o imag\u00e9tico moderno diretamente relacionado ao cinema e a literatura. Atrav\u00e9s do PCB, Oscar compartilhou junto a Rui Santos, Astrojildo Pereira, Jo\u00e3o Tinoco de Freitas e outros, experi\u00eancias de produ\u00e7\u00e3o cinematogr\u00e1fica, aparato pelo qual o Partido tamb\u00e9m desenvolvia cr\u00edtica social e cinema engajado a partir dos anos 50\/60, resultando na cria\u00e7\u00e3o da produtora Liberdade Filmes, projeto norteado por Rui e Oscar.<\/p>\n<p>Se nesse per\u00edodo o Partido Comunista Brasileiro ascende vertiginosamente no que diz respeito \u00e0 interven\u00e7\u00e3o dos comunistas frente \u00e0 diversidade de manifesta\u00e7\u00f5es abarcadas pelo campo da cultura e da arte, o arquiteto Oscar Niemeyer certamente ser\u00e1 lembrado em sua atua\u00e7\u00e3o. Por fim, apontamos para a indispens\u00e1vel rememora\u00e7\u00e3o do mestre secular, seu pensamento est\u00e9tico na rela\u00e7\u00e3o de homem com a opera\u00e7\u00e3o \u201csens\u00edvel-visual\u201d que a arquitetura prop\u00f5e com mais afinco<\/p>\n<p>Notas:<\/p>\n<p>\u00b9 Roberto Segre (1934-2013) foi arquiteto, historiador e cr\u00edtico marxista.<\/p>\n","protected":false},"excerpt":{"rendered":"<a class=\"moretag\" href=\"https:\/\/pcb.org.br\/portal2\/29136\"> <\/a>","protected":false},"author":1,"featured_media":0,"comment_status":"closed","ping_status":"closed","sticky":false,"template":"","format":"standard","meta":{"jetpack_post_was_ever_published":false,"_jetpack_newsletter_access":"","_jetpack_dont_email_post_to_subs":false,"_jetpack_newsletter_tier_id":0,"_jetpack_memberships_contains_paywalled_content":false,"_jetpack_memberships_contains_paid_content":false,"footnotes":"","jetpack_publicize_message":"Mem\u00f3ria: Oscar Niemeyer \u2013 arquiteto comunista","jetpack_publicize_feature_enabled":true,"jetpack_social_post_already_shared":true,"jetpack_social_options":{"image_generator_settings":{"template":"highway","default_image_id":0,"font":"","enabled":false},"version":2}},"categories":[365,1],"tags":[225],"class_list":["post-29136","post","type-post","status-publish","format-standard","hentry","category-centenario-do-pcb","category-geral","tag-4a"],"jetpack_publicize_connections":[],"jetpack_featured_media_url":"","jetpack_shortlink":"https:\/\/wp.me\/p659gw-7zW","jetpack-related-posts":[],"jetpack_likes_enabled":true,"jetpack_sharing_enabled":true,"_links":{"self":[{"href":"https:\/\/pcb.org.br\/portal2\/wp-json\/wp\/v2\/posts\/29136","targetHints":{"allow":["GET"]}}],"collection":[{"href":"https:\/\/pcb.org.br\/portal2\/wp-json\/wp\/v2\/posts"}],"about":[{"href":"https:\/\/pcb.org.br\/portal2\/wp-json\/wp\/v2\/types\/post"}],"author":[{"embeddable":true,"href":"https:\/\/pcb.org.br\/portal2\/wp-json\/wp\/v2\/users\/1"}],"replies":[{"embeddable":true,"href":"https:\/\/pcb.org.br\/portal2\/wp-json\/wp\/v2\/comments?post=29136"}],"version-history":[{"count":0,"href":"https:\/\/pcb.org.br\/portal2\/wp-json\/wp\/v2\/posts\/29136\/revisions"}],"wp:attachment":[{"href":"https:\/\/pcb.org.br\/portal2\/wp-json\/wp\/v2\/media?parent=29136"}],"wp:term":[{"taxonomy":"category","embeddable":true,"href":"https:\/\/pcb.org.br\/portal2\/wp-json\/wp\/v2\/categories?post=29136"},{"taxonomy":"post_tag","embeddable":true,"href":"https:\/\/pcb.org.br\/portal2\/wp-json\/wp\/v2\/tags?post=29136"}],"curies":[{"name":"wp","href":"https:\/\/api.w.org\/{rel}","templated":true}]}}