{"id":2914,"date":"2012-05-28T05:00:18","date_gmt":"2012-05-28T05:00:18","guid":{"rendered":"http:\/\/pcb.org.br\/portal2\/?p=2914"},"modified":"2012-05-28T05:00:18","modified_gmt":"2012-05-28T05:00:18","slug":"conselho-patriotico-de-partidos-politicos-sera-constituido-no-dia-02-de-junho","status":"publish","type":"post","link":"https:\/\/pcb.org.br\/portal2\/2914","title":{"rendered":"CONSELHO PATRI\u00d3TICO DE PARTIDOS POL\u00cdTICOS SER\u00c1 CONSTITU\u00cdDO NO DIA 02 DE JUNHO"},"content":{"rendered":"\n<p>Caracas, 24 Maio. AVN.- Em um ato que se realizar\u00e1 no pr\u00f3ximo dia 02 de junho no Teatro Teresa Carre\u00f1o, em Caracas, ser\u00e1 instalado o Conselho Patri\u00f3tico dos partidos pol\u00edticos progressistas, com o objetivo de levar adiante a Miss\u00e3o 7 de outubro, que busca a vit\u00f3ria do presidente da Rep\u00fablica, Hugo Ch\u00e1vez, nas pr\u00f3ximas elei\u00e7\u00f5es.<\/p>\n<p>A coordenadora nacional do Grande Polo Patri\u00f3tico (GPP), Blanca Eekhout, disse que este novo conselho ser\u00e1 constitu\u00eddo pelos dirigentes do Partido Socialista Unido da Venezuela (PSUV), Partido Comunista da Venezuela (PCV), P\u00e1tria Para Todos (PPT), Uni\u00e3o Popular Venezuelana (UPV), Tupamaro (MRT), Movimento Eleitoral do Povo (MEP) e o partido Independentes pela Comunidade Nacional (IPCN).<\/p>\n<p>&#8220;Todos os militantes de nossos partidos assumiram n\u00e3o somente a bandeira da constru\u00e7\u00e3o do socialismo, do avan\u00e7o da revolu\u00e7\u00e3o, sen\u00e3o que tamb\u00e9m no caminho hist\u00f3rico de defender nossa independ\u00eancia, nossa soberania em um momento crucial para a humanidade&#8221;, disse nessa quinta-feira na roda de imprensa.<\/p>\n<p>O Grande Polo Patri\u00f3tico constitui uma iniciativa que agrupa coletivos, organiza\u00e7\u00f5es e grupos de diversas \u00edndoles com voca\u00e7\u00e3o progressista, a fim de somar for\u00e7as que garantam a continuidade do processo de mudan\u00e7as pol\u00edticas, sociais e econ\u00f4micas empreendido pelo presidente Hugo Ch\u00e1vez h\u00e1 13 anos.<\/p>\n<p>Para tais fins, este conglomerado se divide em conselhos patri\u00f3ticos territoriais e setoriais. Os primeiros tem a ver com os estados e os segundos com os diferentes setores que fazem a vida no pa\u00eds.<\/p>\n<p>A respeito, a tamb\u00e9m deputada da Assembleia Nacional mencionou que &#8220;o GPP n\u00e3o \u00e9 uma alian\u00e7a eleitoral sen\u00e3o que um espa\u00e7o de unidade, de encontro dos revolucion\u00e1rios na constru\u00e7\u00e3o do socialismo&#8221;, e recordou que a import\u00e2ncia de alcan\u00e7ar a vit\u00f3ria em 07 de outubro resulta em &#8220;um evento estrat\u00e9gico que nos vai permitir conquistar a plataforma para avan\u00e7ar no processo de independ\u00eancia, de soberania e de constru\u00e7\u00e3o socialista&#8221;.<\/p>\n<p>&#8220;Perante a crise do capitalismo, as amea\u00e7as de barb\u00e1rie, a brutalidade, o saque contra os povos independentes e soberanos, que est\u00e3o decidindo seu destino, neste momento \u00a0levantamos a bandeira da unidade absoluta na defesa da p\u00e1tria&#8221;, agregou.<\/p>\n<p>Eekhout mencionou que foi escolhido o dia 2 de junho para a conforma\u00e7\u00e3o deste conselho por causa do anivers\u00e1rio de El Porte\u00f1azo, &#8220;uma das a\u00e7\u00f5es mais criminosas da ditadura puntofijista (ocorrida em 1962), onde se assassinou, se massacrou o povo que justamente defendia a p\u00e1tria, que havia levantado as bandeiras de Bol\u00edvar, da soberania e independ\u00eancia&#8221;.<\/p>\n<p>Este novo conselho setorial se soma aos 16 j\u00e1 conformados, entre os quais se destacam os seguintes: afro-descendentes, pessoas portadoras de necessidades especiais, adultos maiores, mulheres, pescadores e trabalhadores rurais, movimentos por moradia, ci\u00eancia e tecnologia, juventude, diversidade sexual, artes\u00e3os, caminhoneiros, ecologistas, comunica\u00e7\u00e3o, organiza\u00e7\u00e3o comunit\u00e1ria, economia comunal e combatentes.<\/p>\n<p>Fonte: <a href=\"http:\/\/cstytdc.blogspot.com\/2012\/05\/consejo-patriotico-departidos-politicos.html \" target=\"_blank\">AVN<\/a> 24\/05\/2012 14:30<\/p>\n<p>Tradu\u00e7\u00e3o: PCB \u2013 Partido Comunista Brasileiro<\/p>\n","protected":false},"excerpt":{"rendered":"\n\n\nCr\u00e9dito: AVN\n\n\n\n\n\n\n\n\nVENEZUELA:\n<a class=\"moretag\" href=\"https:\/\/pcb.org.br\/portal2\/2914\"> <\/a>","protected":false},"author":1,"featured_media":0,"comment_status":"open","ping_status":"open","sticky":false,"template":"","format":"standard","meta":{"jetpack_post_was_ever_published":false,"_jetpack_newsletter_access":"","_jetpack_dont_email_post_to_subs":false,"_jetpack_newsletter_tier_id":0,"_jetpack_memberships_contains_paywalled_content":false,"_jetpack_memberships_contains_paid_content":false,"footnotes":"","jetpack_publicize_message":"","jetpack_publicize_feature_enabled":true,"jetpack_social_post_already_shared":false,"jetpack_social_options":{"image_generator_settings":{"template":"highway","default_image_id":0,"font":"","enabled":false},"version":2}},"categories":[45],"tags":[],"class_list":["post-2914","post","type-post","status-publish","format-standard","hentry","category-c54-venezuela"],"jetpack_publicize_connections":[],"jetpack_featured_media_url":"","jetpack_shortlink":"https:\/\/wp.me\/p659gw-L0","jetpack-related-posts":[],"jetpack_likes_enabled":true,"jetpack_sharing_enabled":true,"_links":{"self":[{"href":"https:\/\/pcb.org.br\/portal2\/wp-json\/wp\/v2\/posts\/2914","targetHints":{"allow":["GET"]}}],"collection":[{"href":"https:\/\/pcb.org.br\/portal2\/wp-json\/wp\/v2\/posts"}],"about":[{"href":"https:\/\/pcb.org.br\/portal2\/wp-json\/wp\/v2\/types\/post"}],"author":[{"embeddable":true,"href":"https:\/\/pcb.org.br\/portal2\/wp-json\/wp\/v2\/users\/1"}],"replies":[{"embeddable":true,"href":"https:\/\/pcb.org.br\/portal2\/wp-json\/wp\/v2\/comments?post=2914"}],"version-history":[{"count":0,"href":"https:\/\/pcb.org.br\/portal2\/wp-json\/wp\/v2\/posts\/2914\/revisions"}],"wp:attachment":[{"href":"https:\/\/pcb.org.br\/portal2\/wp-json\/wp\/v2\/media?parent=2914"}],"wp:term":[{"taxonomy":"category","embeddable":true,"href":"https:\/\/pcb.org.br\/portal2\/wp-json\/wp\/v2\/categories?post=2914"},{"taxonomy":"post_tag","embeddable":true,"href":"https:\/\/pcb.org.br\/portal2\/wp-json\/wp\/v2\/tags?post=2914"}],"curies":[{"name":"wp","href":"https:\/\/api.w.org\/{rel}","templated":true}]}}