{"id":2916,"date":"2012-05-28T05:12:10","date_gmt":"2012-05-28T05:12:10","guid":{"rendered":"http:\/\/pcb.org.br\/portal2\/?p=2916"},"modified":"2012-05-28T05:12:10","modified_gmt":"2012-05-28T05:12:10","slug":"universidade-em-movimento-todo-apoio-a-greve-docente","status":"publish","type":"post","link":"https:\/\/pcb.org.br\/portal2\/2916","title":{"rendered":"Universidade em Movimento: Todo apoio \u00e0 greve docente"},"content":{"rendered":"\n<p>A\u00a0<strong>Uni\u00e3o da Juventude Comunista<\/strong> (UJC) apoia, e sua milit\u00e2ncia participa de forma ativa, da greve\u00a0nacional dos docentes das IFES deflagrada pelo ANDES-SN. Apoiamos a pauta de reestrutura\u00e7\u00e3o da carreira e melhores condi\u00e7\u00f5es de trabalho e repudiamos a intransig\u00eancia do governo, que se recusa a negociar de maneira efetiva o projeto de carreira apresentado pelo Andes h\u00e1 mais de um ano.<\/p>\n<p>Tamb\u00e9m se mobilizam estudantes e t\u00e9cnico-administrativos, em apoio aos professores, sem perder de vista as suas pautas espec\u00edficas. Isso ocorre como resultado das p\u00e9ssimas condi\u00e7\u00f5es de trabalho e estudo, fruto da expans\u00e3o universit\u00e1ria recentemente implementada (REUNI) e dos sucessivos cortes or\u00e7ament\u00e1rios na Educa\u00e7\u00e3o realizados pelo governo Dilma.<\/p>\n<p>Vemos a intensifica\u00e7\u00e3o do trabalho docente, a precariedade das instala\u00e7\u00f5es universit\u00e1ria, salas de aula superlotadas, falta de laborat\u00f3rios e de equipamentos, falta de programas efetivos de Assist\u00eancia Estudantil e o aumento da l\u00f3gica privada no interior das universidades.<\/p>\n<p>Esses s\u00e3o os resultados do desenvolvimento capitalista em geral e da clara op\u00e7\u00e3o dos \u00faltimos governos por criar uma economia de mercado capitalista e monopolista integrada internacionalmente. O que resulta em um conjunto de medidas que visam transformar a universidade de acordo com as demandas do mercado.<\/p>\n<p>Por isso, para os burocratas do governo servi\u00e7ais do capital, a universidade deve ser pensada como empresa que forma a for\u00e7a de trabalho, presta servi\u00e7os e disputa o mercado. Para tanto, deve ser eficaz na administra\u00e7\u00e3o dos recursos escassos de que disp\u00f5e, buscando complement\u00e1-los com parcerias p\u00fablico-privadas, projetos, cursos pagos, financiamentos alternativos e venda de servi\u00e7os.<\/p>\n<p>A pauta de reivindica\u00e7\u00f5es docente supera o terreno meramente salarial, pois coloca a disputa pol\u00edtica em torno da defesa radical do car\u00e1ter p\u00fablico da universidade.<\/p>\n<p>Para a\u00a0<strong>Uni\u00e3o da Juventude Comunista<\/strong> a greve \u00e9 um marco por uma nova correla\u00e7\u00e3o de for\u00e7as na universidade brasileira. Defendemos a unidade de todos os setores em\u00a0 luta dentro e fora da universidade, para resistirmos ao processo de mercantiliza\u00e7\u00e3o da educa\u00e7\u00e3o p\u00fablica e avan\u00e7armos na constru\u00e7\u00e3o da Universidade Popular, com acesso universal e que expresse as necessidades da classe trabalhadora brasileira. A milit\u00e2ncia da UJC n\u00e3o medir\u00e1 esfor\u00e7os nesse sentido.<\/p>\n<p>Temos a certeza que na atual conjuntura a defesa radical do car\u00e1ter p\u00fablico, gratuito, democr\u00e1tico, laico e de qualidade da universidade \u00e9 extremamente necess\u00e1rio, embora insuficiente, para a produ\u00e7\u00e3o e socializa\u00e7\u00e3o do conhecimento contra e para al\u00e9m da ordem do capital. Por isso, a luta por uma Universidade Popular se torna um projeto elementar para a resolu\u00e7\u00e3o dos problemas educacionais sob a perspectiva dos trabalhadores.<\/p>\n<p>Todo apoio \u00e0 Greve Nacional dos Professores do Ensino P\u00fablico Federal!<\/p>\n<p>Todo apoio \u00e0s greves estudantis e dos t\u00e9cnicos administrativos nas universidades!<\/p>\n<p>Em defesa da Universidade P\u00fablica!<\/p>\n<p>Por uma Universidade Popular!<\/p>\n<p>Em defesa da Carreira Docente apresentada pelo ANDES-SN!<\/p>\n<p>Por melhores condi\u00e7\u00f5es de trabalho e estudo!<\/p>\n<p>Maio de 2012,<\/p>\n<p>Coordena\u00e7\u00e3o Nacional da Uni\u00e3o da Juventude Comunista<\/p>\n<p><a href=\"http:\/\/ujc.org.br\/index.php\/artigos-sobre-a-ujc\/117-universidade-em-movimento-todo-apoio-a-greve-docente\" target=\"_blank\">http:\/\/ujc.org.br\/index.php\/artigos-sobre-a-ujc\/117-universidade-em-movimento-todo-apoio-a-greve-docente<\/a><\/p>\n","protected":false},"excerpt":{"rendered":"\n\n\nCr\u00e9dito: UJC\n\n\n\n\n\n\n\n\n<a class=\"moretag\" href=\"https:\/\/pcb.org.br\/portal2\/2916\"> <\/a>","protected":false},"author":1,"featured_media":0,"comment_status":"open","ping_status":"open","sticky":false,"template":"","format":"standard","meta":{"jetpack_post_was_ever_published":false,"_jetpack_newsletter_access":"","_jetpack_dont_email_post_to_subs":false,"_jetpack_newsletter_tier_id":0,"_jetpack_memberships_contains_paywalled_content":false,"_jetpack_memberships_contains_paid_content":false,"footnotes":"","jetpack_publicize_message":"","jetpack_publicize_feature_enabled":true,"jetpack_social_post_already_shared":false,"jetpack_social_options":{"image_generator_settings":{"template":"highway","default_image_id":0,"font":"","enabled":false},"version":2}},"categories":[27],"tags":[],"class_list":["post-2916","post","type-post","status-publish","format-standard","hentry","category-c27-ujc"],"jetpack_publicize_connections":[],"jetpack_featured_media_url":"","jetpack_shortlink":"https:\/\/wp.me\/p659gw-L2","jetpack-related-posts":[],"jetpack_likes_enabled":true,"jetpack_sharing_enabled":true,"_links":{"self":[{"href":"https:\/\/pcb.org.br\/portal2\/wp-json\/wp\/v2\/posts\/2916","targetHints":{"allow":["GET"]}}],"collection":[{"href":"https:\/\/pcb.org.br\/portal2\/wp-json\/wp\/v2\/posts"}],"about":[{"href":"https:\/\/pcb.org.br\/portal2\/wp-json\/wp\/v2\/types\/post"}],"author":[{"embeddable":true,"href":"https:\/\/pcb.org.br\/portal2\/wp-json\/wp\/v2\/users\/1"}],"replies":[{"embeddable":true,"href":"https:\/\/pcb.org.br\/portal2\/wp-json\/wp\/v2\/comments?post=2916"}],"version-history":[{"count":0,"href":"https:\/\/pcb.org.br\/portal2\/wp-json\/wp\/v2\/posts\/2916\/revisions"}],"wp:attachment":[{"href":"https:\/\/pcb.org.br\/portal2\/wp-json\/wp\/v2\/media?parent=2916"}],"wp:term":[{"taxonomy":"category","embeddable":true,"href":"https:\/\/pcb.org.br\/portal2\/wp-json\/wp\/v2\/categories?post=2916"},{"taxonomy":"post_tag","embeddable":true,"href":"https:\/\/pcb.org.br\/portal2\/wp-json\/wp\/v2\/tags?post=2916"}],"curies":[{"name":"wp","href":"https:\/\/api.w.org\/{rel}","templated":true}]}}