{"id":29204,"date":"2022-09-04T11:29:40","date_gmt":"2022-09-04T14:29:40","guid":{"rendered":"https:\/\/pcb.org.br\/portal2\/?p=29204"},"modified":"2022-09-04T11:29:40","modified_gmt":"2022-09-04T14:29:40","slug":"alerta-sobre-os-planos-de-intervencao-judicial-do-pcv","status":"publish","type":"post","link":"https:\/\/pcb.org.br\/portal2\/29204","title":{"rendered":"Alerta sobre os planos de interven\u00e7\u00e3o judicial do PCV"},"content":{"rendered":"<p><img data-recalc-dims=\"1\" decoding=\"async\" class=\"imagem\" title=\"imagem\" src=\"https:\/\/i0.wp.com\/lavrapalavra.com\/wp-content\/uploads\/2015\/08\/image-88.png?w=747&#038;ssl=1\" alt=\"imagem\" \/><!--more--><\/p>\n<p><strong>Pelo Partido Comunista da Venezuela, via Tribuna Popular<\/strong><\/p>\n<p>Caracas, 02-09-2022 (Reda\u00e7\u00e3o da Tribuna Popular)<\/p>\n<p>Atrav\u00e9s de uma comunica\u00e7\u00e3o firmada pelo Departamento de Pol\u00edtica Internacional, o Partido Comunista da Venezuela alertou, nesta sexta-feira (02\/09), aos partidos comunistas e oper\u00e1rios de todo o mundo que est\u00e1 sendo posto em marcha um plano para revogar a imunidade parlamentar do deputado Oscar Figuera, Secret\u00e1rio Geral do Partido Comunista da Venezuela e intervir judicialmente na organiza\u00e7\u00e3o.<\/p>\n<p>A seguir, reproduzimos o manifesto enviado \u00e0s organiza\u00e7\u00f5es do Movimento Comunista Internacional.<\/p>\n<p>Continua em execu\u00e7\u00e3o o plano dirigido a deslegitimar e atacar a dire\u00e7\u00e3o do PCV<\/p>\n<p>Na quarta-feira desta semana, dia 301\/08, o cidad\u00e3o Diosdado Cabello, vice-presidente do PSUV, voltou a arremeter contra o Partido Comunista da Venezuela (PCV), mas desta vez foi um pouco mais longe: acusou de maneira irrespons\u00e1vel nosso Partido de receber financiamento de um dos ex-ministros do PSUV.<\/p>\n<p>As declara\u00e7\u00f5es deste alto dirigente do partido do governo pretendem vincular o PCV a supostos casos de corrup\u00e7\u00e3o cometidos por este ex-ministro de Hugo Ch\u00e1vez e Nicol\u00e1s Maduro, como parte de seu plano dirigido a forjar um falso positivo que lhe sirva para justificar nacional e internacionalmente a interven\u00e7\u00e3o e ilegaliza\u00e7\u00e3o do PCV, assim como a suspens\u00e3o da imunidade parlamentar de nosso deputado e Secret\u00e1rio Geral, Oscar Figuera.<\/p>\n<p>N\u00e3o \u00e9 casual que esta ofensiva para ilegalizar o PCV ocorra nos momentos em que se intensifica a pol\u00edtica trabalhista regressiva e avan\u00e7am os projetos de privatiza\u00e7\u00e3o da ind\u00fastria petrol\u00edfera nos marcos dos acordos econ\u00f4micos com o governo dos Estados Unidos.<\/p>\n<p>O governo e a c\u00fapula do PSUV buscam eliminar uma voz de dignidade e resist\u00eancia revolucion\u00e1ria no parlamento frente ao processo de abertura ao capital mundial e \u00e0 pol\u00edtica voltada a desarmar a classe trabalhadora de suas organiza\u00e7\u00f5es pol\u00edticas. Conclamamos os Partidos Comunistas e Oper\u00e1rios do mundo a permanecer alertas e seguir de perto os pr\u00f3ximos passos destes planos antidemocr\u00e1ticos contra a classe trabalhadora venezuelana.<\/p>\n<p>Departamento de Pol\u00edtica Internacional do PCV<\/p>\n","protected":false},"excerpt":{"rendered":"<a class=\"moretag\" href=\"https:\/\/pcb.org.br\/portal2\/29204\"> <\/a>","protected":false},"author":1,"featured_media":0,"comment_status":"closed","ping_status":"closed","sticky":false,"template":"","format":"standard","meta":{"jetpack_post_was_ever_published":false,"_jetpack_newsletter_access":"","_jetpack_dont_email_post_to_subs":false,"_jetpack_newsletter_tier_id":0,"_jetpack_memberships_contains_paywalled_content":false,"_jetpack_memberships_contains_paid_content":false,"footnotes":"","jetpack_publicize_message":"\"O governo do PSUV buscam eliminar uma voz de resist\u00eancia revolucion\u00e1ria frente ao processo de abertura ao capital mundial e \u00e0 pol\u00edtica voltada a desarmar a classe trabalhadora de suas organiza\u00e7\u00f5es pol\u00edticas.\"","jetpack_publicize_feature_enabled":true,"jetpack_social_post_already_shared":true,"jetpack_social_options":{"image_generator_settings":{"template":"highway","default_image_id":0,"font":"","enabled":false},"version":2}},"categories":[1],"tags":[228],"class_list":["post-29204","post","type-post","status-publish","format-standard","hentry","category-geral","tag-5b"],"jetpack_publicize_connections":[],"jetpack_featured_media_url":"","jetpack_shortlink":"https:\/\/wp.me\/p659gw-7B2","jetpack-related-posts":[],"jetpack_likes_enabled":true,"jetpack_sharing_enabled":true,"_links":{"self":[{"href":"https:\/\/pcb.org.br\/portal2\/wp-json\/wp\/v2\/posts\/29204","targetHints":{"allow":["GET"]}}],"collection":[{"href":"https:\/\/pcb.org.br\/portal2\/wp-json\/wp\/v2\/posts"}],"about":[{"href":"https:\/\/pcb.org.br\/portal2\/wp-json\/wp\/v2\/types\/post"}],"author":[{"embeddable":true,"href":"https:\/\/pcb.org.br\/portal2\/wp-json\/wp\/v2\/users\/1"}],"replies":[{"embeddable":true,"href":"https:\/\/pcb.org.br\/portal2\/wp-json\/wp\/v2\/comments?post=29204"}],"version-history":[{"count":0,"href":"https:\/\/pcb.org.br\/portal2\/wp-json\/wp\/v2\/posts\/29204\/revisions"}],"wp:attachment":[{"href":"https:\/\/pcb.org.br\/portal2\/wp-json\/wp\/v2\/media?parent=29204"}],"wp:term":[{"taxonomy":"category","embeddable":true,"href":"https:\/\/pcb.org.br\/portal2\/wp-json\/wp\/v2\/categories?post=29204"},{"taxonomy":"post_tag","embeddable":true,"href":"https:\/\/pcb.org.br\/portal2\/wp-json\/wp\/v2\/tags?post=29204"}],"curies":[{"name":"wp","href":"https:\/\/api.w.org\/{rel}","templated":true}]}}