{"id":29252,"date":"2022-09-21T07:51:18","date_gmt":"2022-09-21T10:51:18","guid":{"rendered":"https:\/\/pcb.org.br\/portal2\/?p=29252"},"modified":"2022-09-28T07:54:19","modified_gmt":"2022-09-28T10:54:19","slug":"na-reta-final-intensificar-a-campanha-nas-ruas","status":"publish","type":"post","link":"https:\/\/pcb.org.br\/portal2\/29252","title":{"rendered":"Na reta final, intensificar a campanha nas ruas!"},"content":{"rendered":"<p><img data-recalc-dims=\"1\" decoding=\"async\" class=\"imagem\" title=\"imagem\" src=\"https:\/\/i0.wp.com\/lavrapalavra.com\/wp-content\/uploads\/2015\/08\/image-2022-09-21T074850.206.png?w=747&#038;ssl=1\" alt=\"imagem\" \/><!--more--><\/p>\n<p><strong>A HORA \u00c9 AGORA! VOTE COMUNISTA! VOTE PCB! VOTE 21!<\/strong><\/p>\n<p>Estamos na reta final da campanha. Nossa milit\u00e2ncia, tanto do Partido quanto dos Coletivos, tem realizado uma campanha com grande entusiasmo, divulgando nossos candidatos e candidatas, dialogando com os trabalhadores e as trabalhadoras, com a juventude e o povo pobre do nosso Pa\u00eds. Agora, nesses \u00faltimos 10 dias, \u00e9 hora de intensificar a campanha nas ruas, mostrando mais uma vez a garra e a combatividade da milit\u00e2ncia comunista, que \u00e9 o diferencial que tem marcado o nosso Partido e a campanha de Sofia Manzano e Ant\u00f4nio Alves \u00e0 presid\u00eancia da Rep\u00fablica, dos nossos candidatos e candidatas a governador, a senador, deputados e deputadas federais e estaduais do PCB. Mesmo sem recursos e sem tempo de TV, temos o que os outros partidos n\u00e3o t\u00eam: uma milit\u00e2ncia aguerrida que faz a diferen\u00e7a tanto nas lutas sociais quanto na campanha eleitoral.<\/p>\n<p>Como sabemos, as elei\u00e7\u00f5es de 2022 est\u00e3o marcadas pela crise capitalista que atinge nossa popula\u00e7\u00e3o com o desemprego, a fome, a mis\u00e9ria, a infla\u00e7\u00e3o e o aumento da explora\u00e7\u00e3o do povo trabalhador. Ao longo dessa crise, participamos ativamente na defesa das liberdades democr\u00e1ticas e pelos direitos dos trabalhadores, bem como na luta contra as pol\u00edticas antipopulares dos sucessivos governos neoliberais, combatendo tamb\u00e9m a pol\u00edtica de concilia\u00e7\u00e3o de classes. Estivemos contra o golpe de 2016, fizemos forte oposi\u00e7\u00e3o ao governo Temer (MDB) e constru\u00edmos a unidade de a\u00e7\u00e3o necess\u00e1ria para retomar as lutas de massas nas ruas para derrotar Bolsonaro, seu governo genocida e as amea\u00e7as fascistas.<\/p>\n<p>Nestas elei\u00e7\u00f5es, os comunistas do PCB apresentam um programa anticapitalista e anti-imperialista pautando a necessidade de construir o poder popular e avan\u00e7ar na luta pelo socialismo-comunismo. Constru\u00edmos uma alternativa popular e revolucion\u00e1ria atrav\u00e9s das candidaturas da professora Sofia Manzano para Presidenta e Ant\u00f4nio Alves a Vice Presidente. O PCB tamb\u00e9m lan\u00e7ou candidaturas pr\u00f3prias aos governos estaduais de S\u00e3o Paulo (Gabriel Colombo), Minas Gerais (Renata Regina), Rio de Janeiro (Eduardo Serra), Paran\u00e1 (Vivi Motta), Rio Grande do Sul (Messalla), Goi\u00e1s (Helga Martins), Distrito Federal (T\u00e9o), Pernambuco (Jones Manoel), Cear\u00e1 (Chico Malta), Maranh\u00e3o (Frankle Costa) e Bahia (Giovani Damico). Tamb\u00e9m lan\u00e7amos duas candidaturas ao Senado Federal nos estados de S\u00e3o Paulo (Tito) e Rio de Janeiro (Hiran), quarenta candidaturas \u00e0 c\u00e2mara federal e quinze \u00e0s assembleias legislativas. Todas as candidaturas do PCB s\u00e3o de militantes comprometidos com a luta revolucion\u00e1ria.<\/p>\n<p>O Estado Burgu\u00eas vem dificultando e limitando cada vez mais os espa\u00e7os democr\u00e1ticos, buscando inviabilizar a participa\u00e7\u00e3o dos comunistas e outros partidos de esquerda nas elei\u00e7\u00f5es gerais nos marcos da democracia liberal-burguesa. Nos retiraram os recursos do fundo partid\u00e1rio, nosso tempo de propaganda eleitoral gratuita no r\u00e1dio e na TV, inviabilizam nossa participa\u00e7\u00e3o no debate televisivo da m\u00eddia comercial corporativa. At\u00e9 agora o Tribunal Superior Eleitoral (TSE) n\u00e3o liberou os recursos do Fundo Especial de Financiamento de Campanha (FECH)! O PCB \u00e9 o \u00fanico partido que ainda n\u00e3o recebeu nenhum centavo do fundo eleitoral, mesmo ap\u00f3s j\u00e1 ter encaminhado a solicita\u00e7\u00e3o de regulariza\u00e7\u00e3o de suas presta\u00e7\u00f5es de contas. A justi\u00e7a burguesa adota um tratamento diferenciado com os comunistas do PCB buscando inviabiliz\u00e1-lo politicamente. Ao contr\u00e1rio do que mentirosamente afirmou um ve\u00edculo da m\u00eddia burguesa, o PCB N\u00c3O RECEBEU os recursos previstos, raz\u00e3o pela qual nenhum dos nossos candidatos e candidatas teve acesso ao dinheiro do fundo, o que demonstra uma vez mais a disposi\u00e7\u00e3o de luta da nossa milit\u00e2ncia, que tem se desdobrado com campanhas de arrecada\u00e7\u00e3o financeira para fazer acontecer a campanha das candidaturas comunistas.<\/p>\n<p>Mesmo com todas as dificuldades colocadas pelas classes dominantes, o PCB n\u00e3o se intimida e seguir\u00e1 lutando ao lado da classe trabalhadora, com a juventude e o povo pobre, em defesa das liberdades democr\u00e1ticas conquistadas com muita luta, suor e sangue. Lutamos bravamente nos \u00faltimos anos nas ruas e nas redes para derrotar Bolsonaro e seus aliados, buscando a constru\u00e7\u00e3o do poder popular no rumo do socialismo. A hora \u00e9 agora! Para derrotar Bolsonaro, avan\u00e7ar na luta pelo poder popular e preparar o Partido para as batalhas que vir\u00e3o no pr\u00f3ximo per\u00edodo: vote comunista, vote PCB, vote 21!<\/p>\n<p>Na reta final da campanha, a Comiss\u00e3o Pol\u00edtica Nacional do Comit\u00ea Central do PCB convoca toda a milit\u00e2ncia do PCB e da juventude comunista (UJC), da corrente sindical (Unidade Classista) e dos coletivos partid\u00e1rios (CFCAM, LGBT Comunista, CNMO) nossos apoiadores(as) e toda a rede de volunt\u00e1rios (as) para intensificar nossa campanha-movimento nas ruas, num esfor\u00e7o militante para marcar com combatividade e alegria nossa participa\u00e7\u00e3o nestas reta final das elei\u00e7\u00f5es gerais de 2022.<\/p>\n<p>Voto \u00fatil \u00e9 Sofia Manzano 21!<\/p>\n<p>Pelo Poder Popular no rumo do Socialismo!<\/p>\n<p>Comiss\u00e3o Pol\u00edtica Nacional do PCB<\/p>\n","protected":false},"excerpt":{"rendered":"<a class=\"moretag\" href=\"https:\/\/pcb.org.br\/portal2\/29252\"> <\/a>","protected":false},"author":1,"featured_media":0,"comment_status":"closed","ping_status":"closed","sticky":false,"template":"","format":"standard","meta":{"jetpack_post_was_ever_published":false,"_jetpack_newsletter_access":"","_jetpack_dont_email_post_to_subs":false,"_jetpack_newsletter_tier_id":0,"_jetpack_memberships_contains_paywalled_content":false,"_jetpack_memberships_contains_paid_content":false,"footnotes":"","jetpack_publicize_message":"\"Pelo Poder Popular, no rumo do Socialismo, voto \u00fatil \u00e9 Sofia Manzano 21!\"","jetpack_publicize_feature_enabled":true,"jetpack_social_post_already_shared":true,"jetpack_social_options":{"image_generator_settings":{"template":"highway","default_image_id":0,"font":"","enabled":false},"version":2}},"categories":[1],"tags":[222,246],"class_list":["post-29252","post","type-post","status-publish","format-standard","hentry","category-geral","tag-2b","tag-np"],"jetpack_publicize_connections":[],"jetpack_featured_media_url":"","jetpack_shortlink":"https:\/\/wp.me\/p659gw-7BO","jetpack-related-posts":[],"jetpack_likes_enabled":true,"jetpack_sharing_enabled":true,"_links":{"self":[{"href":"https:\/\/pcb.org.br\/portal2\/wp-json\/wp\/v2\/posts\/29252","targetHints":{"allow":["GET"]}}],"collection":[{"href":"https:\/\/pcb.org.br\/portal2\/wp-json\/wp\/v2\/posts"}],"about":[{"href":"https:\/\/pcb.org.br\/portal2\/wp-json\/wp\/v2\/types\/post"}],"author":[{"embeddable":true,"href":"https:\/\/pcb.org.br\/portal2\/wp-json\/wp\/v2\/users\/1"}],"replies":[{"embeddable":true,"href":"https:\/\/pcb.org.br\/portal2\/wp-json\/wp\/v2\/comments?post=29252"}],"version-history":[{"count":0,"href":"https:\/\/pcb.org.br\/portal2\/wp-json\/wp\/v2\/posts\/29252\/revisions"}],"wp:attachment":[{"href":"https:\/\/pcb.org.br\/portal2\/wp-json\/wp\/v2\/media?parent=29252"}],"wp:term":[{"taxonomy":"category","embeddable":true,"href":"https:\/\/pcb.org.br\/portal2\/wp-json\/wp\/v2\/categories?post=29252"},{"taxonomy":"post_tag","embeddable":true,"href":"https:\/\/pcb.org.br\/portal2\/wp-json\/wp\/v2\/tags?post=29252"}],"curies":[{"name":"wp","href":"https:\/\/api.w.org\/{rel}","templated":true}]}}