{"id":29266,"date":"2022-09-27T16:49:24","date_gmt":"2022-09-27T19:49:24","guid":{"rendered":"https:\/\/pcb.org.br\/portal2\/?p=29266"},"modified":"2022-10-03T15:16:43","modified_gmt":"2022-10-03T18:16:43","slug":"ira-ampla-revolta-popular-contra-a-opressao-e-a-tirania","status":"publish","type":"post","link":"https:\/\/pcb.org.br\/portal2\/29266","title":{"rendered":"Ir\u00e3: ampla revolta popular contra a opress\u00e3o e a tirania"},"content":{"rendered":"<p><img data-recalc-dims=\"1\" decoding=\"async\" class=\"imagem\" title=\"imagem\" src=\"https:\/\/i0.wp.com\/lavrapalavra.com\/wp-content\/uploads\/2015\/08\/image-2022-09-27T164448.004.png?w=747&#038;ssl=1\" alt=\"imagem\" \/><!--more--><\/p>\n<p><strong>Declara\u00e7\u00e3o do Partido Comunista (Tudeh) do Ir\u00e3<\/strong><\/p>\n<p>Ap\u00f3s o assassinato da Sra. Mahsa Amini pelos bandidos mercen\u00e1rios do regime do L\u00edder Supremo, protestos populares generalizados se espalharam [como um inc\u00eandio] pelas cidades do Curdist\u00e3o iraniano e por todo o Ir\u00e3. Relat\u00f3rios confi\u00e1veis foram recebidos indicando uma intensifica\u00e7\u00e3o dos protestos da popula\u00e7\u00e3o nas cidades de Sanandaj, Mahabad, Oshnoye, Saqqez, Marivan, Bukan, Piranshahr, Kamyaran, Teer\u00e3, Isfahan, Rasht, Mashhad, Hamedan, Kermanshah, Tabriz, Shiraz, Qom , Kerman, Zanjan, Qazvin, Arak, Urmia, Gohardasht, entre outras localidades do pa\u00eds.<\/p>\n<p>Em muitas cidades do Curdist\u00e3o iraniano, lojistas e comerciantes de bazar tamb\u00e9m pararam de negociar. Esses protestos tamb\u00e9m se estenderam aos campi universit\u00e1rios, incluindo a Universidade de Teer\u00e3, Tarbiat Moalem, Allameh Tabatabai, Amir Kabir e Kharazmi [universidades], bem como a Faculdade de Ci\u00eancias M\u00e9dicas da Universidade de Tabriz.<\/p>\n<p>Os dirigentes do regime e das suas organiza\u00e7\u00f5es de seguran\u00e7a, que inicialmente alegaram que Mahsa Amini n\u00e3o tinha sido assassinada pelas m\u00e3os dos mercen\u00e1rios da \u201cPatrulha de Orienta\u00e7\u00e3o\u201d, mas que tinha morrido devido a uma parada card\u00edaca [causas naturais], comprovaram mais uma vez \u2013 ao longo desses dias de ataques brutais e sangrentos \u00e0s multid\u00f5es de manifestantes, bem como um grande n\u00famero de pris\u00f5es \u2013 que eles [o regime governante] s\u00e3o a principal causa da repress\u00e3o, viol\u00eancia e terror em nosso pa\u00eds. De acordo com os relat\u00f3rios, pelo menos quatro compatriotas foram mortos e 75 manifestantes ficaram feridos depois que as for\u00e7as de seguran\u00e7a do regime abriram fogo contra eles. O regime, com medo da dissemina\u00e7\u00e3o desses protestos e seguindo as tend\u00eancias dos protestos anteriores, interrompeu seriamente todas as conex\u00f5es de internet e telefones celulares e efetivamente estabeleceu um estado de lei marcial em muitas cidades do Curdist\u00e3o iraniano.<\/p>\n<p>O nosso Partido, na sua declara\u00e7\u00e3o de 17 de setembro de 2022, sublinhou que a tr\u00e1gica morte de Mahsa Amini, nas m\u00e3os dos criminosos do governo da Rep\u00fablica Isl\u00e2mica, mais uma vez demonstrou amplamente a clara realidade de que, com a continua\u00e7\u00e3o do atual regime impopular, n\u00e3o h\u00e1 esperan\u00e7a de acabar com a repress\u00e3o e a supress\u00e3o violenta e sangrenta dos direitos e liberdades do povo [iraniano].<\/p>\n<p>No ano passado, assistimos aos protestos corajosos e cont\u00ednuos de diferentes estratos sociais, de trabalhadores e trabalhadoras a professores, aposentados, mulheres, jovens e estudantes universit\u00e1rios contra esse regime ignorante e criminoso. Protestos que se espalham dia a dia com palavras de ordem mais contundentes, que refletem os verdadeiros desejos do povo. Esses slogans inclu\u00edam: \u201cAbaixo o ditador!\u201d, \u201cAbaixo a institui\u00e7\u00e3o da Suprema Lideran\u00e7a Religiosa!\u201d, \u201cKhamenei \u00e9 um assassino, seu governo \u00e9 nulo e sem efeito!\u201d, \u201cMorte ao opressor, seja ele um rei ou um l\u00edder supremo!\u201d, \u201cDo Curdist\u00e3o a Tabriz; Nossa paci\u00eancia se esgotou!\u201d, \u201cSe n\u00e3o ficarmos juntos, vamos morrer um a um!\u201d e \u201cEsta \u00e9 a nossa mensagem final; Nosso alvo \u00e9 o pr\u00f3prio regime!\u201d.<\/p>\n<p>A proemin\u00eancia das mulheres nesses recentes protestos populares e seu slogan \u201cMulheres, Vida, Liberdade!\u201d, mostrando suas demandas especiais na busca por justi\u00e7a, s\u00e3o de particular import\u00e2ncia. Ao mesmo tempo em que expressa solidariedade com a corajosa luta do povo de nosso pa\u00eds contra o regime teocr\u00e1tico do &#8216;Supremo L\u00edder Religioso&#8217;, o Partido Tudeh do Ir\u00e3 enfatiza mais uma vez que o caminho para superar o atual regime autorit\u00e1rio passa por uma a\u00e7\u00e3o conjunta e uma luta comum coesa de um amplo espectro de organiza\u00e7\u00f5es sociais e de todas as for\u00e7as progressistas e amantes da liberdade, para acabar com a atual tirania e preparar o caminho para o estabelecimento de um governo democr\u00e1tico nacional.<\/p>\n<p>Todos os membros, apoiadores e simpatizantes do Partido Tudeh do Ir\u00e3, juntamente com todos os amantes da liberdade de nossa p\u00e1tria, est\u00e3o firmes e resolutos ao lado do nosso povo oprimido e desesperado nesta dif\u00edcil luta contra a ditadura dominante. O Partido Tudeh do Ir\u00e3 convoca todas as for\u00e7as que defendem a paz, a liberdade e o socialismo no mundo a apoiar a luta justa e leg\u00edtima do povo iraniano pela paz, liberdade, democracia, soberania nacional e justi\u00e7a social \u2013 e contra a ditadura e a discrimina\u00e7\u00e3o com base na ra\u00e7a, religi\u00e3o e g\u00eanero.<\/p>\n<p>Avante em dire\u00e7\u00e3o a uma frente \u00fanica anti-ditadura pela liberdade, paz, independ\u00eancia, justi\u00e7a social e o estabelecimento da rep\u00fablica democr\u00e1tica nacional!<\/p>\n<p>Partido Tudeh do Ir\u00e3<\/p>\n<p>25 de setembro de 2022<\/p>\n<blockquote class=\"wp-embedded-content\" data-secret=\"M3yj8LQvJI\"><p><a href=\"https:\/\/www.tudehpartyiran.org\/en\/2022\/09\/25\/statement-of-the-tudeh-party-of-iran-in-support-of-the-courageous-and-widespread-uprising-of-the-people-against-oppression-and-tyranny\/\">Statement of the Tudeh Party of Iran in support of the courageous and widespread uprising of the people against oppression and tyranny<\/a><\/p><\/blockquote>\n<p><iframe loading=\"lazy\" class=\"wp-embedded-content\" sandbox=\"allow-scripts\" security=\"restricted\" style=\"position: absolute; clip: rect(1px, 1px, 1px, 1px);\" title=\"&#8220;Statement of the Tudeh Party of Iran in support of the courageous and widespread uprising of the people against oppression and tyranny&#8221; &#8212; \u062d\u0632\u0628 \u062a\u0648\u062f\u0647 \u0627\u06cc\u0631\u0627\u0646\" src=\"https:\/\/www.tudehpartyiran.org\/en\/2022\/09\/25\/statement-of-the-tudeh-party-of-iran-in-support-of-the-courageous-and-widespread-uprising-of-the-people-against-oppression-and-tyranny\/embed\/#?secret=PpgzQNe3ka#?secret=M3yj8LQvJI\" data-secret=\"M3yj8LQvJI\" width=\"600\" height=\"338\" frameborder=\"0\" marginwidth=\"0\" marginheight=\"0\" scrolling=\"no\"><\/iframe><\/p>\n","protected":false},"excerpt":{"rendered":"<a class=\"moretag\" href=\"https:\/\/pcb.org.br\/portal2\/29266\"> <\/a>","protected":false},"author":1,"featured_media":0,"comment_status":"closed","ping_status":"closed","sticky":false,"template":"","format":"standard","meta":{"jetpack_post_was_ever_published":false,"_jetpack_newsletter_access":"","_jetpack_dont_email_post_to_subs":false,"_jetpack_newsletter_tier_id":0,"_jetpack_memberships_contains_paywalled_content":false,"_jetpack_memberships_contains_paid_content":false,"footnotes":"","jetpack_publicize_message":"\"Ap\u00f3s o assassinato da sra. Mahsa Amini pelos mercen\u00e1rios do regime, protestos se espalharam por todo o Ir\u00e3. O Partido Comunista (Tudeh) do Ir\u00e3 convoca todas as for\u00e7as que defendem o socialismo no mundo a apoiar a luta justa do povo iraniano.\"","jetpack_publicize_feature_enabled":true,"jetpack_social_post_already_shared":true,"jetpack_social_options":{"image_generator_settings":{"template":"highway","default_image_id":0,"font":"","enabled":false},"version":2}},"categories":[1],"tags":[234],"class_list":["post-29266","post","type-post","status-publish","format-standard","hentry","category-geral","tag-6b"],"jetpack_publicize_connections":[],"jetpack_featured_media_url":"","jetpack_shortlink":"https:\/\/wp.me\/p659gw-7C2","jetpack-related-posts":[],"jetpack_likes_enabled":true,"jetpack_sharing_enabled":true,"_links":{"self":[{"href":"https:\/\/pcb.org.br\/portal2\/wp-json\/wp\/v2\/posts\/29266","targetHints":{"allow":["GET"]}}],"collection":[{"href":"https:\/\/pcb.org.br\/portal2\/wp-json\/wp\/v2\/posts"}],"about":[{"href":"https:\/\/pcb.org.br\/portal2\/wp-json\/wp\/v2\/types\/post"}],"author":[{"embeddable":true,"href":"https:\/\/pcb.org.br\/portal2\/wp-json\/wp\/v2\/users\/1"}],"replies":[{"embeddable":true,"href":"https:\/\/pcb.org.br\/portal2\/wp-json\/wp\/v2\/comments?post=29266"}],"version-history":[{"count":0,"href":"https:\/\/pcb.org.br\/portal2\/wp-json\/wp\/v2\/posts\/29266\/revisions"}],"wp:attachment":[{"href":"https:\/\/pcb.org.br\/portal2\/wp-json\/wp\/v2\/media?parent=29266"}],"wp:term":[{"taxonomy":"category","embeddable":true,"href":"https:\/\/pcb.org.br\/portal2\/wp-json\/wp\/v2\/categories?post=29266"},{"taxonomy":"post_tag","embeddable":true,"href":"https:\/\/pcb.org.br\/portal2\/wp-json\/wp\/v2\/tags?post=29266"}],"curies":[{"name":"wp","href":"https:\/\/api.w.org\/{rel}","templated":true}]}}