{"id":29340,"date":"2022-10-17T08:19:30","date_gmt":"2022-10-17T11:19:30","guid":{"rendered":"https:\/\/pcb.org.br\/portal2\/?p=29340"},"modified":"2022-10-18T14:02:31","modified_gmt":"2022-10-18T17:02:31","slug":"contra-as-detencoes-de-palestinos-pelo-estado-terrorista-de-israel","status":"publish","type":"post","link":"https:\/\/pcb.org.br\/portal2\/29340","title":{"rendered":"Contra as deten\u00e7\u00f5es de palestinos pelo Estado terrorista de Israel!"},"content":{"rendered":"<p><img data-recalc-dims=\"1\" decoding=\"async\" class=\"imagem\" title=\"imagem\" src=\"https:\/\/i0.wp.com\/lavrapalavra.com\/wp-content\/uploads\/2015\/08\/vgTDL.jpg?w=747&#038;ssl=1\" alt=\"imagem\" \/><!--more--><\/p>\n<p>Ao Comit\u00ea Palestino Democr\u00e1tico do Brasil, a todas as organiza\u00e7\u00f5es sociais e pol\u00edticas brasileiras e a todas e todos os que defendem a causa palestina e lutam pelo direito do povo palestino \u00e0 sua autodetermina\u00e7\u00e3o:<\/p>\n<p>No dia 25 de setembro de 2022 um grupo de 30 detentos palestinos em pris\u00f5es israelenses iniciaram uma greve de fome em protesto contra sua deten\u00e7\u00e3o \u201cadministrativa\u201d. Outros 20 detentos palestinos aderiram ao movimento logo a seguir.<\/p>\n<p>Israel mant\u00e9m 743 cidad\u00e3os palestinos em suas pris\u00f5es, sem qualquer justificativa legal e sem julgamento, na chamada \u201cdeten\u00e7\u00e3o administrativa\u201d, incluindo muitos idosos e enfermos. N\u00e3o h\u00e1 acusa\u00e7\u00e3o formal e s\u00e3o alegadas \u201cprovas secretas\u201d para as deten\u00e7\u00f5es. N\u00e3o \u00e9 permitido para os presos qualquer contato com seus advogados.<\/p>\n<p>O Partido Comunista Brasileiro \u2013 PCB \u2013 repudia, de forma veemente e militante, as a\u00e7\u00f5es de \u201cdeten\u00e7\u00f5es administrativas\u201d de cidad\u00e3os palestinos operadas pelo governo de Israel nas \u00e1reas ocupadas e as condi\u00e7\u00f5es prec\u00e1rias e ilegais em que se d\u00e3o as pris\u00f5es, consideradas crimes de guerra pelo Estatuto de Roma, que garante aos prisioneiros um julgamento justo e ordenado que siga as disposi\u00e7\u00f5es do Pacto Internacional sobre Direitos Civis e Pol\u00edticos, para proporcionar aos detidos um julgamento p\u00fablico com bases em provas e com amplo direito de defesa. As sistem\u00e1ticas persegui\u00e7\u00f5es do Estado terrorista de Israel ao povo palestino s\u00e3o crimes contra a Humanidade!<\/p>\n<p>Reafirmamos, tamb\u00e9m, nosso apoio incondicional \u00e0 causa palestina. Condenamos a manuten\u00e7\u00e3o e a expans\u00e3o da ocupa\u00e7\u00e3o israelense em territ\u00f3rios palestinos e exortamos a todos os movimentos sociais e a todas as organiza\u00e7\u00f5es pol\u00edticas brasileiras que lutam contra o fascismo e defendem as liberdades democr\u00e1ticas a se manifestarem em defesa da causa Palestina e a repudiarem as chamadas \u201cpris\u00f5es administrativas\u201d operadas por Israel nas \u00e1reas ocupadas.<\/p>\n<p>14 de Outubro de 2022<br \/>\nPartido Comunista Brasileiro \u2013 PCB<br \/>\nComiss\u00e3o Pol\u00edtica Nacional<\/p>\n","protected":false},"excerpt":{"rendered":"<a class=\"moretag\" href=\"https:\/\/pcb.org.br\/portal2\/29340\"> <\/a>","protected":false},"author":1,"featured_media":0,"comment_status":"closed","ping_status":"closed","sticky":false,"template":"","format":"standard","meta":{"jetpack_post_was_ever_published":false,"_jetpack_newsletter_access":"","_jetpack_dont_email_post_to_subs":false,"_jetpack_newsletter_tier_id":0,"_jetpack_memberships_contains_paywalled_content":false,"_jetpack_memberships_contains_paid_content":false,"footnotes":"","jetpack_publicize_message":"No dia 25 de setembro de 2022 um grupo de 30 detentos palestinos em pris\u00f5es israelenses iniciaram uma greve de fome em protesto contra sua deten\u00e7\u00e3o \u201cadministrativa\u201d. Outros 20 detentos palestinos aderiram ao movimento logo a seguir.","jetpack_publicize_feature_enabled":true,"jetpack_social_post_already_shared":true,"jetpack_social_options":{"image_generator_settings":{"template":"highway","default_image_id":0,"font":"","enabled":false},"version":2}},"categories":[1],"tags":[228],"class_list":["post-29340","post","type-post","status-publish","format-standard","hentry","category-geral","tag-5b"],"jetpack_publicize_connections":[],"jetpack_featured_media_url":"","jetpack_shortlink":"https:\/\/wp.me\/p659gw-7De","jetpack-related-posts":[],"jetpack_likes_enabled":true,"jetpack_sharing_enabled":true,"_links":{"self":[{"href":"https:\/\/pcb.org.br\/portal2\/wp-json\/wp\/v2\/posts\/29340","targetHints":{"allow":["GET"]}}],"collection":[{"href":"https:\/\/pcb.org.br\/portal2\/wp-json\/wp\/v2\/posts"}],"about":[{"href":"https:\/\/pcb.org.br\/portal2\/wp-json\/wp\/v2\/types\/post"}],"author":[{"embeddable":true,"href":"https:\/\/pcb.org.br\/portal2\/wp-json\/wp\/v2\/users\/1"}],"replies":[{"embeddable":true,"href":"https:\/\/pcb.org.br\/portal2\/wp-json\/wp\/v2\/comments?post=29340"}],"version-history":[{"count":0,"href":"https:\/\/pcb.org.br\/portal2\/wp-json\/wp\/v2\/posts\/29340\/revisions"}],"wp:attachment":[{"href":"https:\/\/pcb.org.br\/portal2\/wp-json\/wp\/v2\/media?parent=29340"}],"wp:term":[{"taxonomy":"category","embeddable":true,"href":"https:\/\/pcb.org.br\/portal2\/wp-json\/wp\/v2\/categories?post=29340"},{"taxonomy":"post_tag","embeddable":true,"href":"https:\/\/pcb.org.br\/portal2\/wp-json\/wp\/v2\/tags?post=29340"}],"curies":[{"name":"wp","href":"https:\/\/api.w.org\/{rel}","templated":true}]}}