{"id":29357,"date":"2022-10-26T12:56:42","date_gmt":"2022-10-26T15:56:42","guid":{"rendered":"https:\/\/pcb.org.br\/portal2\/?p=29357"},"modified":"2022-10-26T13:10:56","modified_gmt":"2022-10-26T16:10:56","slug":"a-fratura-exposta-o-brasil-depois-das-eleicoes","status":"publish","type":"post","link":"https:\/\/pcb.org.br\/portal2\/29357","title":{"rendered":"A fratura exposta: o Brasil depois das elei\u00e7\u00f5es"},"content":{"rendered":"<p><img data-recalc-dims=\"1\" loading=\"lazy\" decoding=\"async\" data-attachment-id=\"29358\" data-permalink=\"https:\/\/pcb.org.br\/portal2\/29357\/artigo-mauro-1\" data-orig-file=\"https:\/\/i0.wp.com\/pcb.org.br\/portal2\/wp-content\/uploads\/2022\/10\/artigo-mauro-1.jpg?fit=639%2C426&amp;ssl=1\" data-orig-size=\"639,426\" data-comments-opened=\"0\" data-image-meta=\"{&quot;aperture&quot;:&quot;0&quot;,&quot;credit&quot;:&quot;&quot;,&quot;camera&quot;:&quot;&quot;,&quot;caption&quot;:&quot;&quot;,&quot;created_timestamp&quot;:&quot;0&quot;,&quot;copyright&quot;:&quot;&quot;,&quot;focal_length&quot;:&quot;0&quot;,&quot;iso&quot;:&quot;0&quot;,&quot;shutter_speed&quot;:&quot;0&quot;,&quot;title&quot;:&quot;&quot;,&quot;orientation&quot;:&quot;0&quot;}\" data-image-title=\"artigo mauro 1\" data-image-description=\"\" data-image-caption=\"\" data-large-file=\"https:\/\/i0.wp.com\/pcb.org.br\/portal2\/wp-content\/uploads\/2022\/10\/artigo-mauro-1.jpg?fit=639%2C426&amp;ssl=1\" class=\"alignnone size-medium wp-image-29358\" src=\"https:\/\/i0.wp.com\/pcb.org.br\/portal2\/wp-content\/uploads\/2022\/10\/artigo-mauro-1.jpg?resize=300%2C200&#038;ssl=1\" alt=\"\" width=\"300\" height=\"200\" srcset=\"https:\/\/i0.wp.com\/pcb.org.br\/portal2\/wp-content\/uploads\/2022\/10\/artigo-mauro-1.jpg?resize=300%2C200&amp;ssl=1 300w, https:\/\/i0.wp.com\/pcb.org.br\/portal2\/wp-content\/uploads\/2022\/10\/artigo-mauro-1.jpg?w=639&amp;ssl=1 639w\" sizes=\"auto, (max-width: 300px) 100vw, 300px\" \/><\/p>\n<p><!--more--><\/p>\n<p>Quando as institui\u00e7\u00f5es s\u00e3o impotentes, o espa\u00e7o \u00e9 ocupado pela luta direta das classes. A fratura se torna exposta, mantras e lamentos n\u00e3o podem curar o tecido e ossos rompidos. Nenhum recuo se torna poss\u00edvel sem uma derrota catastr\u00f3fica. Sem espa\u00e7o para fugas, s\u00f3 nos resta avan\u00e7ar.<\/p>\n<h3 id=\"por-mauro-iasi\" class=\"has-text-align-right\"><em><strong>Por <a href=\"https:\/\/blogdaboitempo.com.br\/category\/colunas\/mauro-iasi\/\" target=\"_blank\" rel=\"noreferrer noopener\">Mauro Luis Iasi<\/a><\/strong><\/em><\/h3>\n<p class=\"has-text-align-justify has-black-color has-text-color\">Neste momento que antecede as elei\u00e7\u00f5es presidenciais, podemos adiantar um cen\u00e1rio muito preocupante. N\u00e3o apenas pelo pleito em si mesmo, que se anuncia dram\u00e1tico, mas principalmente pelo que provavelmente se avizinha.<\/p>\n<p class=\"has-text-align-justify has-black-color has-text-color\">O Brasil evoluiu de uma forma\u00e7\u00e3o social profundamente dividida para uma fratura, isto \u00e9, n\u00e3o se trata mais de uma profunda divis\u00e3o entre uma massa de despossu\u00eddos e uma minoria que concentra mais de 74% da riqueza nacional. Trata-se de um acirramento da luta de classes que coloca frente a frente a alternativa fascista e a sobreviv\u00eancia de uma democracia limitada, em meio a uma enorme crise institucional.<\/p>\n<p class=\"has-text-align-justify has-black-color has-text-color\">J\u00e1 tratamos insistentemente das causas que nos levaram a este quadro: a prevarica\u00e7\u00e3o das institui\u00e7\u00f5es da Rep\u00fablica, o longo per\u00edodo de concilia\u00e7\u00e3o de classes e o quanto se subestimou a for\u00e7a eleitoral do bolsonarismo, preferindo enfrent\u00e1-lo eleitoralmente ao inv\u00e9s da mobiliza\u00e7\u00e3o social. Neste momento que cerramos fileiras no apoio a Lula contra Bolsonaro, ao que tudo indica, o vitorioso (esperamos que Lula) ganhar\u00e1 por uma pequena margem de votos e precisamos refletir sobre o cen\u00e1rio que se abrir\u00e1 ent\u00e3o.<\/p>\n<p class=\"has-text-align-justify has-black-color has-text-color\">Caso o fascismo ven\u00e7a, pelo enorme e despudorado uso da m\u00e1quina p\u00fablica e pela enxurrada de <em>fake news <\/em>que desfila diante da impot\u00eancia do TSE, teremos a continuidade da destrui\u00e7\u00e3o econ\u00f4mica e social do pa\u00eds, o aprofundamento de uma revers\u00e3o civilizat\u00f3ria e uma agudiza\u00e7\u00e3o da intoler\u00e2ncia e da viol\u00eancia. O mais perigoso, no entanto, \u00e9 que abre-se a possibilidade que aquilo que faltava no processo de fascistiza\u00e7\u00e3o finalmente se apresente. Analis\u00e1vamos que apesar de um movimento de car\u00e1ter fascista e uma lideran\u00e7a de extrema direita disposta a caminhar nesta dire\u00e7\u00e3o, o fascismo exigia a transforma\u00e7\u00e3o do Estado burgu\u00eas em um Estado fascista, isto \u00e9, um controle direto da extrema-direita fascista de institui\u00e7\u00f5es como as for\u00e7as armadas, pol\u00edcias, justi\u00e7a e Parlamento. Um segundo mandato de Bolsonaro abre essa possibilidade, ainda que n\u00e3o haja consenso entre o bloco dominante nesta dire\u00e7\u00e3o.<\/p>\n<p class=\"has-text-align-justify has-black-color has-text-color\">A impot\u00eancia de prevarica\u00e7\u00e3o das institui\u00e7\u00f5es que poderiam e deveriam ter interrompido o mandato do miliciano se agudizar\u00e1 e o enraizamento de uma cultura fascista se aprofundar\u00e1 no tecido social com consequ\u00eancias desastrosas.<\/p>\n<p class=\"has-text-align-justify has-black-color has-text-color\">Eleitoralmente este cen\u00e1rio pode se dar a partir de um aumento da vantagem do fascista no sudeste, principalmente, mas tamb\u00e9m no sul e centro-oeste. A possibilidade de vit\u00f3ria de Lula se d\u00e1, n\u00e3o somente pela heroica resist\u00eancia do nordeste, mas pela capacidade do petista em n\u00e3o deixar se distanciar nas regi\u00f5es onde seu oponente deve vencer e que t\u00eam a maior quantidade de eleitores. Isto nos leva a crer que a batalha decisiva se joga em S\u00e3o Paulo, Rio e Minas.<\/p>\n<p class=\"has-text-align-justify has-black-color has-text-color\">Mesmo no caso de vit\u00f3ria da centro-esquerda, o pa\u00eds estar\u00e1 fraturado ao meio. Tr\u00eas vetores s\u00e3o extremamente preocupantes: o questionamento do resultado eleitoral, o tempo entre o fim do pleito e a posse do novo presidente e a rea\u00e7\u00e3o de uma malta de apoiadores inconformados que foram fartamente alimentados com mentiras. Todos esses tr\u00eas aspectos se articulam em um personagem: as for\u00e7as armadas. As for\u00e7as armadas est\u00e3o de posse de um relat\u00f3rio sobre as urnas que, segundo as declara\u00e7\u00f5es, ser\u00e1 apresentado somente ap\u00f3s as elei\u00e7\u00f5es. Em caso de vit\u00f3ria fascista, as urnas n\u00e3o ser\u00e3o questionadas e, em caso de derrota, provavelmente sim. A imprevis\u00edvel, mas prov\u00e1vel,\u00a0rea\u00e7\u00e3o irracional de segmentos de massas apoiadas ou n\u00e3o por esquemas paramilitares e civis armados pode gerar o caos, exigindo uma interven\u00e7\u00e3o decidida de \u00f3rg\u00e3os de seguran\u00e7a que n\u00e3o se sabe se agir\u00e3o para conter ou acirrar (at\u00e9 pela omiss\u00e3o) as desordens.<\/p>\n<p class=\"has-text-align-justify has-black-color has-text-color\">Por fim, o fator tempo. Os dois meses que faltam para acabar este tumultuado ano n\u00e3o ser\u00e3o tranquilos. N\u00e3o se pode esperar, caso o fascismo ven\u00e7a, que institui\u00e7\u00f5es que nada fizeram diante de uma enormidade de infra\u00e7\u00f5es e crimes de responsabilidade, far\u00e3o algo diante de um presidente eleito com mais de cinquenta por cento dos votos, o apoio de setores do capital, das for\u00e7as armadas e uma massa hist\u00e9rica de apoiadores. Em caso de vit\u00f3ria da centro-esquerda, pelos motivos apontados, a instabilidade alcan\u00e7ar\u00e1 a temperatura de ebuli\u00e7\u00e3o.<\/p>\n<p class=\"has-text-align-justify has-black-color has-text-color\">Diante disso, duas a\u00e7\u00f5es s\u00e3o essenciais: primeiro, jogar todos os esfor\u00e7os na reta final para derrotar o candidato da extrema-direita; segundo, ocupar as ruas de forma decidida e massiva, desde agora, depois do resultado das elei\u00e7\u00f5es, a fim de garantir a posse. Como o fascista derrotado tentar\u00e1 usar o resto de seu mandato para desfechar ataques aos trabalhadores e \u00e0 ordem constitucional, \u00e9 necess\u00e1rio que as manifesta\u00e7\u00f5es evoluam para formas de enfrentamento mais profundas que mobilizem os trabalhadores de setores essenciais, com paralisa\u00e7\u00f5es e, se poss\u00edvel, uma greve geral em defesa da democracia e de uma pauta que responda aos interesses dos trabalhadores e o conjunto da popula\u00e7\u00e3o.<\/p>\n<p class=\"has-text-align-justify has-black-color has-text-color\">Como o lado de l\u00e1 da fratura est\u00e1 disposto a se impor e tem recursos de poder para tanto, o lado de c\u00e1, os trabalhadores, n\u00e3o podem confiar nas institui\u00e7\u00f5es que ficaram paralisadas diante do acirramento. Para tanto, s\u00f3 podem contar com sua pr\u00f3pria for\u00e7a e a maior delas, uma vez que n\u00e3o temos outros instrumentos de for\u00e7a, \u00e9 a greve. \u00c9 preciso aumentar o custo de qualquer aventura fascista, que n\u00e3o se deter\u00e1 diante de argumentos de legalidade e da institucionalidade democr\u00e1tica, e a \u00fanica maneira de fazer isso \u00e9 ocupar as ruas.<\/p>\n<p class=\"has-text-align-justify has-black-color has-text-color\">Quando as institui\u00e7\u00f5es s\u00e3o impotentes, o espa\u00e7o \u00e9 ocupado pela luta direta das classes. A fratura se torna exposta, mantras e lamentos n\u00e3o podem curar o tecido e ossos rompidos. Nenhum recuo se torna poss\u00edvel sem uma derrota catastr\u00f3fica. Sem espa\u00e7o para fugas, s\u00f3 nos resta avan\u00e7ar. <em><a href=\"https:\/\/lavrapalavra.com\/2021\/07\/05\/hic-rhodus-hic-salta\/\" target=\"_blank\" rel=\"noreferrer noopener\">Hic Rhodus,\u00a0hic\u00a0saltus<\/a>.<\/em><\/p>\n<p><strong>Mauro Iasi\u00a0<\/strong>\u00e9 professor adjunto da Escola de Servi\u00e7o Social da UFRJ, pesquisador do NEPEM (N\u00facleo de Estudos e Pesquisas Marxistas), do NEP 13 de Maio e membro do Comit\u00ea Central do PCB.<\/p>\n<p>Publicado originalmente em: <a href=\"https:\/\/blogdaboitempo.com.br\/2022\/10\/24\/a-fratura-exposta-o-brasil-depois-das-eleicoes\/?fbclid=IwAR3KqymZJ-XjrgvxsxEECyF4qFysWFBPrne4q07tjSMgr-Ip-as1jz8iQis\">https:\/\/blogdaboitempo.com.br\/2022\/10\/24\/a-fratura-exposta-o-brasil-depois-das-eleicoes\/?fbclid=IwAR3KqymZJ-XjrgvxsxEECyF4qFysWFBPrne4q07tjSMgr-Ip-as1jz8iQis<\/a><\/p>\n<p>&nbsp;<\/p>\n","protected":false},"excerpt":{"rendered":"<a class=\"moretag\" href=\"https:\/\/pcb.org.br\/portal2\/29357\"> <\/a>","protected":false},"author":1,"featured_media":0,"comment_status":"closed","ping_status":"closed","sticky":false,"template":"","format":"standard","meta":{"jetpack_post_was_ever_published":false,"_jetpack_newsletter_access":"","_jetpack_dont_email_post_to_subs":false,"_jetpack_newsletter_tier_id":0,"_jetpack_memberships_contains_paywalled_content":false,"_jetpack_memberships_contains_paid_content":false,"footnotes":"","jetpack_publicize_message":"","jetpack_publicize_feature_enabled":true,"jetpack_social_post_already_shared":true,"jetpack_social_options":{"image_generator_settings":{"template":"highway","default_image_id":0,"font":"","enabled":false},"version":2}},"categories":[66,10],"tags":[219],"class_list":["post-29357","post","type-post","status-publish","format-standard","hentry","category-c79-nacional","category-s19-opiniao","tag-manchete"],"jetpack_publicize_connections":[],"jetpack_featured_media_url":"","jetpack_shortlink":"https:\/\/wp.me\/p659gw-7Dv","jetpack-related-posts":[],"jetpack_likes_enabled":true,"jetpack_sharing_enabled":true,"_links":{"self":[{"href":"https:\/\/pcb.org.br\/portal2\/wp-json\/wp\/v2\/posts\/29357","targetHints":{"allow":["GET"]}}],"collection":[{"href":"https:\/\/pcb.org.br\/portal2\/wp-json\/wp\/v2\/posts"}],"about":[{"href":"https:\/\/pcb.org.br\/portal2\/wp-json\/wp\/v2\/types\/post"}],"author":[{"embeddable":true,"href":"https:\/\/pcb.org.br\/portal2\/wp-json\/wp\/v2\/users\/1"}],"replies":[{"embeddable":true,"href":"https:\/\/pcb.org.br\/portal2\/wp-json\/wp\/v2\/comments?post=29357"}],"version-history":[{"count":0,"href":"https:\/\/pcb.org.br\/portal2\/wp-json\/wp\/v2\/posts\/29357\/revisions"}],"wp:attachment":[{"href":"https:\/\/pcb.org.br\/portal2\/wp-json\/wp\/v2\/media?parent=29357"}],"wp:term":[{"taxonomy":"category","embeddable":true,"href":"https:\/\/pcb.org.br\/portal2\/wp-json\/wp\/v2\/categories?post=29357"},{"taxonomy":"post_tag","embeddable":true,"href":"https:\/\/pcb.org.br\/portal2\/wp-json\/wp\/v2\/tags?post=29357"}],"curies":[{"name":"wp","href":"https:\/\/api.w.org\/{rel}","templated":true}]}}