{"id":29366,"date":"2022-10-26T13:16:59","date_gmt":"2022-10-26T16:16:59","guid":{"rendered":"https:\/\/pcb.org.br\/portal2\/?p=29366"},"modified":"2022-10-26T13:16:59","modified_gmt":"2022-10-26T16:16:59","slug":"repudio-a-tentativa-de-homicidio-na-uf-vicosa-mg","status":"publish","type":"post","link":"https:\/\/pcb.org.br\/portal2\/29366","title":{"rendered":"Rep\u00fadio \u00e0 tentativa de homic\u00eddio na UF Vi\u00e7osa\/MG"},"content":{"rendered":"<p><img data-recalc-dims=\"1\" loading=\"lazy\" decoding=\"async\" data-attachment-id=\"29367\" data-permalink=\"https:\/\/pcb.org.br\/portal2\/29366\/image1\" data-orig-file=\"https:\/\/i0.wp.com\/pcb.org.br\/portal2\/wp-content\/uploads\/2022\/10\/image1.png?fit=1080%2C1080&amp;ssl=1\" data-orig-size=\"1080,1080\" data-comments-opened=\"0\" data-image-meta=\"{&quot;aperture&quot;:&quot;0&quot;,&quot;credit&quot;:&quot;&quot;,&quot;camera&quot;:&quot;&quot;,&quot;caption&quot;:&quot;&quot;,&quot;created_timestamp&quot;:&quot;0&quot;,&quot;copyright&quot;:&quot;&quot;,&quot;focal_length&quot;:&quot;0&quot;,&quot;iso&quot;:&quot;0&quot;,&quot;shutter_speed&quot;:&quot;0&quot;,&quot;title&quot;:&quot;&quot;,&quot;orientation&quot;:&quot;0&quot;}\" data-image-title=\"image(1)\" data-image-description=\"\" data-image-caption=\"\" data-large-file=\"https:\/\/i0.wp.com\/pcb.org.br\/portal2\/wp-content\/uploads\/2022\/10\/image1.png?fit=747%2C747&amp;ssl=1\" class=\"alignnone size-medium wp-image-29367\" src=\"https:\/\/i0.wp.com\/pcb.org.br\/portal2\/wp-content\/uploads\/2022\/10\/image1.png?resize=300%2C300&#038;ssl=1\" alt=\"\" width=\"300\" height=\"300\" srcset=\"https:\/\/i0.wp.com\/pcb.org.br\/portal2\/wp-content\/uploads\/2022\/10\/image1.png?resize=300%2C300&amp;ssl=1 300w, https:\/\/i0.wp.com\/pcb.org.br\/portal2\/wp-content\/uploads\/2022\/10\/image1.png?resize=900%2C900&amp;ssl=1 900w, https:\/\/i0.wp.com\/pcb.org.br\/portal2\/wp-content\/uploads\/2022\/10\/image1.png?resize=150%2C150&amp;ssl=1 150w, https:\/\/i0.wp.com\/pcb.org.br\/portal2\/wp-content\/uploads\/2022\/10\/image1.png?resize=768%2C768&amp;ssl=1 768w, https:\/\/i0.wp.com\/pcb.org.br\/portal2\/wp-content\/uploads\/2022\/10\/image1.png?w=1080&amp;ssl=1 1080w\" sizes=\"auto, (max-width: 300px) 100vw, 300px\" \/><\/p>\n<p><!--more--><\/p>\n<div dir=\"auto\"><span style=\"font-size: large;\">NOTA DE REP\u00daDIO DO PCB VI\u00c7OSA, UJC, MUP E CFCAM \u00c0 TENTATIVA DE HOMIC\u00cdDIO DE ESTUDANTES DENTRO DO CAMPUS DA UNIVERSIDADE FEDERAL DE VI\u00c7OSA\u00a0<\/span><\/p>\n<div dir=\"auto\"><span style=\"font-size: large;\">\u00a0<\/span><\/div>\n<div dir=\"auto\"><span style=\"font-size: large;\">O n\u00facleo do Partido Comunista Brasileiro (PCB), a Uni\u00e3o da Juventude Comunista (UJC), o Movimento por uma Universidade Popular (MUP) e o Coletivo Feminista Classista Ana Montenegro (CFCAM) v\u00eam, atrav\u00e9s dessa nota conjunta, tornar p\u00fablico seu rep\u00fadio \u00e0 tentativa de homic\u00eddio sofrida por uma estudante da Universidade Federal de Vi\u00e7osa (UFV) @ufvbroficial, na manh\u00e3 do dia 18 de outubro de 2022, dentro do campus da UFV, em pleno dia nacional de lutas contra os reiterados cortes de verbas das universidades p\u00fablicas e institutos federais promovidos pelo governo Bolsonaro.<\/span><\/div>\n<div dir=\"auto\"><span style=\"font-size: large;\">\u00a0<\/span><\/div>\n<div dir=\"auto\"><span style=\"font-size: large;\">A estudante participava das a\u00e7\u00f5es organizadas pelo Diret\u00f3rio Central dos Estudantes (DCE) da UFV, a\u00e7\u00f5es essas aprovadas em duas assembleias estudantis abertas a toda a comunidade universit\u00e1ria (dias 11 e 17 de outubro) e posteriormente apresentadas ao corpo estudantil, professores, t\u00e9cnicos, auxiliares administrativos, administra\u00e7\u00e3o universit\u00e1ria e municipal.<br \/>\n<\/span><\/div>\n<div dir=\"auto\"><span style=\"font-size: large;\">\u00a0<\/span><\/div>\n<div dir=\"auto\"><span style=\"font-size: large;\">Pela manh\u00e3, como parte das a\u00e7\u00f5es planejadas, foi feito o bloqueio parcial das entradas da universidade com cord\u00e3o humano, bandeiras, faixas e cartazes, para se fazer cumprir a paralisa\u00e7\u00e3o nacional orientada pela Uni\u00e3o Nacional dos Estudantes (UNE). Durante esta a\u00e7\u00e3o um motorista proferiu amea\u00e7as contra os\/as estudantes que estavam no bloqueio e, mesmo tendo sido orientado a passar por uma entrada que estava desbloqueada, ele jogou o carro contra a barreira onde se encontravam diversos\/as estudantes, que foram atingidos\/as, e uma delas foi carregada sobre o cap\u00f4 do carro por cerca de 30 metros at\u00e9 que ele freasse bruscamente causando sua queda, como mostram os registros em v\u00eddeo que est\u00e3o circulando.<br \/>\n<\/span><\/div>\n<div dir=\"auto\"><span style=\"font-size: large;\">\u00a0<\/span><\/div>\n<div dir=\"auto\"><span style=\"font-size: large;\">Na queda, a estudante bateu a cabe\u00e7a fortemente contra o ch\u00e3o e foi levada imediatamente ao hospital por funcion\u00e1rios da UFV. Para a tranquilidade de todos\/as, a v\u00edtima n\u00e3o sofreu les\u00f5es corporais graves, mas est\u00e1 lidando com o trauma de ter sofrido uma tentativa de homic\u00eddio, e as sequelas psicol\u00f3gicas desse tipo de situa\u00e7\u00e3o n\u00e3o podem ser mensuradas.<\/span><\/div>\n<div dir=\"auto\"><span style=\"font-size: large;\">\u00a0<\/span><\/div>\n<div><span style=\"font-size: large;\">Aguardamos posi\u00e7\u00e3o oficial da UFV a respeito desse atentado terr\u00edvel que ocorreu dentro do campus e esperamos empenho e colabora\u00e7\u00e3o da institui\u00e7\u00e3o na apura\u00e7\u00e3o e identifica\u00e7\u00e3o do agressor.<\/span><\/div>\n<div><span style=\"font-size: large;\">\u00a0<\/span><\/div>\n<div><span style=\"font-size: large;\">Nenhum passo atr\u00e1s na marcha contra o bolsonarismo e pela derrubada do Governo Bolsonaro e de suas express\u00f5es fascistas! <\/span><\/div>\n<div><\/div>\n<div><span style=\"font-size: large;\">N\u00c3O ARREDAREMOS P\u00c9 DAS RUAS!<br \/>\n<\/span><\/div>\n<div><span style=\"font-size: large;\">\u00a0<\/span><\/div>\n<div><span style=\"font-size: large;\">A luta por uma universidade popular \u00e9 uma luta de toda a classe trabalhadora!<br \/>\n<\/span><\/div>\n<div><span style=\"font-size: large;\">NENHUMA A\u00c7\u00c3O INTIMIDAT\u00d3RIA NOS FAR\u00c1 RECUAR!<br \/>\n<\/span><\/div>\n<div dir=\"auto\"><span style=\"font-size: large;\">\u00a0<\/span><\/div>\n<div dir=\"auto\"><span style=\"font-size: large;\">Leia na \u00edntegra em @pcbvicosa<\/span><\/div>\n<div dir=\"auto\"><span style=\"font-size: large;\"><a href=\"https:\/\/www.instagram.com\/p\/CkDzWg4LszJ\/?igshid=YmMyMTA2M2Y=\" target=\"_blank\" rel=\"noopener noreferrer\" data-saferedirecturl=\"https:\/\/www.google.com\/url?q=https:\/\/www.instagram.com\/p\/CkDzWg4LszJ\/?igshid%3DYmMyMTA2M2Y%3D&amp;source=gmail&amp;ust=1666885926291000&amp;usg=AOvVaw297Yo7lMzc9c1yy6MqaXnp\">https:\/\/www.instagram.com\/p\/<wbr \/>CkDzWg4LszJ\/?igshid=<wbr \/>YmMyMTA2M2Y=<\/a><\/span><\/div>\n<\/div>\n","protected":false},"excerpt":{"rendered":"<a class=\"moretag\" href=\"https:\/\/pcb.org.br\/portal2\/29366\"> <\/a>","protected":false},"author":1,"featured_media":0,"comment_status":"closed","ping_status":"closed","sticky":false,"template":"","format":"standard","meta":{"jetpack_post_was_ever_published":false,"_jetpack_newsletter_access":"","_jetpack_dont_email_post_to_subs":false,"_jetpack_newsletter_tier_id":0,"_jetpack_memberships_contains_paywalled_content":false,"_jetpack_memberships_contains_paid_content":false,"footnotes":"","jetpack_publicize_message":"","jetpack_publicize_feature_enabled":true,"jetpack_social_post_already_shared":true,"jetpack_social_options":{"image_generator_settings":{"template":"highway","default_image_id":0,"font":"","enabled":false},"version":2}},"categories":[108,6,4,134,27,103],"tags":[224],"class_list":["post-29366","post","type-post","status-publish","format-standard","hentry","category-c121-estudantil","category-s5-juventude","category-s6-movimentos","category-c139-mup","category-c27-ujc","category-c116-universidade-popular","tag-3b"],"jetpack_publicize_connections":[],"jetpack_featured_media_url":"","jetpack_shortlink":"https:\/\/wp.me\/p659gw-7DE","jetpack-related-posts":[],"jetpack_likes_enabled":true,"jetpack_sharing_enabled":true,"_links":{"self":[{"href":"https:\/\/pcb.org.br\/portal2\/wp-json\/wp\/v2\/posts\/29366","targetHints":{"allow":["GET"]}}],"collection":[{"href":"https:\/\/pcb.org.br\/portal2\/wp-json\/wp\/v2\/posts"}],"about":[{"href":"https:\/\/pcb.org.br\/portal2\/wp-json\/wp\/v2\/types\/post"}],"author":[{"embeddable":true,"href":"https:\/\/pcb.org.br\/portal2\/wp-json\/wp\/v2\/users\/1"}],"replies":[{"embeddable":true,"href":"https:\/\/pcb.org.br\/portal2\/wp-json\/wp\/v2\/comments?post=29366"}],"version-history":[{"count":0,"href":"https:\/\/pcb.org.br\/portal2\/wp-json\/wp\/v2\/posts\/29366\/revisions"}],"wp:attachment":[{"href":"https:\/\/pcb.org.br\/portal2\/wp-json\/wp\/v2\/media?parent=29366"}],"wp:term":[{"taxonomy":"category","embeddable":true,"href":"https:\/\/pcb.org.br\/portal2\/wp-json\/wp\/v2\/categories?post=29366"},{"taxonomy":"post_tag","embeddable":true,"href":"https:\/\/pcb.org.br\/portal2\/wp-json\/wp\/v2\/tags?post=29366"}],"curies":[{"name":"wp","href":"https:\/\/api.w.org\/{rel}","templated":true}]}}