{"id":29378,"date":"2022-10-26T17:19:03","date_gmt":"2022-10-26T20:19:03","guid":{"rendered":"https:\/\/pcb.org.br\/portal2\/?p=29378"},"modified":"2022-10-26T17:19:03","modified_gmt":"2022-10-26T20:19:03","slug":"na-antecamara-da-guerra-mundial","status":"publish","type":"post","link":"https:\/\/pcb.org.br\/portal2\/29378","title":{"rendered":"Na antec\u00e2mara da guerra mundial"},"content":{"rendered":"<p><img data-recalc-dims=\"1\" loading=\"lazy\" decoding=\"async\" data-attachment-id=\"29379\" data-permalink=\"https:\/\/pcb.org.br\/portal2\/29378\/unnamed1\" data-orig-file=\"https:\/\/i0.wp.com\/pcb.org.br\/portal2\/wp-content\/uploads\/2022\/10\/unnamed1.jpg?fit=705%2C470&amp;ssl=1\" data-orig-size=\"705,470\" data-comments-opened=\"0\" data-image-meta=\"{&quot;aperture&quot;:&quot;0&quot;,&quot;credit&quot;:&quot;&quot;,&quot;camera&quot;:&quot;&quot;,&quot;caption&quot;:&quot;&quot;,&quot;created_timestamp&quot;:&quot;0&quot;,&quot;copyright&quot;:&quot;&quot;,&quot;focal_length&quot;:&quot;0&quot;,&quot;iso&quot;:&quot;0&quot;,&quot;shutter_speed&quot;:&quot;0&quot;,&quot;title&quot;:&quot;&quot;,&quot;orientation&quot;:&quot;0&quot;}\" data-image-title=\"unnamed(1)\" data-image-description=\"\" data-image-caption=\"\" data-large-file=\"https:\/\/i0.wp.com\/pcb.org.br\/portal2\/wp-content\/uploads\/2022\/10\/unnamed1.jpg?fit=705%2C470&amp;ssl=1\" class=\"alignnone size-medium wp-image-29379\" src=\"https:\/\/i0.wp.com\/pcb.org.br\/portal2\/wp-content\/uploads\/2022\/10\/unnamed1.jpg?resize=300%2C200&#038;ssl=1\" alt=\"\" width=\"300\" height=\"200\" srcset=\"https:\/\/i0.wp.com\/pcb.org.br\/portal2\/wp-content\/uploads\/2022\/10\/unnamed1.jpg?resize=300%2C200&amp;ssl=1 300w, https:\/\/i0.wp.com\/pcb.org.br\/portal2\/wp-content\/uploads\/2022\/10\/unnamed1.jpg?w=705&amp;ssl=1 705w\" sizes=\"auto, (max-width: 300px) 100vw, 300px\" \/><\/p>\n<p><!--more--><\/p>\n<p>Oito m\u00edsseis de cruzeiro ar-terra, com ogivas nucleares, s\u00e3o carregados num bombardeiro B-52, durante o exerc\u00edcio Prairie Vigilance 22, levado a cabo pelo Comando Estrat\u00e9gico dos EUA e que terminou em Dakota do Norte no dia 23 de setembro de 2022<\/p>\n<p>Jos\u00e9 Goul\u00e3o &#8211; colunista do portal Abril Abril<\/p>\n<div>\n<div>\n<p><span style=\"font-size: large;\">Nas mentes de seres alienados por puls\u00f5es sociopatas entranhou-se j\u00e1 a ideia de que o uso de bombas nucleares \u00e9 admiss\u00edvel e ter\u00e1 consequ\u00eancias limitadas e control\u00e1veis. O princ\u00edpio do fim.<\/span><\/p>\n<div>\n<div>\n<div>\n<div>\n<div>\n<p><span style=\"font-size: large;\">A Uni\u00e3o Europeia, sem qualquer surpresa, deu passos inconscientes e decisivos: a partir de agora n\u00e3o s\u00e3o necess\u00e1rias previs\u00f5es nem especula\u00e7\u00f5es, a guerra iniciada em 2014 pelo regime nazista da Ucr\u00e2nia contra as popula\u00e7\u00f5es da regi\u00e3o do Donbass atingiu envergadura mundial. No terreno n\u00e3o se op\u00f5em j\u00e1 a OTAN e a R\u00fassia \u2013 a Ucr\u00e2nia \u00e9 somente o campo de batalha original \u2013 porque a Uni\u00e3o Europeia, enquanto tal, decidiu envolver-se diretamente e tamb\u00e9m provocar o Ir\u00e3, estendendo o conflito para o Oriente M\u00e9dio. O movimento cria um cen\u00e1rio prop\u00edcio a novos ajustamentos e perspectivas por parte de alian\u00e7as pol\u00edtico-militares assumidas ou n\u00e3o assumidas atrav\u00e9s de toda a Eur\u00e1sia. Agravam-se antagonismos at\u00e9 agora sublimados e que n\u00e3o poupar\u00e3o continentes.<\/span><\/p>\n<p><span style=\"font-size: large;\">Os membros dos atuais governos europeus, quando a hist\u00f3ria lhes fizer justi\u00e7a, ficar\u00e3o anotados como seres transtornados perigosos e sem coluna vertebral que aceitaram jogar com a vida de dezenas de milh\u00f5es de pessoas, incluindo os seus pr\u00f3prios cidad\u00e3os. E o executivo da Rep\u00fablica Portuguesa fez at\u00e9 quest\u00e3o de n\u00e3o ser discreto nas provoca\u00e7\u00f5es dirigidas contra inimigos criados artificialmente numa guerra com a qual os portugueses nada t\u00eam a ver.<\/span><\/p>\n<p><span style=\"font-size: large;\">Os governos europeus, na sua \u00e2nsia de cumprir as ordens de servi\u00e7o que lhes s\u00e3o enviadas de Washington e de tentar igualmente salvar o decadente Biden de uma hecatombe eleitoral em 8 de novembro, decidiram impor san\u00e7\u00f5es ao Ir\u00e3 por vender drones \u00e0 R\u00fassia; e tamb\u00e9m investir mais umas centenas de milh\u00f5es de euros para treinar, em solo da Uni\u00e3o Europeia, pelo menos 15 mil soldados ucranianos. Esta medida, como respondeu de pronto a porta-voz do Minist\u00e9rio russo dos Neg\u00f3cios Estrangeiros, transforma a UE em \u00abparte do conflito\u00bb, tendo de assumir, por isso, as correspondentes consequ\u00eancias.<\/span><\/p>\n<p><span style=\"font-size: large;\">As portas escancaram-se \u00e0 generaliza\u00e7\u00e3o continental da guerra. E como \u00e9 absolutamente not\u00f3ria e dram\u00e1tica a falta de bom senso nos dois lados do conflito, os cidad\u00e3os europeus dever\u00e3o se conscientizar de que o mundo mudou, n\u00e3o h\u00e1 caminho de regresso \u00e0s situa\u00e7\u00f5es existentes no per\u00edodo pr\u00e9-covid e s\u00e3o \u00ednfimas as possibilidades de passarmos pelo que a\u00ed vem de uma maneira benigna.<\/span><\/p>\n<h2><span style=\"font-size: large;\">A guerra como fator de unidade<\/span><\/h2>\n<p><span style=\"font-size: large;\">A Uni\u00e3o Europeia s\u00f3 \u00e9 \u00abuni\u00e3o\u00bb no nome. Sabemos que a famosa \u00abunidade\u00bb proclamada por Bruxelas \u00e9 um mito quando est\u00e3o em causa as vidas dos mais de 500 milh\u00f5es de cidad\u00e3os dos 27. N\u00e3o houve unidade quando se tratou de combater a covid, o desconcerto \u00e9 total para enfrentar o caos energ\u00e9tico que as san\u00e7\u00f5es com efeito de <i>boomerang<\/i> impostas \u00e0 R\u00fassia est\u00e3o gerando. A converg\u00eancia entre os Estados membros quando se trata de frustrar seriamente os ataques ao meio ambiente e combater as altera\u00e7\u00f5es clim\u00e1ticas \u00e9 uma rid\u00edcula hist\u00f3ria da carochinha.<\/span><\/p>\n<p><span style=\"font-size: large;\">A unidade europeia manifesta-se apenas quando se trata de atacar sal\u00e1rios, de imp\u00f4r uma austeridade cada vez mais institucionalizada e de amputar direitos sociais, pol\u00edticos e humanos elementares. A guerra, como agora se demonstra, \u00e9 a plataforma onde \u00e9 mais f\u00e1cil congregar as vontades e interesses dos dirigentes europeus \u2013 na verdade, dos seus mandantes \u2013 transformando-os numa amea\u00e7a potencialmente letal para os cidad\u00e3os.<\/span><\/p>\n<p><span style=\"font-size: large;\">A cria\u00e7\u00e3o e desenvolvimento de um esterco infecto, o tendencialmente totalit\u00e1rio aparelho de propaganda substituindo o espa\u00e7o da informa\u00e7\u00e3o e entretenimento, \u00e9 o complemento de uma estrat\u00e9gia belicista que necessita de uma lavagem cerebral coletiva e da robotiza\u00e7\u00e3o das pessoas para fazer funcionar um sistema perverso contra a natureza humana.<\/span><\/p>\n<p><span style=\"font-size: large;\">Os espantosos lucros que v\u00eam sendo registrados por grandes empresas e grupos econ\u00f4micos atuando a montante e jusante da ind\u00fastria e do exerc\u00edcio da guerra, receitas criminosas essas que sugam os cidad\u00e3os e fam\u00edlias das suas capacidades de sobreviv\u00eancia decente, explicam muitas das raz\u00f5es motivadoras da generaliza\u00e7\u00e3o do conflito armado, mas n\u00e3o abrangem o panorama completo.<\/span><\/p>\n<h2><span style=\"font-size: large;\">Confronto existencial<\/span><\/h2>\n<p><span style=\"font-size: large;\">Como se tem dito, h\u00e1 um confronto existencial entre duas formas opostas de encarar a ordem internacional \u2013 unipolar, a existente, e multipolar, a nascente \u2013 que chegou a uma fase de guerra da qual nenhuma das partes admite recuar.<\/span><\/p>\n<p><span style=\"font-size: large;\">A Uni\u00e3o Europeia, ao imiscuir-se diretamente no conflito onde tem participado sob o chap\u00e9u da OTAN, assumiu sem disfarces a sua vertente colonial\/imperial da unipolaridade e tornou-se um alvo declarado, pondo em risco a vida de centenas de milh\u00f5es de pessoas para que uma \u00ednfima minoria delas possa continuar a se beneficiar da extors\u00e3o criminosa do resto do mundo. Em nome da \u00abciviliza\u00e7\u00e3o ocidental\u00bb, superior a todas as outras por des\u00edgnio de um nunca desentranhado esp\u00edrito de cruzada para universalizar os \u00abvalores crist\u00e3os\u00bb.<\/span><\/p>\n<p><span style=\"font-size: large;\">O inimit\u00e1vel Josep Borrell, \u00abministro dos neg\u00f3cios estrangeiros\u00bb da UE servido por uma alma de criminoso de guerra, exp\u00f4s em Bruges aos futuros eurocratas, numa simples e inspirada frase, a maneira como as corjas europeias encaram o planeta: a Uni\u00e3o Europeia \u00ab\u00e9 um jardim, o resto do mundo \u00e9 uma selva\u00bb e existe o risco de \u00aba selva poder invadir o jardim\u00bb.<\/span><\/p>\n<p><span style=\"font-size: large;\">Tudo fica explicado. Da\u00ed que tornar-se parte ativa de uma guerra para salvar o \u00abjardim\u00bb e conter a \u00abselva\u00bb, generalizando as provoca\u00e7\u00f5es apesar do risco de ampliar a envergadura do confronto, seja um passo natural que os governos da UE e toda a camada desumanizada da eurocracia acabam de dar.<\/span><\/p>\n<div><b><span style=\"font-size: large;\">Do Cabo da Roca ao Extremo Oriente<\/span><\/b><\/div>\n<\/div>\n<\/div>\n<\/div>\n<\/div>\n<\/div>\n<p><span style=\"font-size: large;\">De que maneira as decis\u00f5es mais recentes dos governos da Uni\u00e3o Europeia contribuem para alargar substancialmente a \u00e1rea potencial de conflito?<\/span><\/p>\n<p><span style=\"font-size: large;\">A disponibilidade para treinar, em solo de Estados da Uni\u00e3o, pelo menos 15 mil efetivos das for\u00e7as militares ucranianas transformou a Uni\u00e3o Europeia \u00abnum alvo\u00bb, declarou a porta-voz do Minist\u00e9rio russo dos Neg\u00f3cios Estrangeiros. Quer isso dizer que o recurso direto ou indireto da Ucr\u00e2nia a armas e condi\u00e7\u00f5es operacionais proporcionadas por pa\u00edses da OTAN e\/ou Uni\u00e3o Europeia significam a entrada destes em confronto militar com a R\u00fassia. Sobretudo se o regime nazista de Kiev insistir, como tem feito, com frequ\u00eancia crescente, em atacar territ\u00f3rios russos.<\/span><\/p>\n<p><span style=\"font-size: large;\">A \u00e1rea real do conflito estende-se assim dos cabos atl\u00e2nticos da Pen\u00ednsula Ib\u00e9rica aos confins orientais de Vladivostok, com o Jap\u00e3o \u00e0 vista, e o comportamento da Uni\u00e3o Europeia fica sujeito, para j\u00e1, a eventuais atitudes russas que agravam ainda mais as consequ\u00eancias econ\u00f4micas e energ\u00e9ticas de que o Ocidente sofre presentemente. A realidade vem demonstrando que a Europa necessita mais da R\u00fassia do que a R\u00fassia do resto da Europa e a situa\u00e7\u00e3o est\u00e1 longe de atingir os limites mais dram\u00e1ticos \u2013 a Alemanha j\u00e1 come\u00e7ou a perceber do que se trata.<\/span><\/p>\n<p><span style=\"font-size: large;\">A hipot\u00e9tica decis\u00e3o da R\u00fassia de transformar a \u00abopera\u00e7\u00e3o militar especial\u00bb em declara\u00e7\u00e3o de guerra \u00e0 Ucr\u00e2nia tornar\u00e1 inevit\u00e1vel que todos os pa\u00edses envolvidos no conflito ao lado dos nazistas de Kiev \u2013 para al\u00e9m dos mercen\u00e1rios de muitas nacionalidades da OTAN e UE que j\u00e1 combatem integrados nas for\u00e7as ucranianas \u2013 sejam parte da mesma guerra. Sem esquecer que as principais ofensivas conduzidas pelas for\u00e7as militares ucranianas s\u00e3o comandadas por funcion\u00e1rios da OTAN e guiadas por sistemas tecnol\u00f3gicos de \u00faltima gera\u00e7\u00e3o facultados pela alian\u00e7a e seus ramos privados, como a empresa espacial de Elon Musk.<\/span><\/p>\n<p><span style=\"font-size: large;\">A situa\u00e7\u00e3o \u00e9 v\u00e1lida, infelizmente at\u00e9 por algumas atitudes espec\u00edficas, para o caso de Portugal. O governo portugu\u00eas teve pressa em confirmar que est\u00e1 dispon\u00edvel para integrar a opera\u00e7\u00e3o de treino dos soldados ucranianos. Mas n\u00e3o \u00e9 apenas por isso que se destaca na postura hostil em rela\u00e7\u00e3o \u00e0 R\u00fassia, que de maneira nenhuma atacou interesses do pa\u00eds e dos cidad\u00e3os nacionais. Os 250 milh\u00f5es de dinheiro dos portugueses oferecidos abusivamente \u2013 abuso de confian\u00e7a \u2013 por Ant\u00f3nio Costa ao filonazista Zelensky e os 14 tanques enviados para as suas tropas s\u00e3o passos que marcam um comportamento governamental indigno, que ofende e renega a Constitui\u00e7\u00e3o da Rep\u00fablica, a democracia portuguesa e a sua g\u00eanese em 25 de Abril de 1974.<\/span><\/p>\n<p><span style=\"font-size: large;\">A decis\u00e3o governamental de oferecer \u00e0 Ucr\u00e2nia, com objetivos militares, os helic\u00f3pteros Kamov que Moscou cedera com fins civis e humanit\u00e1rios, os combates aos inc\u00eandios, extravasa a pervers\u00e3o \u00e9tica assumida por Costa e sua equipe (nada de estranhar) e cai na viola\u00e7\u00e3o dos acordos contratuais com a parte russa.<\/span><\/p>\n<p><span style=\"font-size: large;\">Lisboa, desafiando heroicamente o urso russo, insiste na decis\u00e3o. Tem l\u00f3gica: Portugal n\u00e3o \u00e9 o pa\u00eds onde o governo viola a Constitui\u00e7\u00e3o para se envolver em guerras enquanto as entidades de fiscaliza\u00e7\u00e3o da constitucionalidade est\u00e3o mudas e quietas? O povo sofre, e possivelmente sofrer\u00e1 ainda muito mais as consequ\u00eancias deste ultraje; mas que os centros nacionais de decis\u00e3o n\u00e3o querem saber das pessoas para nada, al\u00e9m de as usar e jogar fora, j\u00e1 n\u00f3s sabemos h\u00e1 muito.<\/span><\/p>\n<p><span style=\"font-size: large;\">Depois h\u00e1 a decis\u00e3o da Uni\u00e3o Europeia de impor ainda mais san\u00e7\u00f5es contra o Ir\u00e3 por ter vendido \u00e0 R\u00fassia drones para fins militares. H\u00e1 uma enorme fabula\u00e7\u00e3o propagand\u00edstica em torno desta mat\u00e9ria, mas o mais significativo da situa\u00e7\u00e3o \u00e9 o fato de a entidade que pune Teer\u00e3 por vender armas a Moscou ser a mesma cujos pa\u00edses oferecem, alugam e vendem armas a Kiev.<\/span><\/p>\n<p><span style=\"font-size: large;\">\u00c9 oportuno citar novamente o socialista Borrell, inesgot\u00e1vel fonte de esclarecimentos sobre o verdadeiro \u00abesp\u00edrito europeu\u00bb. Diz ele que, ao contr\u00e1rio do que alega o senso comum, existem realmente dois pesos e duas medidas na arena internacional: os nossos interesses s\u00e3o para respeitar, os dos outros n\u00e3o. Nada mais do que a diferen\u00e7a entre o \u00abjardim\u00bb colonial e imperial e a \u00abselva\u00bb onde o colonialismo e o imperialismo se saciam. Pelo que a Uni\u00e3o Europeia pode abastecer impunemente Kiev para continuar a guerra, mas o Ir\u00e3 n\u00e3o pode vender armas \u00e0 R\u00fassia. \u00c9, como sempre, a \u00abordem internacional baseada em regras\u00bb. A imposi\u00e7\u00e3o de san\u00e7\u00f5es s\u00f3 pode se processar no \u00e2mbito de decis\u00f5es da ONU e por aqui se v\u00ea como a Uni\u00e3o Europeia viola ostensivamente, com todo o despudor, o direito internacional. Ou os \u00abnossos valores partilhados\u00bb em a\u00e7\u00e3o de maneira exemplar.<\/span><\/p>\n<p><span style=\"font-size: large;\">A decis\u00e3o dos governos da Uni\u00e3o integra de fato o Ir\u00e3 na guerra e vai provocar Israel n\u00e3o s\u00f3 a fornecer ainda mais armamento letal \u00e0 Ucr\u00e2nia mas tamb\u00e9m a agu\u00e7ar as garras do regime de apartheid de Telavive no sentido do t\u00e3o desejado ataque atlantista-sionista contra Teer\u00e3. A desestabiliza\u00e7\u00e3o \u00abcolorida\u00bb em territ\u00f3rio iraniano \u00e9 permanente; S\u00edria, L\u00edbano, Iraque, L\u00edbia e todas as guerras por resolver no Oriente M\u00e9dio poder\u00e3o ter novos e imprevis\u00edveis desenvolvimentos, regurgitando tamb\u00e9m a mir\u00edade de grupos terroristas \u00abisl\u00e2micos\u00bb subordinados \u00e0 OTAN, ali\u00e1s muito bem relacionados com as organiza\u00e7\u00f5es nazistas que governam Kiev.<\/span><\/p>\n<h2><span style=\"font-size: large;\">A Eur\u00e1sia em fogo<\/span><\/h2>\n<p><span style=\"font-size: large;\">O Ir\u00e3 \u00e9 parte do principal n\u00facleo da multipolaridade soberana em constru\u00e7\u00e3o, a par da R\u00fassia e da China. \u00c9 improv\u00e1vel que cada um de n\u00f3s fa\u00e7a ideia das consequ\u00eancias que podem resultar de uma conjuntura t\u00e3o sens\u00edvel que envolve agora o Oriente M\u00e9dio e toda a Eur\u00e1sia, a \u00abilha do mundo\u00bb, onde se cruzam espa\u00e7os de influ\u00eancia, alian\u00e7as, organiza\u00e7\u00f5es transnacionais em atividade ou em constru\u00e7\u00e3o e zonas de conspira\u00e7\u00e3o e interesses geoestrat\u00e9gicos e econ\u00f4micos alimentados pelas principais pot\u00eancias mundiais.<\/span><\/p>\n<p><span style=\"font-size: large;\">A situa\u00e7\u00e3o chegou a um ponto em que cada a\u00e7\u00e3o de uma das partes, neste contexto ainda mais generalizado, ter\u00e1 resposta da outra, na Ucr\u00e2nia e n\u00e3o s\u00f3, como vamos percebendo, designadamente pelo comportamento insano da Uni\u00e3o Europeia \u2013 que se sujeita a fazer a parte mais suja da miss\u00e3o terrorista dos Estados Unidos. Temos como certo, at\u00e9 agora, que nenhum dos lados est\u00e1 disposto a ceder ou mesmo a estabelecer contatos para reduzir a tens\u00e3o com o objetivo de travar o caminho para o abismo &#8211; a que chamar\u00e3o \u00abvit\u00f3ria\u00bb. Enquanto isso, parece cada vez mais desbravada de obst\u00e1culos a via para o recurso \u00e0s armas nucleares. Quando em Washington e Moscou se considera anacr\u00f4nico e ultrapassado o conceito segundo o qual o uso de tais armas de exterm\u00ednio provocaria a \u00abdestrui\u00e7\u00e3o mutuamente assegurada\u00bb, cruzou-se uma fat\u00eddica linha vermelha. Nas mentes destes seres alienados por puls\u00f5es sociopatas entranhou-se j\u00e1 a ideia de que o uso de bombas nucleares \u00e9 admiss\u00edvel e ter\u00e1 consequ\u00eancias limitadas e control\u00e1veis. O princ\u00edpio do fim.<\/span><\/p>\n<p><span style=\"font-size: large;\">N\u00e3o sabemos o que vem por a\u00ed, quando e como vem. Entretanto, uns continuam alegremente consumindo trapa\u00e7as da propaganda e p\u00edlulas de estupidifica\u00e7\u00e3o; outros nem querem saber, ainda que tenham umas luzes da gravidade da situa\u00e7\u00e3o. Mas quem n\u00e3o desiste de lutar pela paz e pela sobreviv\u00eancia da humanidade, que lute.<\/span><\/p>\n<p><span style=\"font-size: large;\">Mesmo sendo governados por pervertidos que escancaram as portas de mais uma guerra com envergadura mundial. Potencialmente definitiva.<\/span><\/p>\n<p><span style=\"font-size: large;\">Jos\u00e9 Goul\u00e3o, Exclusivo <i>AbrilAbril<\/i><\/span><\/p>\n<p><span style=\"font-size: large;\"><i><a href=\"https:\/\/www.abrilabril.pt\/internacional\/na-antecamara-da-guerra-mundial\" target=\"_blank\" rel=\"noopener\" data-saferedirecturl=\"https:\/\/www.google.com\/url?q=https:\/\/www.abrilabril.pt\/internacional\/na-antecamara-da-guerra-mundial&amp;source=gmail&amp;ust=1666899181841000&amp;usg=AOvVaw2ugt_DUiDbUC-3NTfjF06l\">Publicado originalmente em: https:\/\/www.abrilabril.pt\/<wbr \/>internacional\/na-antecamara-<wbr \/>da-guerra-mundial<\/a><\/i><\/span><\/p>\n<\/div>\n<\/div>\n","protected":false},"excerpt":{"rendered":"<a class=\"moretag\" href=\"https:\/\/pcb.org.br\/portal2\/29378\"> <\/a>","protected":false},"author":1,"featured_media":0,"comment_status":"closed","ping_status":"closed","sticky":false,"template":"","format":"standard","meta":{"jetpack_post_was_ever_published":false,"_jetpack_newsletter_access":"","_jetpack_dont_email_post_to_subs":false,"_jetpack_newsletter_tier_id":0,"_jetpack_memberships_contains_paywalled_content":false,"_jetpack_memberships_contains_paid_content":false,"footnotes":"","jetpack_publicize_message":"","jetpack_publicize_feature_enabled":true,"jetpack_social_post_already_shared":true,"jetpack_social_options":{"image_generator_settings":{"template":"highway","default_image_id":0,"font":"","enabled":false},"version":2}},"categories":[65,10],"tags":[233],"class_list":["post-29378","post","type-post","status-publish","format-standard","hentry","category-c78-internacional","category-s19-opiniao","tag-6a"],"jetpack_publicize_connections":[],"jetpack_featured_media_url":"","jetpack_shortlink":"https:\/\/wp.me\/p659gw-7DQ","jetpack-related-posts":[],"jetpack_likes_enabled":true,"jetpack_sharing_enabled":true,"_links":{"self":[{"href":"https:\/\/pcb.org.br\/portal2\/wp-json\/wp\/v2\/posts\/29378","targetHints":{"allow":["GET"]}}],"collection":[{"href":"https:\/\/pcb.org.br\/portal2\/wp-json\/wp\/v2\/posts"}],"about":[{"href":"https:\/\/pcb.org.br\/portal2\/wp-json\/wp\/v2\/types\/post"}],"author":[{"embeddable":true,"href":"https:\/\/pcb.org.br\/portal2\/wp-json\/wp\/v2\/users\/1"}],"replies":[{"embeddable":true,"href":"https:\/\/pcb.org.br\/portal2\/wp-json\/wp\/v2\/comments?post=29378"}],"version-history":[{"count":0,"href":"https:\/\/pcb.org.br\/portal2\/wp-json\/wp\/v2\/posts\/29378\/revisions"}],"wp:attachment":[{"href":"https:\/\/pcb.org.br\/portal2\/wp-json\/wp\/v2\/media?parent=29378"}],"wp:term":[{"taxonomy":"category","embeddable":true,"href":"https:\/\/pcb.org.br\/portal2\/wp-json\/wp\/v2\/categories?post=29378"},{"taxonomy":"post_tag","embeddable":true,"href":"https:\/\/pcb.org.br\/portal2\/wp-json\/wp\/v2\/tags?post=29378"}],"curies":[{"name":"wp","href":"https:\/\/api.w.org\/{rel}","templated":true}]}}