{"id":29381,"date":"2022-10-27T23:09:29","date_gmt":"2022-10-28T02:09:29","guid":{"rendered":"https:\/\/pcb.org.br\/portal2\/?p=29381"},"modified":"2022-10-31T19:25:44","modified_gmt":"2022-10-31T22:25:44","slug":"astrojildo-pereira-intelectual-organico-do-proletariado-brasileiro","status":"publish","type":"post","link":"https:\/\/pcb.org.br\/portal2\/29381","title":{"rendered":"Astrojildo Pereira: intelectual org\u00e2nico do proletariado brasileiro"},"content":{"rendered":"<p><img data-recalc-dims=\"1\" loading=\"lazy\" decoding=\"async\" data-attachment-id=\"29382\" data-permalink=\"https:\/\/pcb.org.br\/portal2\/29381\/imagem-astrojildo-1\" data-orig-file=\"https:\/\/i0.wp.com\/pcb.org.br\/portal2\/wp-content\/uploads\/2022\/10\/imagem-astrojildo-1.jpg?fit=350%2C400&amp;ssl=1\" data-orig-size=\"350,400\" data-comments-opened=\"0\" data-image-meta=\"{&quot;aperture&quot;:&quot;0&quot;,&quot;credit&quot;:&quot;&quot;,&quot;camera&quot;:&quot;&quot;,&quot;caption&quot;:&quot;&quot;,&quot;created_timestamp&quot;:&quot;0&quot;,&quot;copyright&quot;:&quot;&quot;,&quot;focal_length&quot;:&quot;0&quot;,&quot;iso&quot;:&quot;0&quot;,&quot;shutter_speed&quot;:&quot;0&quot;,&quot;title&quot;:&quot;&quot;,&quot;orientation&quot;:&quot;0&quot;}\" data-image-title=\"imagem astrojildo 1\" data-image-description=\"\" data-image-caption=\"\" data-large-file=\"https:\/\/i0.wp.com\/pcb.org.br\/portal2\/wp-content\/uploads\/2022\/10\/imagem-astrojildo-1.jpg?fit=350%2C400&amp;ssl=1\" class=\"alignnone size-medium wp-image-29382\" src=\"https:\/\/i0.wp.com\/pcb.org.br\/portal2\/wp-content\/uploads\/2022\/10\/imagem-astrojildo-1.jpg?resize=263%2C300&#038;ssl=1\" alt=\"\" width=\"263\" height=\"300\" srcset=\"https:\/\/i0.wp.com\/pcb.org.br\/portal2\/wp-content\/uploads\/2022\/10\/imagem-astrojildo-1.jpg?resize=263%2C300&amp;ssl=1 263w, https:\/\/i0.wp.com\/pcb.org.br\/portal2\/wp-content\/uploads\/2022\/10\/imagem-astrojildo-1.jpg?w=350&amp;ssl=1 350w\" sizes=\"auto, (max-width: 263px) 100vw, 263px\" \/><\/p>\n<p><!--more--><\/p>\n<p lang=\"pt-BR\"><span style=\"font-family: Arial, sans-serif; font-size: large;\">Funda\u00e7\u00e3o Dinarco Reis<br \/>\n<\/span><\/p>\n<p lang=\"pt-BR\"><span style=\"font-family: Arial, sans-serif; font-size: large;\">Astrojildo Pereira Duarte Silva foi, ao lado do amigo Oct\u00e1vio Brand\u00e3o, um dos principais dirigentes do PCB na primeira fase de organiza\u00e7\u00e3o do Partido, tendo sido eleito Secret\u00e1rio-Geral em 1922 e reeleito nos II e III Congressos. Nascido em 8 de outubro de 1890, em Rio Bonito, interior do Estado do Rio de Janeiro, era filho de um m\u00e9dico propriet\u00e1rio rural e comerciante. Estudou no Col\u00e9gio Anchieta, em Nova Friburgo, educand\u00e1rio de orienta\u00e7\u00e3o jesu\u00edta, de onde foi expulso. Morando com a fam\u00edlia em Niter\u00f3i, come\u00e7ou a trabalhar como gr\u00e1fico e entrou em contato com o universo cultural do Rio de Janeiro. Na d\u00e9cada de 1910, aproximou-se dos n\u00facleos anarquistas. Em 1913, participou ativamente da organiza\u00e7\u00e3o do II Congresso Oper\u00e1rio Brasileiro, que, dirigido ent\u00e3o pelos grupos anarquistas, reestruturou a Confedera\u00e7\u00e3o Oper\u00e1ria Brasileira (COB).<\/span><\/p>\n<p><span style=\"font-family: Arial, sans-serif; font-size: large;\"><span lang=\"pt-BR\">Foi na imprensa oper\u00e1ria que Astrojildo deu in\u00edcio \u00e0 carreira de jornalista, atividade a que se dedicou durante a maior parte de sua vida. Em fins de 1918, participou de uma frustrada tentativa de levante anarquista, raz\u00e3o pela qual foi preso. No entanto, os ecos da Revolu\u00e7\u00e3o Socialista de 1917 na R\u00fassia j\u00e1 se faziam sentir entre os militantes do movimento oper\u00e1rio no Brasil, e Astrojildo acabou por afastar-se do anarquismo. Proferiu palestras defendendo a Uni\u00e3o Sovi\u00e9tica e o internacionalismo prolet\u00e1rio e editou a revista <\/span><\/span><span style=\"font-family: Arial, sans-serif; font-size: large;\"><span lang=\"pt-BR\"><i><b>Movimento Communista<\/b><\/i><\/span><\/span><span style=\"font-family: Arial, sans-serif; font-size: large;\"><span lang=\"pt-BR\">. <\/span><\/span><\/p>\n<p><span style=\"font-family: Arial, sans-serif; font-size: large;\"><span lang=\"pt-BR\">Ap\u00f3s a funda\u00e7\u00e3o do PCB, fez sua primeira viagem \u00e0 Uni\u00e3o Sovi\u00e9tica (1924) e foi encarregado, em 1927, de estabelecer o primeiro contato do PCB com o l\u00edder do movimento tenentista Luiz Carlos Prestes, ent\u00e3o exilado na Bol\u00edvia. No II Congresso do PCB, em maio de 1925, no Rio de Janeiro, foi aprovada a cria\u00e7\u00e3o de um jornal com o prop\u00f3sito de divulgar as principais propostas e bandeiras dos comunistas junto \u00e0 classe trabalhadora. Fundado por Astrogildo Pereira e Ot\u00e1vio Brand\u00e3o Rego, com o aux\u00edlio de Jos\u00e9 Lago Molares e Laura Brand\u00e3o, assim surgia <\/span><\/span><span style=\"font-family: Arial, sans-serif; font-size: large;\"><span lang=\"pt-BR\"><i><b>A Classe Oper\u00e1ria<\/b><\/i><\/span><\/span><span style=\"font-family: Arial, sans-serif; font-size: large;\"><span lang=\"pt-BR\">, que, numa \u00e9poca de intensa repress\u00e3o pol\u00edtica e censura exercida pelo governo de Arthur Bernardes, n\u00e3o se assumia abertamente como \u00f3rg\u00e3o oficial do PCB, sendo apresentado como um \u201cjornal de trabalhadores, feito por trabalhadores, para trabalhadores\u201d.<\/span><\/span><\/p>\n<p><span style=\"font-size: large;\"><a name=\"m_1938211566421152013_ctl00_ContentPlaceHolder1_UDDetalhamento\"><\/a><span style=\"font-family: Arial, sans-serif;\"><span lang=\"pt-BR\">Astrojildo passou a fazer parte do Comit\u00ea Executivo da Internacional Comunista em 1928, mas, no in\u00edcio da d\u00e9cada de 1930, a guinada \u201cobreirista\u201d no partido foi respons\u00e1vel pelo afastamento dos intelectuais, e Astrojildo seria substitu\u00eddo na Secretaria-Geral. Dedicou-se ent\u00e3o \u00e0s atividades culturais. Em 1944 publicou<\/span><\/span><span style=\"font-family: Arial, sans-serif;\"><span lang=\"pt-BR\"><i> Interpreta\u00e7\u00f5es<\/i><\/span><\/span><span style=\"font-family: Arial, sans-serif;\"><span lang=\"pt-BR\">, colet\u00e2nea de estudos sobre literatura, hist\u00f3ria e pol\u00edtica, incluindo seu ensaio \u201cMachado de Assis, novelista do Segundo Reinado\u201d, de 1942.<\/span><\/span><\/span><\/p>\n<p><span style=\"font-family: Arial, sans-serif; font-size: large;\"><span lang=\"pt-BR\"><b>Jornalista, escritor, editor, cr\u00edtico liter\u00e1rio e leal militante comunista<\/b><\/span><\/span><\/p>\n<p lang=\"pt-BR\"><span style=\"font-family: Arial, sans-serif; font-size: large;\">Mesmo tendo sido expulso do Partido, Astrojildo se uniu \u00e0s for\u00e7as pol\u00edticas que se mobilizaram contra o nazifascismo e pelo fim do Estado Novo. Foi um participante ativo e destacado do I Congresso Nacional de Escritores realizado no in\u00edcio de 1945, que desempenhou papel importante nas lutas pelas liberdades democr\u00e1ticas.<\/span><\/p>\n<p><span style=\"font-family: Arial, sans-serif; font-size: large;\"><span lang=\"pt-BR\">Com a legaliza\u00e7\u00e3o do PCB, Astrojildo voltou a militar nas fileiras partid\u00e1rias, centrando suas a\u00e7\u00f5es no trabalho cultural e na reda\u00e7\u00e3o de revistas ligadas ao PCB, passando a dirigir a revista <\/span><\/span><span style=\"font-family: Arial, sans-serif; font-size: large;\"><span lang=\"pt-BR\"><i><b>Literatura<\/b><\/i><\/span><\/span><span style=\"font-family: Arial, sans-serif; font-size: large;\"><span lang=\"pt-BR\">, de cujo conselho editorial participavam intelectuais como \u00c1lvaro Moreyra, An\u00edbal Machado, Artur Ramos, Graciliano Ramos, Or\u00edgenes Lessa e Manuel Bandeira.<\/span><\/span><\/p>\n<p lang=\"pt-BR\"><span style=\"font-family: Arial, sans-serif; font-size: large;\">No IV Congresso do PCB, realizado na clandestinidade em novembro de 1954, Astrojildo foi escolhido para fazer o discurso de abertura do encontro, honraria prestada ao fundador do PCB. No V Congresso, em 1960, foi eleito membro efetivo do Comit\u00ea Central.<\/span><\/p>\n<p><span style=\"font-family: Arial, sans-serif; font-size: large;\"><span lang=\"pt-BR\">Astrojildo dirigiu v\u00e1rias revistas do PCB ou pr\u00f3ximas ao Partido. Foi diretor e redator-chefe de <\/span><\/span><span style=\"font-family: Arial, sans-serif; font-size: large;\"><span lang=\"pt-BR\"><i><b>Problemas da Paz e do Socialismo<\/b><\/i><\/span><\/span><span style=\"font-family: Arial, sans-serif; font-size: large;\"><span lang=\"pt-BR\">, dedicada aos temas do movimento comunista internacional. Em 1958, fundou e dirigiu <\/span><\/span><span style=\"font-family: Arial, sans-serif; font-size: large;\"><span lang=\"pt-BR\"><i><b>Estudos Sociais<\/b><\/i><\/span><\/span><span style=\"font-family: Arial, sans-serif; font-size: large;\"><span lang=\"pt-BR\">, revista te\u00f3rica vinculada ao PCB, que circulou at\u00e9 1964. Colaborou nos jornais comunistas <\/span><\/span><span style=\"font-family: Arial, sans-serif; font-size: large;\"><span lang=\"pt-BR\"><i><b>Imprensa Popular<\/b><\/i><\/span><\/span><span style=\"font-family: Arial, sans-serif; font-size: large;\"><span lang=\"pt-BR\"> (1948-1958) e <\/span><\/span><span style=\"font-family: Arial, sans-serif; font-size: large;\"><span lang=\"pt-BR\"><i><b>Novos Rumos <\/b><\/i><\/span><\/span><span style=\"font-family: Arial, sans-serif; font-size: large;\"><span lang=\"pt-BR\">(1958-1964).<\/span><\/span><\/p>\n<p><span style=\"font-family: Arial, sans-serif; font-size: large;\"><span lang=\"pt-BR\">No mesmo per\u00edodo produziu artigos e obras de cr\u00edtica liter\u00e1ria e sobre a hist\u00f3ria do PCB. Em 1959, publicou <\/span><\/span><span style=\"font-family: Arial, sans-serif; font-size: large;\"><span lang=\"pt-BR\"><i>Machado de Assis, ensaios e apontamentos avulsos<\/i><\/span><\/span><span style=\"font-family: Arial, sans-serif; font-size: large;\"><span lang=\"pt-BR\"> e, em 1962, <\/span><\/span><span style=\"font-family: Arial, sans-serif; font-size: large;\"><span lang=\"pt-BR\"><i>Forma\u00e7\u00e3o do PCB: 1922-1928, notas e documentos<\/i><\/span><\/span><span style=\"font-family: Arial, sans-serif; font-size: large;\"><span lang=\"pt-BR\">. Em 1963 lan\u00e7ou <\/span><\/span><span style=\"font-family: Arial, sans-serif; font-size: large;\"><span lang=\"pt-BR\"><i>Cr\u00edtica impura, autores e problemas<\/i><\/span><\/span><span style=\"font-family: Arial, sans-serif; font-size: large;\"><span lang=\"pt-BR\">. Nos \u00faltimos anos de vida pertenceu \u00e0 Comiss\u00e3o Machado de Assis, encarregada pelo governo federal da prepara\u00e7\u00e3o de edi\u00e7\u00f5es cr\u00edticas da obra machadiana. Em seus trabalhos usou diversos pseud\u00f4nimos, como Trist\u00e3o, Astper, Bas\u00edlio Torres\u00e3o, Aurel\u00ednio Corvo, J\u00falio Bartaline, S\u00e1 Pedreira etc.<\/span><\/span><\/p>\n<p><span style=\"font-family: Arial, sans-serif; font-size: large;\"><span lang=\"pt-BR\">Foi preso pelos agentes da ditadura em outubro de 1964, ap\u00f3s seu nome e de outros m<\/span><\/span><span style=\"font-family: Arial, sans-serif; font-size: large;\"><span lang=\"pt-BR\">ilitante<\/span><\/span><span style=\"font-family: Arial, sans-serif; font-size: large;\"><span lang=\"pt-BR\">s do PCB, <\/span><\/span><span style=\"font-family: Arial, sans-serif; font-size: large;\"><span lang=\"pt-BR\">membros <\/span><\/span><span style=\"font-family: Arial, sans-serif; font-size: large;\"><span lang=\"pt-BR\">do <a href=\"https:\/\/pt.wikipedia.org\/wiki\/Instituto_Superior_de_Estudos_Brasileiros\" target=\"_blank\" rel=\"noopener\" data-saferedirecturl=\"https:\/\/www.google.com\/url?q=https:\/\/pt.wikipedia.org\/wiki\/Instituto_Superior_de_Estudos_Brasileiros&amp;source=gmail&amp;ust=1667008045534000&amp;usg=AOvVaw1RPBvicy7KlfL1zRFzwIe6\">Instituto Superior de Estudos Brasileiros<\/a> (ISBE) e da imprensa comunista terem sido delatados aos militares. Na pris\u00e3o, seus problemas card\u00edacos agrava<\/span><\/span><span style=\"font-family: Arial, sans-serif; font-size: large;\"><span lang=\"pt-BR\">ram<\/span><\/span><span style=\"font-family: Arial, sans-serif; font-size: large;\"><span lang=\"pt-BR\">. Foi posto em liberdade, por for\u00e7a de um habeas-corpus em janeiro do ano seguinte, quando declarou \u00e0 imprensa ser um \u201cmarxista convicto\u201d, conclamando \u00e0 luta pelas franquias democr\u00e1ticas. Morreu no Rio de Janeiro em 20 de novembro de 1965, sendo sepultado em Niter\u00f3i.<\/span><\/span><\/p>\n<p lang=\"pt-BR\" align=\"justify\"><span style=\"font-family: Arial, sans-serif; font-size: large;\"><b>Fontes:<\/b><\/span><\/p>\n<p align=\"justify\"><span style=\"font-family: Arial, sans-serif; font-size: large;\"><span lang=\"pt-BR\">Artigo de Anita Prestes &#8211; <a href=\"https:\/\/pcb.org.br\/portal2\/28771\" target=\"_blank\" rel=\"noopener\" data-saferedirecturl=\"https:\/\/www.google.com\/url?q=https:\/\/pcb.org.br\/portal2\/28771&amp;source=gmail&amp;ust=1667008045534000&amp;usg=AOvVaw3-LT_vL9mp6bu_Mo6pB-d-\">https:\/\/pcb.org.br\/portal2\/<wbr \/>28771<\/a><\/span><\/span><\/p>\n<p align=\"justify\"><span style=\"font-family: Arial, sans-serif; font-size: large;\"><span lang=\"pt-BR\">Verbete do CPDOC: <a href=\"http:\/\/www.fgv.br\/cpdoc\/acervo\/dicionarios\/verbete-biografico\/astrojildo-pereira-duarte-silva\" target=\"_blank\" rel=\"noopener\" data-saferedirecturl=\"https:\/\/www.google.com\/url?q=http:\/\/www.fgv.br\/cpdoc\/acervo\/dicionarios\/verbete-biografico\/astrojildo-pereira-duarte-silva&amp;source=gmail&amp;ust=1667008045534000&amp;usg=AOvVaw1J2zYU2s1CV7jPGHWBnS8S\">http:\/\/www.fgv.br\/cpdoc\/<wbr \/>acervo\/dicionarios\/verbete-<wbr \/>biografico\/astrojildo-pereira-<wbr \/>duarte-silva<\/a><\/span><\/span><\/p>\n<p align=\"justify\"><span style=\"font-family: Arial, sans-serif; font-size: large;\"><span lang=\"pt-BR\"><b>Adquira a Agenda da Funda\u00e7\u00e3o Dinarco Reis \/ PCB 2023: ARTE, CULTURA POPULAR E REVOLU\u00c7\u00c3O<\/b><\/span><\/span><\/p>\n<p><a href=\"https:\/\/vitrinecomunista.com.br\/produtos\/pre-venda-livro-agenda-2023-arte-cultura-popular-e-revolucao\/?fbclid=IwAR2-mOFzv5ai77vB0R98wsUsmq4X0qTJzJoQX89FBR4odpjOH17g2Ql7RwE\">https:\/\/vitrinecomunista.com.br\/produtos\/pre-venda-livro-agenda-2023-arte-cultura-popular-e-revolucao\/?fbclid=IwAR2-mOFzv5ai77vB0R98wsUsmq4X0qTJzJoQX89FBR4odpjOH17g2Ql7RwE<\/a><\/p>\n","protected":false},"excerpt":{"rendered":"<a class=\"moretag\" href=\"https:\/\/pcb.org.br\/portal2\/29381\"> <\/a>","protected":false},"author":1,"featured_media":0,"comment_status":"closed","ping_status":"closed","sticky":false,"template":"","format":"standard","meta":{"jetpack_post_was_ever_published":false,"_jetpack_newsletter_access":"","_jetpack_dont_email_post_to_subs":false,"_jetpack_newsletter_tier_id":0,"_jetpack_memberships_contains_paywalled_content":false,"_jetpack_memberships_contains_paid_content":false,"footnotes":"","jetpack_publicize_message":"","jetpack_publicize_feature_enabled":true,"jetpack_social_post_already_shared":true,"jetpack_social_options":{"image_generator_settings":{"template":"highway","default_image_id":0,"font":"","enabled":false},"version":2}},"categories":[365,13,50,5],"tags":[223],"class_list":["post-29381","post","type-post","status-publish","format-standard","hentry","category-centenario-do-pcb","category-s14-cultura","category-c61-cultura-revolucionaria","category-s4-pcb","tag-3a"],"jetpack_publicize_connections":[],"jetpack_featured_media_url":"","jetpack_shortlink":"https:\/\/wp.me\/p659gw-7DT","jetpack-related-posts":[],"jetpack_likes_enabled":true,"jetpack_sharing_enabled":true,"_links":{"self":[{"href":"https:\/\/pcb.org.br\/portal2\/wp-json\/wp\/v2\/posts\/29381","targetHints":{"allow":["GET"]}}],"collection":[{"href":"https:\/\/pcb.org.br\/portal2\/wp-json\/wp\/v2\/posts"}],"about":[{"href":"https:\/\/pcb.org.br\/portal2\/wp-json\/wp\/v2\/types\/post"}],"author":[{"embeddable":true,"href":"https:\/\/pcb.org.br\/portal2\/wp-json\/wp\/v2\/users\/1"}],"replies":[{"embeddable":true,"href":"https:\/\/pcb.org.br\/portal2\/wp-json\/wp\/v2\/comments?post=29381"}],"version-history":[{"count":0,"href":"https:\/\/pcb.org.br\/portal2\/wp-json\/wp\/v2\/posts\/29381\/revisions"}],"wp:attachment":[{"href":"https:\/\/pcb.org.br\/portal2\/wp-json\/wp\/v2\/media?parent=29381"}],"wp:term":[{"taxonomy":"category","embeddable":true,"href":"https:\/\/pcb.org.br\/portal2\/wp-json\/wp\/v2\/categories?post=29381"},{"taxonomy":"post_tag","embeddable":true,"href":"https:\/\/pcb.org.br\/portal2\/wp-json\/wp\/v2\/tags?post=29381"}],"curies":[{"name":"wp","href":"https:\/\/api.w.org\/{rel}","templated":true}]}}