{"id":29391,"date":"2022-10-27T23:26:15","date_gmt":"2022-10-28T02:26:15","guid":{"rendered":"https:\/\/pcb.org.br\/portal2\/?p=29391"},"modified":"2022-10-27T23:31:33","modified_gmt":"2022-10-28T02:31:33","slug":"entrevista-do-momento-helga-maria-martins-de-paula","status":"publish","type":"post","link":"https:\/\/pcb.org.br\/portal2\/29391","title":{"rendered":"Entrevista do Momento: Helga Maria Martins de Paula"},"content":{"rendered":"<p><img data-recalc-dims=\"1\" loading=\"lazy\" decoding=\"async\" data-attachment-id=\"29392\" data-permalink=\"https:\/\/pcb.org.br\/portal2\/29391\/image4-2\" data-orig-file=\"https:\/\/i0.wp.com\/pcb.org.br\/portal2\/wp-content\/uploads\/2022\/10\/image4-1.png?fit=926%2C764&amp;ssl=1\" data-orig-size=\"926,764\" data-comments-opened=\"0\" data-image-meta=\"{&quot;aperture&quot;:&quot;0&quot;,&quot;credit&quot;:&quot;&quot;,&quot;camera&quot;:&quot;&quot;,&quot;caption&quot;:&quot;&quot;,&quot;created_timestamp&quot;:&quot;0&quot;,&quot;copyright&quot;:&quot;&quot;,&quot;focal_length&quot;:&quot;0&quot;,&quot;iso&quot;:&quot;0&quot;,&quot;shutter_speed&quot;:&quot;0&quot;,&quot;title&quot;:&quot;&quot;,&quot;orientation&quot;:&quot;0&quot;}\" data-image-title=\"image(4)\" data-image-description=\"\" data-image-caption=\"\" data-large-file=\"https:\/\/i0.wp.com\/pcb.org.br\/portal2\/wp-content\/uploads\/2022\/10\/image4-1.png?fit=747%2C617&amp;ssl=1\" class=\"alignnone size-medium wp-image-29392\" src=\"https:\/\/i0.wp.com\/pcb.org.br\/portal2\/wp-content\/uploads\/2022\/10\/image4-1.png?resize=300%2C248&#038;ssl=1\" alt=\"\" width=\"300\" height=\"248\" srcset=\"https:\/\/i0.wp.com\/pcb.org.br\/portal2\/wp-content\/uploads\/2022\/10\/image4-1.png?resize=300%2C248&amp;ssl=1 300w, https:\/\/i0.wp.com\/pcb.org.br\/portal2\/wp-content\/uploads\/2022\/10\/image4-1.png?resize=900%2C743&amp;ssl=1 900w, https:\/\/i0.wp.com\/pcb.org.br\/portal2\/wp-content\/uploads\/2022\/10\/image4-1.png?resize=768%2C634&amp;ssl=1 768w, https:\/\/i0.wp.com\/pcb.org.br\/portal2\/wp-content\/uploads\/2022\/10\/image4-1.png?w=926&amp;ssl=1 926w\" sizes=\"auto, (max-width: 300px) 100vw, 300px\" \/><!--more--><\/p>\n<div><span dir=\"ltr\" role=\"presentation\"> Helga Maria Martins de Paula &#8211; Educadora popular, professora de Direito P\u00fablico da Universidade Federal de Jata\u00ed (UFJ) e do Programa de P\u00f3s-Graduacao em Direito Agr\u00e1rio da UFG. Dirigente do ANDES-Sindicato Nacional e da ADCAJ (se\u00e7\u00e3o sindical em Jata\u00ed). Membra do Comit\u00ea Central do PCB e da Coordena\u00e7\u00e3o Nacional da Unidade Classista. Coordena o Cursinho Popular Maria Elo\u00e1 e as Promotoras Legais Populares Libert\u00e1rias Jata\u00ed. <\/span><\/div>\n<div><\/div>\n<div>\n<div><span dir=\"ltr\" role=\"presentation\"><br \/>\nJornal O MOMENTO &#8211; PCB da Bahia<br \/>\n<\/span><\/div>\n<div><span dir=\"ltr\" role=\"presentation\">\u00a0<\/span><\/div>\n<div><span dir=\"ltr\" role=\"presentation\">\u00a0<\/span><\/div>\n<div><span dir=\"ltr\" role=\"presentation\">O MOMENTO &#8211; Voc\u00ea \u00e9 professora de direito<\/span><span dir=\"ltr\" role=\"presentation\"> de uma universidade federal, como examina<\/span><span dir=\"ltr\" role=\"presentation\"> o quadro de funcionamento dessas institui<\/span><span dir=\"ltr\" role=\"presentation\">\u00e7\u00f5es no atual momento do governo Jair Bol<\/span><span dir=\"ltr\" role=\"presentation\">sonaro?<\/span><\/div>\n<div><span dir=\"ltr\" role=\"presentation\">\u00a0<\/span><\/div>\n<p><span dir=\"ltr\" role=\"presentation\">Helga &#8211;<\/span> <span dir=\"ltr\" role=\"presentation\">Sim, sou professora de Direito P\u00fablico <\/span><span dir=\"ltr\" role=\"presentation\">da Universidade Federal de Jata\u00ed desde 2010. O <\/span><span dir=\"ltr\" role=\"presentation\">processo de fascistiza\u00e7\u00e3o do Estado autocr\u00e1ti<\/span><span dir=\"ltr\" role=\"presentation\">co burgu\u00eas brasileiro \u00e9 alimentado e amplifica<\/span><span dir=\"ltr\" role=\"presentation\">do pela instrumentaliza\u00e7\u00e3o do aparato jur\u00eddico<\/span><span dir=\"ltr\" role=\"presentation\">-institucional para aprofundar a criminaliza\u00e7\u00e3o <\/span><span dir=\"ltr\" role=\"presentation\">da pobreza, dos movimentos sociais populares <\/span><span dir=\"ltr\" role=\"presentation\">, trabalhadores e juventude: fato \u00e9 que o direi<\/span><span dir=\"ltr\" role=\"presentation\">to, enquanto forma jur\u00eddica desta sociabilidade <\/span><span dir=\"ltr\" role=\"presentation\">capitalista (no nosso caso, dependente e perif\u00e9<\/span><span dir=\"ltr\" role=\"presentation\">rica), \u00e9 central para, de um lado, a manuten\u00e7\u00e3o <\/span><span dir=\"ltr\" role=\"presentation\">da acumula\u00e7\u00e3o capitalista por meio da super<\/span><span dir=\"ltr\" role=\"presentation\">explora\u00e7\u00e3o dos trabalhadores e consequente <\/span><span dir=\"ltr\" role=\"presentation\">expropria\u00e7\u00e3o de direitos sociais, direitos traba<\/span><span dir=\"ltr\" role=\"presentation\">lhistas, previdenci\u00e1rios e de assist\u00eancia social<\/span><span dir=\"ltr\" role=\"presentation\">, as chamadas expropria\u00e7\u00f5es secund\u00e1rias (vide <\/span><span dir=\"ltr\" role=\"presentation\">as contrarreformas trabalhista e previdenci\u00e1<\/span><span dir=\"ltr\" role=\"presentation\">ria, engendradas ainda nos governos petistas, e <\/span><span dir=\"ltr\" role=\"presentation\">encaminhadas no governo golpista de Temer e <\/span><span dir=\"ltr\" role=\"presentation\">genocida de Bolsonaro). Por outro lado, \u00e9 per<\/span><span dir=\"ltr\" role=\"presentation\">petrador da criminaliza\u00e7\u00e3o da pobreza tendo <\/span><span dir=\"ltr\" role=\"presentation\">como consequ\u00eancia o encarceramento em mas<\/span><span dir=\"ltr\" role=\"presentation\">sa, o exterm\u00ednio dos trabalhadores, lutadores <\/span><span dir=\"ltr\" role=\"presentation\">sociais, juventude negra e perif\u00e9rica, povos in<\/span><span dir=\"ltr\" role=\"presentation\">d\u00edgenas, mulheres, comunidade LGBT.<\/span><\/p>\n<div><span dir=\"ltr\" role=\"presentation\">O recrudescimento que estreita os limites das <\/span><span dir=\"ltr\" role=\"presentation\">institui\u00e7\u00f5es da democracia burguesa faz com <\/span><span dir=\"ltr\" role=\"presentation\">que ocorram as possibilidades de golpes inter<\/span><span dir=\"ltr\" role=\"presentation\">nos que refletem os interesses das fra\u00e7\u00f5es da <\/span><span dir=\"ltr\" role=\"presentation\">burguesia nacional e internacional no aprofun<\/span><span dir=\"ltr\" role=\"presentation\">damento da agenda neoliberal extremada (vide <\/span><span dir=\"ltr\" role=\"presentation\">a prioriza\u00e7\u00e3o de pauta referente a PEC 32 &#8211; Re<\/span><span dir=\"ltr\" role=\"presentation\">forma administrativa-, da PEC 206 que cobra<\/span> <span dir=\"ltr\" role=\"presentation\">mensalidades<\/span> <span dir=\"ltr\" role=\"presentation\">de<\/span> <span dir=\"ltr\" role=\"presentation\">estudantes<\/span> <span dir=\"ltr\" role=\"presentation\">de<\/span> <span dir=\"ltr\" role=\"presentation\">Institui\u00e7\u00f5es <\/span><span dir=\"ltr\" role=\"presentation\">P\u00fablicas de Educa\u00e7\u00e3o Superior) e tamb\u00e9m o as<\/span><span dir=\"ltr\" role=\"presentation\">censo de uma frente de extrema-direita orga<\/span><span dir=\"ltr\" role=\"presentation\">nizada que encontra no bolsonarismo seu am\u00e1l<\/span><span dir=\"ltr\" role=\"presentation\">gama, a express\u00e3o de todo \u00f3dio, preconceito e <\/span><span dir=\"ltr\">intoler\u00e2ncia sem qualquer filtro republicano.<\/span><\/div>\n<div><span dir=\"ltr\" role=\"presentation\">\u00a0<\/span><\/div>\n<p><span dir=\"ltr\" role=\"presentation\">Como temos a fragilidade da classe trabalha<\/span><span dir=\"ltr\" role=\"presentation\">dora ap\u00f3s d\u00e9cadas de apassivamento e coop<\/span><span dir=\"ltr\" role=\"presentation\">ta\u00e7\u00e3o, o que acarreta dificuldades concretas de<\/span> <span dir=\"ltr\" role=\"presentation\">mobiliza\u00e7\u00e3o e uma subjetividade marcada por <\/span><span dir=\"ltr\" role=\"presentation\">este caldo cultural reacion\u00e1rio no qual h\u00e1 uma<\/span> <span dir=\"ltr\" role=\"presentation\">dissocia\u00e7\u00e3o entre os problemas reais da classe <\/span><span dir=\"ltr\" role=\"presentation\">trabalhadora e as suas dimens\u00f5es contextu<\/span><span dir=\"ltr\" role=\"presentation\">ais e consequenciais, hoje, temos que fazer as<\/span><span dir=\"ltr\" role=\"presentation\"> medica\u00e7\u00f5es necess\u00e1rias para termos a possibi<\/span><span dir=\"ltr\" role=\"presentation\">lidade de nos inserirmos no processo hist\u00f3rico<\/span> <span dir=\"ltr\" role=\"presentation\">sem sermos eliminados de pronto: lutar pelos <\/span><span dir=\"ltr\" role=\"presentation\">direitos e liberdades democr\u00e1ticas n\u00e3o por si <\/span><span dir=\"ltr\" role=\"presentation\">mesmos, esgotados em si mesmos, e sim como<\/span> <span dir=\"ltr\" role=\"presentation\">o horizonte para a constru\u00e7\u00e3o de um cen\u00e1rio t\u00e1<\/span><span dir=\"ltr\" role=\"presentation\">tico e estrat\u00e9gico de eleva\u00e7\u00e3o do processo de<\/span> <span dir=\"ltr\" role=\"presentation\">consci\u00eancia.<\/span><\/p>\n<p><span dir=\"ltr\" role=\"presentation\">A n\u00f3s, cabe uma tarefa hist\u00f3rica herc\u00falea e <\/span><span dir=\"ltr\" role=\"presentation\">necess\u00e1ria: trabalhar a reorganiza\u00e7\u00e3o da nos<\/span><span dir=\"ltr\" role=\"presentation\">sa classe, seu protagonismo no bloco hist\u00f3rico<\/span> <span dir=\"ltr\" role=\"presentation\">hegem\u00f4nico com um programa anticapitalista <\/span><span dir=\"ltr\" role=\"presentation\">e anti-imperialista: derrotar o fascismo e suas<\/span> <span dir=\"ltr\" role=\"presentation\">express\u00f5es diversas (inclusive no campo jur\u00eddi<\/span><span dir=\"ltr\" role=\"presentation\">co) e superar a subjetividade cooptada de parte <\/span><span dir=\"ltr\" role=\"presentation\">da nossa classe ocupando espa\u00e7os de trabalhos<\/span> <span dir=\"ltr\" role=\"presentation\">de base nos nossos locais de trabalho, estudo, <\/span><span dir=\"ltr\" role=\"presentation\">moradia.<\/span><\/p>\n<div><span dir=\"ltr\" role=\"presentation\">\u00a0<\/span><\/div>\n<div><span dir=\"ltr\" role=\"presentation\">O MOMENTO &#8211; Poderia falar como foi ser can<\/span><span dir=\"ltr\" role=\"presentation\">didata \u00e0 governadora de Goi\u00e1s numa conjun<\/span><span dir=\"ltr\" role=\"presentation\">tura pol\u00edtica t\u00e3o complexa.<\/span><\/div>\n<div><\/div>\n<div><\/div>\n<p><span dir=\"ltr\" role=\"presentation\">Helga &#8211;<\/span> <span dir=\"ltr\" role=\"presentation\">Para n\u00f3s, comunistas, a conjuntura exi<\/span><span dir=\"ltr\" role=\"presentation\">ge a inser\u00e7\u00e3o program\u00e1tica que permita cons<\/span><span dir=\"ltr\" role=\"presentation\">truirmos e dialogarmos um programa para nos<\/span><span dir=\"ltr\" role=\"presentation\">sa classe: s\u00e3o 100 anos forjados nas lutas e em <\/span><span dir=\"ltr\" role=\"presentation\">ac\u00famulos que nos permitem, sem anacronis<\/span><span dir=\"ltr\" role=\"presentation\">mos, avan\u00e7armos no processo de supera\u00e7\u00e3o de <\/span><span dir=\"ltr\" role=\"presentation\">uma sociabilidade explorat\u00f3ria e marcada por <\/span><span dir=\"ltr\" role=\"presentation\">opress\u00f5es.<\/span><\/p>\n<div><span dir=\"ltr\" role=\"presentation\">Goi\u00e1s \u00e9 um estado organizado a partir de um mo<\/span><span dir=\"ltr\" role=\"presentation\">delo econ\u00f4mico que privilegia as monoculturas <\/span><span dir=\"ltr\" role=\"presentation\">de exporta\u00e7\u00e3o, que quanto mais crescem, mais<\/span> <span dir=\"ltr\" role=\"presentation\">aumentam a depend\u00eancia por adubos, agrot\u00f3<\/span><span dir=\"ltr\" role=\"presentation\">xicos, maquin\u00e1rios e implementos oriundos de <\/span><span dir=\"ltr\" role=\"presentation\">outras partes do globo. Com a hist\u00f3ria marcada <\/span><span dir=\"ltr\" role=\"presentation\">pela a\u00e7\u00e3o violenta e expropriat\u00f3ria das oligar<\/span><span dir=\"ltr\" role=\"presentation\">quias rurais, pela moderniza\u00e7\u00e3o conservadora<\/span> <span dir=\"ltr\" role=\"presentation\">e pelos chamados complexos agroindustriais, <\/span><span dir=\"ltr\" role=\"presentation\">o estado de Goi\u00e1s vive uma r\u00e1pida adapta\u00e7\u00e3o<\/span> <span dir=\"ltr\" role=\"presentation\">de suas estruturas ao processo de crise do ca<\/span><span dir=\"ltr\" role=\"presentation\">pital que se alicer\u00e7a em novas formas de acu<\/span><span dir=\"ltr\" role=\"presentation\">mula\u00e7\u00e3o, superexplora\u00e7\u00e3o dos trabalhadores, <\/span><span dir=\"ltr\" role=\"presentation\">expropria\u00e7\u00e3o de recursos naturais, reprodu\u00e7\u00e3o <\/span><span dir=\"ltr\" role=\"presentation\">ampliada, uma a\u00e7\u00e3o desregulamentadora das<\/span><span dir=\"ltr\" role=\"presentation\"> rela\u00e7\u00f5es econ\u00f4micas e de reconfigura\u00e7\u00e3o do <\/span><span dir=\"ltr\" role=\"presentation\">uso e da fun\u00e7\u00e3o do territ\u00f3rio, inserindo-se de <\/span><span dir=\"ltr\" role=\"presentation\">forma subordinada na nova Divis\u00e3o Internacio<\/span><span dir=\"ltr\" role=\"presentation\">nal do Trabalho.<\/span><\/div>\n<div><span dir=\"ltr\" role=\"presentation\">\u00a0<\/span><\/div>\n<div><span dir=\"ltr\" role=\"presentation\">\u00c9 importante ressaltar que esta caracter\u00edstica <\/span><span dir=\"ltr\" role=\"presentation\">de ser um estado marcado pela exporta\u00e7\u00e3o de <\/span><span dir=\"ltr\" role=\"presentation\">monocultura de gr\u00e3os alicer\u00e7ada na concentra<\/span><span dir=\"ltr\" role=\"presentation\">\u00e7\u00e3o de terras e na superexplora\u00e7\u00e3o do trabalha<\/span><span dir=\"ltr\" role=\"presentation\">dor, fortaleceu-se com a implementa\u00e7\u00e3o de um<\/span> <span dir=\"ltr\" role=\"presentation\">modelo econ\u00f4mico que busca uma integra\u00e7\u00e3o <\/span><span dir=\"ltr\" role=\"presentation\">competitiva do estado no cen\u00e1rio nacional e <\/span><span dir=\"ltr\" role=\"presentation\">internacional, levando a expans\u00e3o da produtivi<\/span><span dir=\"ltr\" role=\"presentation\">dade rural em raz\u00e3o direta a utiliza\u00e7\u00e3o de no<\/span><span dir=\"ltr\" role=\"presentation\">vas tecnologias com menor poder de absor\u00e7\u00e3o<\/span> <span dir=\"ltr\" role=\"presentation\">de for\u00e7a de trabalho. O processo de moderni<\/span><span dir=\"ltr\" role=\"presentation\">za\u00e7\u00e3o da agricultura e da pecu\u00e1ria goiana \u00e9 es<\/span><span dir=\"ltr\" role=\"presentation\">truturalmente desequilibrado, sendo incapaz<\/span> <span dir=\"ltr\" role=\"presentation\">de promover um desenvolvimento regional no <\/span><span dir=\"ltr\" role=\"presentation\">sentido de garantir uma eleva\u00e7\u00e3o da qualidade<\/span> <span dir=\"ltr\" role=\"presentation\">de vida da popula\u00e7\u00e3o.<br \/>\n<\/span><\/div>\n<div><span dir=\"ltr\" role=\"presentation\">\u00a0<\/span><\/div>\n<div><span dir=\"ltr\" role=\"presentation\">O que se revela \u00e9 uma <\/span><span dir=\"ltr\" role=\"presentation\">l\u00f3gica perversa em que, quanto mais o estado <\/span><span dir=\"ltr\" role=\"presentation\">busca melhores n\u00edveis de competitividade, com<\/span> <span dir=\"ltr\" role=\"presentation\">expans\u00e3o especializada de sua atividade econ\u00f4<\/span><span dir=\"ltr\" role=\"presentation\">mica, menor ser\u00e1 o potencial de ocupa\u00e7\u00e3o hu<\/span><span dir=\"ltr\" role=\"presentation\">mana, maior o deslocamento populacional em <\/span><span dir=\"ltr\" role=\"presentation\">dire\u00e7\u00e3o aos centros urbanos com maior deman<\/span><span dir=\"ltr\" role=\"presentation\">da para pol\u00edticas de amparo social, geralmente, <\/span><span dir=\"ltr\" role=\"presentation\">sustentadas pelo assistencialismo. As pol\u00edticas <\/span><span dir=\"ltr\" role=\"presentation\">elaboradas e aprovadas pelo estado acarreta<\/span><span dir=\"ltr\" role=\"presentation\">ram dolorosos estrangulamentos sociais, su<\/span><span dir=\"ltr\" role=\"presentation\">bempregos, o incha\u00e7o urbano e a desigualdade<\/span> <span dir=\"ltr\" role=\"presentation\">regional. S\u00f3 nos primeiros meses de 2022, tive<\/span><span dir=\"ltr\" role=\"presentation\">mos o aumento de 80% de pessoas em situa\u00e7\u00e3o<\/span><span dir=\"ltr\" role=\"presentation\"> de extrema pobreza s\u00f3 na regi\u00e3o metropolita<\/span><span dir=\"ltr\" role=\"presentation\">na de Goi\u00e2nia. S\u00e3o 600 mil pessoas em vulne<\/span><span dir=\"ltr\" role=\"presentation\">rabilidade alimentar, passando fome, em Goi\u00e1s.<\/span> <span dir=\"ltr\" role=\"presentation\"><br \/>\n<\/span><\/div>\n<div><span dir=\"ltr\" role=\"presentation\">\u00a0<\/span><\/div>\n<div><span dir=\"ltr\" role=\"presentation\">Na regi\u00e3o centro-oeste do Brasil &#8211; regi\u00e3o na qual<\/span><span dir=\"ltr\" role=\"presentation\"> o estado de Goi\u00e1s est\u00e1 inserido, 4,7 milh\u00f5es<\/span><span dir=\"ltr\" role=\"presentation\"> de pessoas n\u00e3o t\u00eam o direito humano \u00e0 alimen<\/span><span dir=\"ltr\" role=\"presentation\">ta\u00e7\u00e3o adequada respeitado, ou seja, na regi\u00e3o<\/span><span dir=\"ltr\" role=\"presentation\"> do pa\u00eds que \u00e9 destaque na produ\u00e7\u00e3o agr\u00edcola,<\/span><span dir=\"ltr\" role=\"presentation\"> temos 10,5% da popula\u00e7\u00e3o relatando vergo<\/span><span dir=\"ltr\" role=\"presentation\">nha, tristeza ou constrangimento para obter com<\/span><span dir=\"ltr\" role=\"presentation\">ida. Nesse cen\u00e1rio de fome, mis\u00e9ria, desem<\/span><span dir=\"ltr\" role=\"presentation\">prego, o governo estadual (que continua pois<\/span><span dir=\"ltr\" role=\"presentation\"> venceu a elei\u00e7\u00e3o no primeiro turno) de Ronaldo<\/span><span dir=\"ltr\" role=\"presentation\"> Caiado, marcado pelo reacionarismo e aprofun<\/span><span dir=\"ltr\" role=\"presentation\">damento do mandonismo, apadrinhamentos e<\/span><span dir=\"ltr\" role=\"presentation\"> agenda de privatiza\u00e7\u00f5es (vide a CELG vendida<\/span><span dir=\"ltr\" role=\"presentation\"> \u00e0 multinacional italiana ENEL que aumentou as<\/span><span dir=\"ltr\" role=\"presentation\"> taxas de cobran\u00e7a a popula\u00e7\u00e3o e diminui muito<\/span><span dir=\"ltr\" role=\"presentation\"> a qualidade do servi\u00e7o), ainda militariza a vida<\/span><span dir=\"ltr\" role=\"presentation\"> e n\u00e3o divulga dados de letalidade policial (Goi<\/span><span dir=\"ltr\" role=\"presentation\">\u00e1s \u00e9 o \u00fanico estado que n\u00e3o divulga os dados<\/span><span dir=\"ltr\" role=\"presentation\"> de mortes praticadas pela pol\u00edcia, ao mesmo<\/span><span dir=\"ltr\" role=\"presentation\"> tempo que encaminha a militariza\u00e7\u00e3o das esco<\/span><span dir=\"ltr\" role=\"presentation\">las). \u00c9 importante falarmos tamb\u00e9m, pegando<\/span><span dir=\"ltr\" role=\"presentation\"> o gancho da primeira quest\u00e3o sobre o cen\u00e1rio <\/span><span dir=\"ltr\" role=\"presentation\">geral, que, aqui em Goi\u00e1s, durante todo per\u00edo<\/span><span dir=\"ltr\" role=\"presentation\">do eleitoral, reflexo da subjetividade cooptada <\/span><span dir=\"ltr\" role=\"presentation\">pelo fundamentalismo religioso e pela l\u00f3gica<\/span> <span dir=\"ltr\" role=\"presentation\">do neoliberalismo barbarizado, os tr\u00eas candi<\/span><span dir=\"ltr\" role=\"presentation\">datos de direita estiveram a frente nas pesqui<\/span><span dir=\"ltr\" role=\"presentation\">sas, explicitando as dificuldades de inser\u00e7\u00e3o do <\/span><span dir=\"ltr\" role=\"presentation\">campo ampliado da esquerda em Goi\u00e1s.<\/span><\/div>\n<div><span dir=\"ltr\" role=\"presentation\">\u00a0<\/span><\/div>\n<p><span dir=\"ltr\" role=\"presentation\">PT e Psol\/Rede colaram suas candidaturas em <\/span><span dir=\"ltr\" role=\"presentation\">Lula e, mesmo assim, n\u00e3o deslancharam e, al\u00e9m <\/span><span dir=\"ltr\" role=\"presentation\">do rebaixamento program\u00e1tico (que n\u00e3o en<\/span><span dir=\"ltr\" role=\"presentation\">frentou de frente o agroneg\u00f3cio, a militariza<\/span><span dir=\"ltr\" role=\"presentation\">\u00e7\u00e3o das escolas, as privatiza\u00e7\u00f5es,\u00a0 terceiriza\u00e7\u00f5es<\/span><span dir=\"ltr\" role=\"presentation\"> e contrarreformas em \u00e2mbito estadual), ainda <\/span><span dir=\"ltr\" role=\"presentation\">amargaram um refluxo em rela\u00e7\u00e3o a momentos <\/span><span dir=\"ltr\" role=\"presentation\">eleitorais anteriores. Nesse sentido, nossa can<\/span><span dir=\"ltr\" role=\"presentation\">didatura, com todos os obst\u00e1culos colocados <\/span><span dir=\"ltr\" role=\"presentation\">por um conjunto legislativo e da m\u00eddia burgue<\/span><span dir=\"ltr\" role=\"presentation\">sa (fomos obstados de participar dos debates, <\/span><span dir=\"ltr\" role=\"presentation\">por exemplo), avan\u00e7ou no sentido da robustez<\/span> <span dir=\"ltr\" role=\"presentation\">program\u00e1tica e da leitura acertada no enfren<\/span><span dir=\"ltr\" role=\"presentation\">tamento central ao agroneg\u00f3cio, a ind\u00fastria <\/span><span dir=\"ltr\" role=\"presentation\">pobreza do Brasil, como diria a camarada Sofia<\/span> <span dir=\"ltr\" role=\"presentation\">Manzano. Sa\u00edmos do processo eleitoral com o <\/span><span dir=\"ltr\" role=\"presentation\">grande desafio de mantermos a leitura pol\u00edtica<\/span> <span dir=\"ltr\" role=\"presentation\">acertada para avan\u00e7armos programaticamen<\/span><span dir=\"ltr\" role=\"presentation\">te na reorganiza\u00e7\u00e3o da nossa classe no estado, <\/span><span dir=\"ltr\" role=\"presentation\">dados os desafios j\u00e1 colocados.<\/span><\/p>\n<div><span dir=\"ltr\" role=\"presentation\">\u00a0<\/span><\/div>\n<div><span dir=\"ltr\" role=\"presentation\">O MOMENTO &#8211; Quais s\u00e3o as quest\u00f5es cen<\/span><span dir=\"ltr\" role=\"presentation\">trais para enfrentar a burguesia no estado de<\/span><span dir=\"ltr\" role=\"presentation\"> Goi\u00e1s?<\/span><\/div>\n<div><span dir=\"ltr\" role=\"presentation\">\u00a0<\/span><\/div>\n<div><span dir=\"ltr\" role=\"presentation\">Helga &#8211;<\/span> <span dir=\"ltr\" role=\"presentation\">O estado de Goi\u00e1s possui 246 muni<\/span><span dir=\"ltr\" role=\"presentation\">c\u00edpios, sendo que o \u00faltimo Censo indica uma <\/span><span dir=\"ltr\" role=\"presentation\">popula\u00e7\u00e3o de 7.206.589<\/span> <span dir=\"ltr\" role=\"presentation\">pessoas. A pir\u00e2mide<\/span> <span dir=\"ltr\" role=\"presentation\">et\u00e1ria da popula\u00e7\u00e3o goiana indica que a maior <\/span><span dir=\"ltr\" role=\"presentation\">parte da popula\u00e7\u00e3o encontra-se nas faixas et\u00e1<\/span><span dir=\"ltr\" role=\"presentation\">rias que v\u00e3o de 10 a 34 anos. Ou seja, trata-se <\/span><span dir=\"ltr\" role=\"presentation\">de uma popula\u00e7\u00e3o extremamente jovem, com <\/span><span dir=\"ltr\" role=\"presentation\">baix\u00edssima escolariza\u00e7\u00e3o e baix\u00edssimos sal\u00e1rios.<\/span><span dir=\"ltr\" role=\"presentation\"> O Censo aponta que a maior parte da popula<\/span><span dir=\"ltr\" role=\"presentation\">\u00e7\u00e3o vive nas cidades, observando-se profundas<\/span> <span dir=\"ltr\" role=\"presentation\">desigualdades educacionais entre os morado<\/span><span dir=\"ltr\" role=\"presentation\">res do campo e da cidade.<\/span><\/div>\n<div><span dir=\"ltr\" role=\"presentation\">\u00a0<\/span><\/div>\n<div><span dir=\"ltr\" role=\"presentation\">De acordo com o PNAD, Goi\u00e1s possui 5,5 mi<\/span><span dir=\"ltr\" role=\"presentation\">lh\u00f5es de pessoas em idade de trabalhar, ou <\/span><span dir=\"ltr\" role=\"presentation\">seja, com idade a partir de 14 anos. A popula\u00e7\u00e3o<\/span> <span dir=\"ltr\" role=\"presentation\">ocupada \u00e9 estimada em 3,2 milh\u00f5es de pessoas, <\/span><span dir=\"ltr\" role=\"presentation\">ou seja, 2,3 milh\u00f5es de pessoas em condi\u00e7\u00f5es<\/span> <span dir=\"ltr\" role=\"presentation\">de trabalho est\u00e3o fora do mercado de traba<\/span><span dir=\"ltr\" role=\"presentation\">lho. O PNAD aponta que em 2017 eram 339 <\/span><span dir=\"ltr\" role=\"presentation\">mil pessoas desempregadas, sendo sua maioria<\/span> <span dir=\"ltr\" role=\"presentation\">mulheres, negras ou pardas que n\u00e3o completa<\/span><span dir=\"ltr\" role=\"presentation\">ram o ensino m\u00e9dio (entre 18 e 24 anos). Esse<\/span> <span dir=\"ltr\" role=\"presentation\">cen\u00e1rio intensificou-se durante a pandemia de <\/span><span dir=\"ltr\" role=\"presentation\">COVID-19 ocorrida a partir de mar\u00e7o de 2020: <\/span><span dir=\"ltr\" role=\"presentation\">segundo o IBGE, dos mais de 12 milh\u00f5es de<\/span> <span dir=\"ltr\" role=\"presentation\">desempregados no Brasil, 13,9% de mulheres<\/span> <span dir=\"ltr\" role=\"presentation\">encontram-se na taxa de desocupa\u00e7\u00e3o, ficando<\/span> <span dir=\"ltr\" role=\"presentation\">acima da m\u00e9dia nacional (6,5 milh\u00f5es).<\/span><\/div>\n<div><span dir=\"ltr\" role=\"presentation\">O estado de Goi\u00e1s \u00e9 marcado por profundas de<\/span><span dir=\"ltr\" role=\"presentation\">sigualdades, inclusive entre os munic\u00edpios. De <\/span><span dir=\"ltr\" role=\"presentation\">acordo com os \u00faltimos dados do SEPIN, cinco<\/span> <span dir=\"ltr\" role=\"presentation\">munic\u00edpios concentram metade das riquezas <\/span><span dir=\"ltr\" role=\"presentation\">goianas: a) Goi\u00e2nia; b) An\u00e1polis; c) Aparecida de<\/span><span dir=\"ltr\" role=\"presentation\"> Goi\u00e2nia; d) Rio Verde; e, e) Catal\u00e3o. Essa desi<\/span><span dir=\"ltr\" role=\"presentation\">gualdade foi sendo aprofundada ao longo da <\/span><span dir=\"ltr\" role=\"presentation\">vig\u00eancia das pol\u00edticas neoliberais de Fernando<\/span> <span dir=\"ltr\" role=\"presentation\">Henrique Cardoso (1995-2002), de Lula-Dilma <\/span><span dir=\"ltr\" role=\"presentation\">(2003-2016), Temer (2016-2018) e Bolsonaro<\/span> <span dir=\"ltr\" role=\"presentation\">(2019-2022), em termos nacionais, e dos desas<\/span><span dir=\"ltr\" role=\"presentation\">trosos e degenerados marconismo (1999-2018)<\/span> <span dir=\"ltr\" role=\"presentation\">e caiadismo (reeleito), em termos estaduais.<\/span><\/div>\n<div><span dir=\"ltr\" role=\"presentation\">\u00a0<\/span><\/div>\n<div><span dir=\"ltr\" role=\"presentation\">Trouxe esse panorama inicial de dados refe<\/span><span dir=\"ltr\" role=\"presentation\">rentes \u00e0s desigualdades sociais e concentra\u00e7\u00e3o<\/span><span dir=\"ltr\" role=\"presentation\"> de riquezas, para desenvolvermos o racioc\u00ednio<\/span><span dir=\"ltr\" role=\"presentation\"> central sobre a quest\u00e3o de como enfrentar uma<\/span><span dir=\"ltr\" role=\"presentation\"> burguesia forjada pelo que se denomina agro<\/span><span dir=\"ltr\" role=\"presentation\">neg\u00f3cio, atacando naquilo que \u00e9 central para<\/span><span dir=\"ltr\" role=\"presentation\"> sua manuten\u00e7\u00e3o: seus privil\u00e9gios fiscais e tribu<\/span><span dir=\"ltr\" role=\"presentation\">t\u00e1rios, base de sua organiza\u00e7\u00e3o.<\/span><span dir=\"ltr\" role=\"presentation\"> O agroneg\u00f3cio possui benesses fiscais e tribu<\/span><span dir=\"ltr\" role=\"presentation\">t\u00e1rias, como, por exemplo, o n\u00e3o pagamento<\/span><span dir=\"ltr\" role=\"presentation\"> de ICMS ao exportar, com isso, os estados que<\/span><span dir=\"ltr\" role=\"presentation\"> s\u00e3o grandes exportadores do agroneg\u00f3cio aca<\/span><span dir=\"ltr\" role=\"presentation\">bam tendo uma arrecada\u00e7\u00e3o fiscal baixa &#8211; caso<\/span><span dir=\"ltr\" role=\"presentation\"> de Goi\u00e1s &#8211; e, para compensar isso, o governo<\/span><span dir=\"ltr\" role=\"presentation\"> federal transfere valores referentes \u00e0 isen\u00e7\u00e3o<\/span><span dir=\"ltr\" role=\"presentation\"> fiscal aos grandes conglomerados\/monop\u00f3lios<\/span><span dir=\"ltr\" role=\"presentation\"> do agroneg\u00f3cio, ou seja, \u00e9 recurso p\u00fablico que <\/span><span dir=\"ltr\" role=\"presentation\">adv\u00e9m da carga tribut\u00e1ria imposta ao traba<\/span><span dir=\"ltr\" role=\"presentation\">lhador que vai para o setor privado de expor<\/span><span dir=\"ltr\" role=\"presentation\">ta\u00e7\u00e3o de bens prim\u00e1rios &#8211; as chamadas commo<\/span><span dir=\"ltr\" role=\"presentation\">dities &#8211; para sustenta\u00e7\u00e3o do super\u00e1vit prim\u00e1rio.<\/span><\/div>\n<p><span dir=\"ltr\" role=\"presentation\">Recursos para sa\u00fade e educa\u00e7\u00e3o p\u00fablicas s\u00e3o<\/span> <span dir=\"ltr\" role=\"presentation\">cortados em nome do super\u00e1vit prim\u00e1rio, s\u00e3o <\/span><span dir=\"ltr\" role=\"presentation\">alvos de uma \u201cresponsabilidade\/recupera\u00e7\u00e3o<\/span> <span dir=\"ltr\" role=\"presentation\">fiscal\u201d que atende ao interesse de pagamento <\/span><span dir=\"ltr\" role=\"presentation\">de juros para banqueiros e de emendas parla<\/span><span dir=\"ltr\" role=\"presentation\">mentares, e, de maneira concomitante e dando <\/span><span dir=\"ltr\" role=\"presentation\">sustenta\u00e7\u00e3o ao este modelo macroecon\u00f4mico, <\/span><span dir=\"ltr\" role=\"presentation\">h\u00e1 tamb\u00e9m um acelerado processo de desmon<\/span><span dir=\"ltr\" role=\"presentation\">te de pol\u00edticas ambientais, desmonte este sus<\/span><span dir=\"ltr\" role=\"presentation\">tentado pela bancada do agroneg\u00f3cio no Con<\/span><span dir=\"ltr\" role=\"presentation\">gresso Nacional: hoje, temos apenas 27% a 30% <\/span><span dir=\"ltr\" role=\"presentation\">do bioma original do Cerrado, a destrui\u00e7\u00e3o de<\/span> <span dir=\"ltr\" role=\"presentation\">aqu\u00edferos e retrocessos profundos na pauta da <\/span><span dir=\"ltr\" role=\"presentation\">demarca\u00e7\u00e3o das terras ind\u00edgenas, com o aumen<\/span><span dir=\"ltr\" role=\"presentation\">to da viol\u00eancia direta contra os povos ind\u00edgenas,<\/span> <span dir=\"ltr\" role=\"presentation\">comunidades tradicionais e movimentos sociais <\/span><span dir=\"ltr\" role=\"presentation\">de luta pela terra.<\/span><\/p>\n<div><span dir=\"ltr\" role=\"presentation\">\u00a0<\/span><\/div>\n<div><span dir=\"ltr\" role=\"presentation\">N\u00e3o \u00e9 poss\u00edvel conciliar modelos antag\u00f4nicos, <\/span><span dir=\"ltr\" role=\"presentation\">n\u00e3o \u00e9 poss\u00edvel servir a dois senhores: em ter<\/span><span dir=\"ltr\" role=\"presentation\">ra de agroneg\u00f3cio marcado pela concentra\u00e7\u00e3o<\/span> <span dir=\"ltr\" role=\"presentation\">fundi\u00e1ria, monocultura e exporta\u00e7\u00e3o de bens <\/span><span dir=\"ltr\" role=\"presentation\">prim\u00e1rios para manuten\u00e7\u00e3o de super\u00e1vit prim<\/span><span dir=\"ltr\" role=\"presentation\">\u00e1rio e estruturas de poder econ\u00f4mico con<\/span><span dir=\"ltr\" role=\"presentation\">centradas regionalmente de forma a refor\u00e7ar<\/span><span dir=\"ltr\" role=\"presentation\"> as oligarquias e a din\u00e2mica autocr\u00e1tica do es<\/span><span dir=\"ltr\" role=\"presentation\">tado brasileiro dependente economicamente,<\/span><span dir=\"ltr\" role=\"presentation\"> afirmar que apoiar\u00e1 a agricultura familiar \u00e9 in<\/span><span dir=\"ltr\" role=\"presentation\">suficiente, pois parte-se de uma realidade mar<\/span><span dir=\"ltr\">cada por uma estrutura desigual, \u00e9 necess\u00e1rio<\/span><span dir=\"ltr\" role=\"presentation\"> um programa com propostas concretas para<\/span><span dir=\"ltr\" role=\"presentation\"> solu\u00e7\u00f5es estruturais acerca da pol\u00edtica macro<\/span><span dir=\"ltr\" role=\"presentation\">econ\u00f4mica, ambiental, de pesquisa, ci\u00eancia e<\/span><span dir=\"ltr\" role=\"presentation\"> tecnologia, \u00e9 necess\u00e1rio o enfrentamento ao<\/span><span dir=\"ltr\" role=\"presentation\"> agroneg\u00f3cio.<\/span><span dir=\"ltr\" role=\"presentation\"><br \/>\n<\/span><\/div>\n<div><span dir=\"ltr\" role=\"presentation\">\u00a0<\/span><\/div>\n<div><span dir=\"ltr\" role=\"presentation\">Enfrentar o agroneg\u00f3cio e suas express\u00f5es de<\/span><span dir=\"ltr\" role=\"presentation\"> concerta\u00e7\u00e3o pol\u00edtica no estado de Goi\u00e1s e no<\/span> <span dir=\"ltr\" role=\"presentation\">Brasil \u00e9 urgente:<\/span><\/div>\n<p><span dir=\"ltr\" role=\"presentation\">Uma reforma agr\u00e1ria popular que promova a<\/span> <span dir=\"ltr\" role=\"presentation\">altera\u00e7\u00e3o do modelo de desenvolvimento e es<\/span><span dir=\"ltr\" role=\"presentation\">tabele\u00e7a um novo padr\u00e3o econ\u00f4mico, propor<\/span><span dir=\"ltr\" role=\"presentation\">cionando distribui\u00e7\u00e3o de riqueza e melhoria <\/span><span dir=\"ltr\" role=\"presentation\">da qualidade de vida, tributar o agroneg\u00f3cio, <\/span><span dir=\"ltr\" role=\"presentation\">para a produ\u00e7\u00e3o de alimentos para o mercado<\/span> <span dir=\"ltr\" role=\"presentation\">interno com garantia de financiamento estatal <\/span><span dir=\"ltr\" role=\"presentation\">e pre\u00e7os m\u00ednimos, incentivo \u00e0 cooperativiza\u00e7\u00e3o,<\/span> <span dir=\"ltr\" role=\"presentation\">permitindo um reordenamento espacial do de<\/span><span dir=\"ltr\" role=\"presentation\">senvolvimento econ\u00f4mico e social, com a cria<\/span><span dir=\"ltr\" role=\"presentation\">\u00e7\u00e3o de polos de desenvolvimento , bem como<\/span> <span dir=\"ltr\" role=\"presentation\">a elabora\u00e7\u00e3o e execu\u00e7\u00e3o de planos diretores <\/span><span dir=\"ltr\" role=\"presentation\">populares para as cidades, visando a harmoni<\/span><span dir=\"ltr\" role=\"presentation\">za\u00e7\u00e3o e equaliza\u00e7\u00e3o do processo de crescimen<\/span><span dir=\"ltr\" role=\"presentation\">to econ\u00f4mico e a consequente distribui\u00e7\u00e3o da <\/span><span dir=\"ltr\" role=\"presentation\">riqueza socialmente gerada.<\/span><span dir=\"ltr\" role=\"presentation\"> Enfrentar os setores da burguesia goiana \u00e9 en<\/span><span dir=\"ltr\" role=\"presentation\">frentar o agroneg\u00f3cio.<\/span><\/p>\n<div><\/div>\n<div><span dir=\"ltr\" role=\"presentation\">O MOMENTO &#8211; Qual foi seu caminho \u00e9tico-po<\/span><span dir=\"ltr\" role=\"presentation\">l\u00edtico para se transformar em comunista?<\/span><\/div>\n<div><span dir=\"ltr\" role=\"presentation\">\u00a0<\/span><\/div>\n<p><span dir=\"ltr\" role=\"presentation\">Helga &#8211;<\/span> <span dir=\"ltr\" role=\"presentation\">Minhas refer\u00eancias s\u00e3o de educadoras e <\/span><span dir=\"ltr\" role=\"presentation\">educadores, venho de uma fam\u00edlia de trabalha<\/span><span dir=\"ltr\" role=\"presentation\">dores da educa\u00e7\u00e3o do interior do estado de S\u00e3o<\/span> <span dir=\"ltr\" role=\"presentation\">Paulo, trabalhadores que enfrentaram a ditadu<\/span><span dir=\"ltr\" role=\"presentation\">ra empresarial militar e que constru\u00edam, cotidia<\/span><span dir=\"ltr\" role=\"presentation\">namente, a luta pela educa\u00e7\u00e3o.<\/span> <span dir=\"ltr\" role=\"presentation\">Participei das lutas do movimento estudantil <\/span><span dir=\"ltr\" role=\"presentation\">desde o ensino m\u00e9dio em Ribeir\u00e3o Preto, atuan<\/span><span dir=\"ltr\" role=\"presentation\">do, durante o curso de direito, junto aos traba<\/span><span dir=\"ltr\" role=\"presentation\">lhadores rurais da regi\u00e3o, na luta pelos direitos <\/span><span dir=\"ltr\" role=\"presentation\">trabalhistas e acesso \u00e0 terra. Mas, o aprofunda<\/span><span dir=\"ltr\" role=\"presentation\">mento da leitura da pr\u00e1xis comunista vem com <\/span><span dir=\"ltr\" role=\"presentation\">as lutas no movimento sindical de professores<\/span> <span dir=\"ltr\" role=\"presentation\">a partir de 2012, j\u00e1 professora da UFG Jata\u00ed, <\/span><span dir=\"ltr\" role=\"presentation\">na constru\u00e7\u00e3o da greve e da se\u00e7\u00e3o sindical do<\/span> <span dir=\"ltr\" role=\"presentation\">ANDES-Sindicato Nacional em Jata\u00ed, a ADCAJ.<\/span><\/p>\n<div><span dir=\"ltr\" role=\"presentation\">No sindicato, a compreens\u00e3o de autonomia e <\/span><span dir=\"ltr\" role=\"presentation\">independ\u00eancia de organiza\u00e7\u00e3o dos trabalhado<\/span><span dir=\"ltr\" role=\"presentation\">res com o enfrentamento ao projeto do capital<\/span> <span dir=\"ltr\" role=\"presentation\">para a educa\u00e7\u00e3o e seus desdobramentos no co<\/span><span dir=\"ltr\" role=\"presentation\">tidiano. <\/span><span dir=\"ltr\" role=\"presentation\">No ANDES-SN, conhe\u00e7o a Unidade Classista e<\/span> <span dir=\"ltr\" role=\"presentation\">me aproximo do Partido Comunista Brasileiro, <\/span><span dir=\"ltr\" role=\"presentation\">camaradas professores que me apresentam as <\/span><span dir=\"ltr\" role=\"presentation\">teses congressuais e a compreens\u00e3o t\u00e1tica-es<\/span><span dir=\"ltr\" role=\"presentation\">trat\u00e9gica de um partido forjado nas lutas da <\/span><span dir=\"ltr\" role=\"presentation\">nossa classe. <\/span><span dir=\"ltr\" role=\"presentation\">Leitora atenta das bases te\u00f3ricas do materia<\/span><span dir=\"ltr\" role=\"presentation\">lismo hist\u00f3rico-dial\u00e9tico, estudiosa da forma <\/span><span dir=\"ltr\" role=\"presentation\">jur\u00eddica do capitalismo e seus desdobramentos<\/span> <span dir=\"ltr\" role=\"presentation\">no capitalismo dependente perif\u00e9rico e curiosa <\/span><span dir=\"ltr\" role=\"presentation\">na busca pelas express\u00f5es das manifesta\u00e7\u00f5es <\/span><span dir=\"ltr\" role=\"presentation\">art\u00edsticas das e dos nossas\/os, meu caminho \u00e9<\/span> <span dir=\"ltr\" role=\"presentation\">o caminho de todas\/os que vieram antes com <\/span><span dir=\"ltr\" role=\"presentation\">suas dores, cicatrizes e hist\u00f3rias.<br \/>\n<\/span><\/div>\n<div><\/div>\n<div><\/div>\n<div><span dir=\"ltr\" role=\"presentation\">O MOMENTO &#8211; Como voc\u00ea examina a cena po<\/span><span dir=\"ltr\" role=\"presentation\">l\u00edtica brasileira nesse momento?<\/span><\/div>\n<div><span dir=\"ltr\" role=\"presentation\">\u00a0<\/span><\/div>\n<div><span dir=\"ltr\" role=\"presentation\">Helga &#8211;<\/span> <span dir=\"ltr\" role=\"presentation\">O Golpe de Estado de 2016 encerrou um <\/span><span dir=\"ltr\" role=\"presentation\">longo per\u00edodo de concess\u00f5es conciliat\u00f3rias de <\/span><span dir=\"ltr\" role=\"presentation\">classe e abriu um dr\u00e1stico per\u00edodo de restaura<\/span><span dir=\"ltr\" role=\"presentation\">\u00e7\u00e3o conservadora, per\u00edodo este que reverberou <\/span><span dir=\"ltr\" role=\"presentation\">no processo de fascistiza\u00e7\u00e3o do Estado marca<\/span><span dir=\"ltr\" role=\"presentation\">do pela elei\u00e7\u00e3o de Jair Bolsonaro, na institucio<\/span><span dir=\"ltr\" role=\"presentation\">naliza\u00e7\u00e3o indireta e da governan\u00e7a pela via de <\/span><span dir=\"ltr\" role=\"presentation\">regras excepcionais, alterando a din\u00e2mica da<\/span> <span dir=\"ltr\" role=\"presentation\">luta de classes e abrindo um cen\u00e1rio de incerte<\/span><span dir=\"ltr\" role=\"presentation\">zas jur\u00eddico-pol\u00edticas que caminhou em dire\u00e7\u00e3o<\/span> <span dir=\"ltr\" role=\"presentation\">\u00e0 reitera\u00e7\u00e3o autorit\u00e1ria. <\/span><span dir=\"ltr\" role=\"presentation\">Os desdobramentos do golpe na atualidade <\/span><span dir=\"ltr\" role=\"presentation\">apontam a tend\u00eancia de se aprofundar um con<\/span><span dir=\"ltr\" role=\"presentation\">ceito de hegemonia do pensamento de nossa <\/span><span dir=\"ltr\" role=\"presentation\">\u00e9poca marcada pelo caldo de cultura reacion\u00e1<\/span><span dir=\"ltr\" role=\"presentation\">rio, pelo apagamento da autonomia\/indepen<\/span><span dir=\"ltr\" role=\"presentation\">d\u00eancia da nossa classe, pelo fundamentalismo <\/span><span dir=\"ltr\" role=\"presentation\">religioso, e pela ressubordina\u00e7\u00e3o ampliada dos<\/span> <span dir=\"ltr\" role=\"presentation\">trabalhadores \u00e0 l\u00f3gica do capital, por meio da <\/span><span dir=\"ltr\" role=\"presentation\">intensifica\u00e7\u00e3o da superexplora\u00e7\u00e3o do trabalho,<\/span> <span dir=\"ltr\" role=\"presentation\">do aprofundamento da depend\u00eancia ao capital <\/span><span dir=\"ltr\" role=\"presentation\">externo e da supress\u00e3o de direitos sociais e tra<\/span><span dir=\"ltr\" role=\"presentation\">balhistas, al\u00e9m da redu\u00e7\u00e3o do espa\u00e7o pol\u00edtico da<\/span> <span dir=\"ltr\" role=\"presentation\">esquerda via aparatos legislativos-midi\u00e1ticos e <\/span><span dir=\"ltr\" role=\"presentation\">da criminaliza\u00e7\u00e3o\/repress\u00e3o direta ainda maior<\/span> <span dir=\"ltr\" role=\"presentation\">das lutas sociais e suas\/seus lutadoras\/es.<\/span><\/div>\n<div><span dir=\"ltr\" role=\"presentation\">No Brasil de hoje, Brasil este que traz a marca <\/span><span dir=\"ltr\" role=\"presentation\">de mais de 680.000 mortos pela pandemia de <\/span><span dir=\"ltr\" role=\"presentation\">COVID-19, e vive uma grande taxa de desempre<\/span><span dir=\"ltr\" role=\"presentation\">go, de endividamento, mis\u00e9ria e fome, al\u00e9m da <\/span><span dir=\"ltr\" role=\"presentation\">crescente viol\u00eancia contra povos ind\u00edgenas, qui<\/span><span dir=\"ltr\" role=\"presentation\">lombolas, juventude pobre e preta, lutadores <\/span><span dir=\"ltr\" role=\"presentation\">dos direitos humanos e dos movimentos sociais, <\/span><span dir=\"ltr\" role=\"presentation\">com o recrudescimento do discursos de intole<\/span><span dir=\"ltr\" role=\"presentation\">r\u00e2ncia e apelo \u00e0 interven\u00e7\u00e3o militar por setores <\/span><span dir=\"ltr\" role=\"presentation\">reacion\u00e1rios e neofascistas, o enfrentamento<\/span> <span dir=\"ltr\" role=\"presentation\">tem se mostrado de duas maneiras: na impor<\/span><span dir=\"ltr\" role=\"presentation\">t\u00e2ncia central de derrotar o bolsonarismo (n\u00e3o <\/span><span dir=\"ltr\" role=\"presentation\">apenas Bolsonaro) e o cen\u00e1rio de fascistiza\u00e7\u00e3o,<\/span> <span dir=\"ltr\" role=\"presentation\">que perpassa a derrubada definitiva da agenda <\/span><span dir=\"ltr\" role=\"presentation\">neoliberal extremada e a prioriza\u00e7\u00e3o das pautas<\/span> <span dir=\"ltr\" role=\"presentation\">concretas da classe trabalhadora como: a revo<\/span><span dir=\"ltr\" role=\"presentation\">ga\u00e7\u00e3o do famigerado Teto de Gastos (EC95) e<\/span> <span dir=\"ltr\" role=\"presentation\">das contrarreformas trabalhista, previdenci\u00e1ria <\/span><span dir=\"ltr\" role=\"presentation\">e do ensino m\u00e9dio: a defesa de uma reforma po<\/span><span dir=\"ltr\" role=\"presentation\">l\u00edtica que permita a participa\u00e7\u00e3o da popula\u00e7\u00e3o<\/span> <span dir=\"ltr\" role=\"presentation\">nas decis\u00f5es pol\u00edticas e defesa de um plebisci<\/span><span dir=\"ltr\" role=\"presentation\">to revogat\u00f3rio das contrarreformas liberais; o<\/span> <span dir=\"ltr\" role=\"presentation\">combate \u00e0s privatiza\u00e7\u00f5es; uma reforma agr\u00e1ria<\/span> <span dir=\"ltr\" role=\"presentation\">popular radical e valoriza\u00e7\u00e3o da agricultura fa<\/span><span dir=\"ltr\" role=\"presentation\">miliar, todas pautas urgentes e concretas que<\/span> <span dir=\"ltr\" role=\"presentation\">dialogam diretamente com as demandas reais <\/span><span dir=\"ltr\" role=\"presentation\">da nossa classe.<\/span><\/div>\n<div><span dir=\"ltr\" role=\"presentation\">\u00a0<\/span><\/div>\n<div><span dir=\"ltr\" role=\"presentation\">O MOMENTO &#8211; Voc\u00ea poderia nos indicar um <\/span><span dir=\"ltr\" role=\"presentation\">conjunto de medidas para derrotar o bolso<\/span><span dir=\"ltr\" role=\"presentation\">narismo nas ruas no p\u00f3s segundo turno?<\/span><\/div>\n<div><\/div>\n<div><\/div>\n<p><span dir=\"ltr\" role=\"presentation\">Helga &#8211;<\/span> <span dir=\"ltr\" role=\"presentation\">O momento pede uma mobiliza\u00e7\u00e3o de <\/span><span dir=\"ltr\" role=\"presentation\">todos aqueles e aquelas que defendem n\u00e3o <\/span><span dir=\"ltr\" role=\"presentation\">apenas as liberdades democr\u00e1ticas atacadas<\/span> <span dir=\"ltr\" role=\"presentation\">de forma cada vez mais intensa por vislumbres <\/span><span dir=\"ltr\" role=\"presentation\">farsescos golpistas fomentados pelo caldo cul<\/span><span dir=\"ltr\" role=\"presentation\">tural reacion\u00e1rio fascista bolsonarista, mas so<\/span><span dir=\"ltr\" role=\"presentation\">bretudo a busca de um novo rumo para o pa\u00eds, <\/span><span dir=\"ltr\" role=\"presentation\">na perspectiva dos interesses populares.<\/span> <span dir=\"ltr\" role=\"presentation\">Derrotar as amea\u00e7as de golpe, o fascismo e <\/span><span dir=\"ltr\" role=\"presentation\">tamb\u00e9m romper com a agenda neoliberal ex<\/span><span dir=\"ltr\" role=\"presentation\">tremada, denunciando a crise social, e a barb\u00e1<\/span><span dir=\"ltr\" role=\"presentation\">rie naturalizada. <\/span><span dir=\"ltr\" role=\"presentation\">Ap\u00f3s d\u00e9cadas de apassivamento da classe tra<\/span><span dir=\"ltr\" role=\"presentation\">balhadora, apassivamento este alicer\u00e7ado na<\/span><span dir=\"ltr\" role=\"presentation\"> estrat\u00e9gia de concilia\u00e7\u00e3o de classes, grande \u00e9 <\/span><span dir=\"ltr\" role=\"presentation\">a dificuldade no processo de mobiliza\u00e7\u00e3o que<\/span> <span dir=\"ltr\" role=\"presentation\">supere a l\u00f3gica personalista e casu\u00edstica:<\/span> <span dir=\"ltr\" role=\"presentation\">fato <\/span><span dir=\"ltr\" role=\"presentation\">\u00e9 que espa\u00e7os vazios s\u00e3o espa\u00e7os ocupados e, <\/span><span dir=\"ltr\" role=\"presentation\">durante as \u00faltimas quarenta d\u00e9cadas, estes es<\/span><span dir=\"ltr\" role=\"presentation\">pa\u00e7os foram ocupados pelo fundamentalismo <\/span><span dir=\"ltr\" role=\"presentation\">religioso e pela l\u00f3gica individual empreendedo<\/span><span dir=\"ltr\" role=\"presentation\">ra neoliberal que forja as rela\u00e7\u00f5es sociais.<\/span><\/p>\n<div><span dir=\"ltr\" role=\"presentation\">As e os comunistas sempre estiveram nas lutas,<\/span><span dir=\"ltr\" role=\"presentation\"> construindo nas ruas, nos locais de trabalho, es<\/span><span dir=\"ltr\" role=\"presentation\">tudo e moradia, o trabalho de base, o trabalho<\/span><span dir=\"ltr\" role=\"presentation\"> cotidiano. Este trabalho permite que sejam rea<\/span><span dir=\"ltr\" role=\"presentation\">lizadas as media\u00e7\u00f5es necess\u00e1rias para lidar com<\/span><span dir=\"ltr\" role=\"presentation\"> a crise profunda que vivemos e, principalmente,<\/span><span dir=\"ltr\" role=\"presentation\"> o di\u00e1logo com os trabalhadores e as trabalha<\/span><span dir=\"ltr\" role=\"presentation\">doras, os setores populares atuando como um<\/span><span dir=\"ltr\" role=\"presentation\"> s\u00f3 corpo pol\u00edtico na den\u00fancia do sistema capita<\/span><span dir=\"ltr\" role=\"presentation\">lista, respons\u00e1vel pela crise e pela mis\u00e9ria que<\/span><span dir=\"ltr\" role=\"presentation\"> estamos vivendo.<\/span><span dir=\"ltr\" role=\"presentation\"> As modifica\u00e7\u00f5es da base material produtiva e<\/span><span dir=\"ltr\" role=\"presentation\"> da subjetividade da classe trabalhadora trazem<\/span><span dir=\"ltr\" role=\"presentation\"> um trabalhador precarizado, marcado pela in<\/span><span dir=\"ltr\" role=\"presentation\">formalidade, pela uberiza\u00e7\u00e3o do trabalho, e<\/span><span dir=\"ltr\" role=\"presentation\"> isso exige de n\u00f3s pensar e encaminhar qual a<\/span><span dir=\"ltr\" role=\"presentation\"> melhor forma de nos organizarmos nos nos<\/span><span dir=\"ltr\" role=\"presentation\">sos locais de trabalho a partir das s\u00ednteses das<\/span><span dir=\"ltr\" role=\"presentation\"> melhores tradi\u00e7\u00f5es hist\u00f3ricas, com uma efetiva<\/span><span dir=\"ltr\" role=\"presentation\"> unidade capaz de traduzir em lutas massivas a <\/span><span dir=\"ltr\" role=\"presentation\">eleva\u00e7\u00e3o de nosso processo de consci\u00eancia (su<\/span><span dir=\"ltr\" role=\"presentation\">perando o obscurantismo da barb\u00e1rie natura<\/span><span dir=\"ltr\" role=\"presentation\">lizada e tamb\u00e9m a passividade conciliat\u00f3ria de<\/span> <span dir=\"ltr\" role=\"presentation\">classes da estrat\u00e9gia democr\u00e1tica popular).<\/span><span dir=\"ltr\" role=\"presentation\"> As transforma\u00e7\u00f5es fundamentais e necess\u00e1rias<\/span><span dir=\"ltr\" role=\"presentation\"> da sociedade brasileira, encontram-se nas m\u00e3os <\/span><span dir=\"ltr\" role=\"presentation\">das classes trabalhadoras em uma luta antica<\/span><span dir=\"ltr\" role=\"presentation\">pitalista, anti-imperialista, na constru\u00e7\u00e3o do po<\/span><span dir=\"ltr\" role=\"presentation\">der popular.<\/span><\/div>\n<div><span dir=\"ltr\" role=\"presentation\">\u00a0<\/span><\/div>\n<div><span dir=\"ltr\" role=\"presentation\">O MOMENTO &#8211; A luta do centen\u00e1rio PCB con<\/span><span dir=\"ltr\" role=\"presentation\">tinua. No seu entendimento qual \u00e9 o papel <\/span><span dir=\"ltr\" role=\"presentation\">dos comunistas na atual luta de classes no<\/span> <span dir=\"ltr\" role=\"presentation\">Brasil?<\/span><\/div>\n<div><span dir=\"ltr\" role=\"presentation\">\u00a0<\/span><\/div>\n<div><span dir=\"ltr\" role=\"presentation\">Helga &#8211;<\/span> <span dir=\"ltr\" role=\"presentation\">O comunismo \u00e9 a proposta mais gene<\/span><span dir=\"ltr\" role=\"presentation\">rosa que a humanidade j\u00e1 produziu, como diz <\/span><span dir=\"ltr\" role=\"presentation\">nossa camarada Sofia Manzano, e o PCB faz par<\/span><span dir=\"ltr\" role=\"presentation\">te do bloco hist\u00f3rico que tem como horizonte <\/span><span dir=\"ltr\" role=\"presentation\">a constru\u00e7\u00e3o de uma outra sociabilidade, que<\/span> <span dir=\"ltr\" role=\"presentation\">supere a explora\u00e7\u00e3o do ser humano pelo ser hu<\/span><span dir=\"ltr\" role=\"presentation\">mano. Para n\u00f3s, comunistas, s\u00f3 h\u00e1 um caminho <\/span><span dir=\"ltr\" role=\"presentation\">que possa superar todas as injusti\u00e7as e contra<\/span><span dir=\"ltr\" role=\"presentation\">di\u00e7\u00f5es que a sociedade capitalista produz e que <\/span><span dir=\"ltr\" role=\"presentation\">alimenta a desigualdade, a mis\u00e9ria, a explora<\/span><span dir=\"ltr\" role=\"presentation\">\u00e7\u00e3o, o racismo, o machismo, a lgbtfobia e todo <\/span><span dir=\"ltr\" role=\"presentation\">tipo de preconceito e \u00f3dio de classe: esse cami<\/span><span dir=\"ltr\" role=\"presentation\">nho \u00e9 a luta revolucion\u00e1ria pelo fim da socieda<\/span><span dir=\"ltr\" role=\"presentation\">de capitalista e a constru\u00e7\u00e3o de uma sociedade <\/span><span dir=\"ltr\" role=\"presentation\">sem explorados e exploradores, sem oprimidos<\/span> <span dir=\"ltr\" role=\"presentation\">e opressores, sem desigualdades e sem explo<\/span><span dir=\"ltr\" role=\"presentation\">ra\u00e7\u00e3o da for\u00e7a de trabalho.<\/span><\/div>\n<div><span dir=\"ltr\" role=\"presentation\">\u00a0<\/span><\/div>\n<div><span dir=\"ltr\" role=\"presentation\">N\u00e3o \u00e9 poss\u00edvel contar a Hist\u00f3ria de nosso pa\u00eds <\/span><span dir=\"ltr\" role=\"presentation\">sem mencionar o PCB e sua trajet\u00f3ria desde <\/span><span dir=\"ltr\" role=\"presentation\">1922 : da constru\u00e7\u00e3o do Bloco Oper\u00e1rio e Cam<\/span><span dir=\"ltr\" role=\"presentation\">pon\u00eas \u00e0 luta contra o avan\u00e7o do fascismo, das <\/span><span dir=\"ltr\" role=\"presentation\">lutas de Trombas e Formoso a organiza\u00e7\u00e3o dos<\/span> <span dir=\"ltr\" role=\"presentation\">Centros Populares de Cultura (salve Vianinha!), <\/span><span dir=\"ltr\" role=\"presentation\">da reconstru\u00e7\u00e3o do movimento sindical classis<\/span><span dir=\"ltr\" role=\"presentation\">ta<\/span> <span dir=\"ltr\" role=\"presentation\">\u00e0 resist\u00eancia contra a ditadura empresarial<\/span> <span dir=\"ltr\" role=\"presentation\">militar, do processo de redemocratiza\u00e7\u00e3o a luta <\/span><span dir=\"ltr\" role=\"presentation\">contra a fascistiza\u00e7\u00e3o e retirada de direitos so<\/span><span dir=\"ltr\" role=\"presentation\">ciais e liberdades democr\u00e1ticas aprofundada <\/span><span dir=\"ltr\" role=\"presentation\">pelo golpe de 2016.<\/span> <span dir=\"ltr\" role=\"presentation\">Um salve aos nossos camaradas Dirce Machado,<\/span><span dir=\"ltr\" role=\"presentation\"> Maria Elo\u00e1 de Sousa Lima, Ismael Silva de Jesus, <\/span><span dir=\"ltr\" role=\"presentation\">camaradas de Goi\u00e1s presentes diversas lutas e <\/span><span dir=\"ltr\" role=\"presentation\">conquistas sociais no estado.<\/span> <span dir=\"ltr\" role=\"presentation\">O PCB \u00e9 parte da hist\u00f3ria de nosso povo, de<\/span> <span dir=\"ltr\" role=\"presentation\">suas lutas e das conquistas sociais e segue vivo,<\/span> <span dir=\"ltr\" role=\"presentation\">firme e convicto no enfrentamento \u00e0s a\u00e7\u00f5es da <\/span><span dir=\"ltr\" role=\"presentation\">burguesia contra a classe trabalhadora, ao su<\/span><span dir=\"ltr\" role=\"presentation\">cateamento e desmonte dos servi\u00e7os p\u00fablicos,<\/span><span dir=\"ltr\" role=\"presentation\"> aos reiterados ataques imperialistas e neolibe<\/span><span dir=\"ltr\" role=\"presentation\">rais.<br \/>\n<\/span><\/div>\n<div><span dir=\"ltr\" role=\"presentation\">\u00a0<\/span><\/div>\n<div><span dir=\"ltr\" role=\"presentation\">O cen\u00e1rio atual exige coragem e convic\u00e7\u00e3o<\/span> <span dir=\"ltr\" role=\"presentation\">na defesa de um projeto que n\u00e3o tergiverse na<\/span><span dir=\"ltr\" role=\"presentation\"> defesa de nossa classe: de um lado precisamos<\/span><span dir=\"ltr\" role=\"presentation\"> derrotar o fascismo e a agenda neoliberal ex<\/span><span dir=\"ltr\" role=\"presentation\">tremada, de outro, superar o projeto de conci<\/span><span dir=\"ltr\" role=\"presentation\">lia\u00e7\u00e3o de classes que rebaixa as pautas da classe<\/span><span dir=\"ltr\" role=\"presentation\"> trabalhadora, al\u00e9m de apassiv\u00e1-la e coopt\u00e1-la. <\/span><span dir=\"ltr\" role=\"presentation\">Por isso, nosso papel, a partir da mem\u00f3ria des<\/span><span dir=\"ltr\" role=\"presentation\">ses 100 anos de lutas, como comunistas, \u00e9 avan<\/span><span dir=\"ltr\" role=\"presentation\">\u00e7armos na (re)organiza\u00e7\u00e3o da nossa classe e na <\/span><span dir=\"ltr\">constru\u00e7\u00e3o do poder popular.<\/span><\/div>\n<\/div>\n","protected":false},"excerpt":{"rendered":"<a class=\"moretag\" href=\"https:\/\/pcb.org.br\/portal2\/29391\"> <\/a>","protected":false},"author":1,"featured_media":0,"comment_status":"closed","ping_status":"closed","sticky":false,"template":"","format":"standard","meta":{"jetpack_post_was_ever_published":false,"_jetpack_newsletter_access":"","_jetpack_dont_email_post_to_subs":false,"_jetpack_newsletter_tier_id":0,"_jetpack_memberships_contains_paywalled_content":false,"_jetpack_memberships_contains_paid_content":false,"footnotes":"","jetpack_publicize_message":"","jetpack_publicize_feature_enabled":true,"jetpack_social_post_already_shared":true,"jetpack_social_options":{"image_generator_settings":{"template":"highway","default_image_id":0,"font":"","enabled":false},"version":2}},"categories":[66,10],"tags":[221],"class_list":["post-29391","post","type-post","status-publish","format-standard","hentry","category-c79-nacional","category-s19-opiniao","tag-2a"],"jetpack_publicize_connections":[],"jetpack_featured_media_url":"","jetpack_shortlink":"https:\/\/wp.me\/p659gw-7E3","jetpack-related-posts":[],"jetpack_likes_enabled":true,"jetpack_sharing_enabled":true,"_links":{"self":[{"href":"https:\/\/pcb.org.br\/portal2\/wp-json\/wp\/v2\/posts\/29391","targetHints":{"allow":["GET"]}}],"collection":[{"href":"https:\/\/pcb.org.br\/portal2\/wp-json\/wp\/v2\/posts"}],"about":[{"href":"https:\/\/pcb.org.br\/portal2\/wp-json\/wp\/v2\/types\/post"}],"author":[{"embeddable":true,"href":"https:\/\/pcb.org.br\/portal2\/wp-json\/wp\/v2\/users\/1"}],"replies":[{"embeddable":true,"href":"https:\/\/pcb.org.br\/portal2\/wp-json\/wp\/v2\/comments?post=29391"}],"version-history":[{"count":0,"href":"https:\/\/pcb.org.br\/portal2\/wp-json\/wp\/v2\/posts\/29391\/revisions"}],"wp:attachment":[{"href":"https:\/\/pcb.org.br\/portal2\/wp-json\/wp\/v2\/media?parent=29391"}],"wp:term":[{"taxonomy":"category","embeddable":true,"href":"https:\/\/pcb.org.br\/portal2\/wp-json\/wp\/v2\/categories?post=29391"},{"taxonomy":"post_tag","embeddable":true,"href":"https:\/\/pcb.org.br\/portal2\/wp-json\/wp\/v2\/tags?post=29391"}],"curies":[{"name":"wp","href":"https:\/\/api.w.org\/{rel}","templated":true}]}}