{"id":2940,"date":"2012-06-01T03:12:56","date_gmt":"2012-06-01T03:12:56","guid":{"rendered":"http:\/\/pcb.org.br\/portal2\/?p=2940"},"modified":"2012-06-01T03:12:56","modified_gmt":"2012-06-01T03:12:56","slug":"ajude-o-mst-vamos-pressionar-pela-desapropriacao-da-usina-cambahyba","status":"publish","type":"post","link":"https:\/\/pcb.org.br\/portal2\/2940","title":{"rendered":"Ajude o MST: vamos pressionar pela desapropria\u00e7\u00e3o da usina Cambahyba"},"content":{"rendered":"\n<p><em><strong>MST luta pela desapropria\u00e7\u00e3o da fazenda; no passado, corpos de militantes que lutavam contra a ditadura foram incinerados na usina do local<\/strong><\/em><\/p>\n<p>No livro \u201cMem\u00f3rias de uma guerra suja\u201d (Topbooks), o ex-delegado do DOPS Cl\u00e1udio Guerra denuncia v\u00e1rios crimes da ditadura. O que mais causa indigna\u00e7\u00e3o \u00e9 saber que os corpos de dez militantes que lutaram contra o regime militar foram incinerados no forno da Usina Cambahyba, de propriedade de Heli Ribeiro Gomes.<\/p>\n<p>Jo\u00e3o Batista Rita, Joaquim Pires Cerveira, Ana Rosa Kucinsk Silva e Wilson Silva, David Capistrano, Jo\u00e3o Massena Melo, Fernando Augusto Santa Cruz Oliveira, Eduardo Coleia Filho, Jos\u00e9 Roman e Luiz Ign\u00e1cio Maranh\u00e3o Filho tiveram seus corpos incinerados, para que n\u00e3o ficassem vest\u00edgios das torturas impostas pela ditadura militar.<\/p>\n<p>Segundo o ex-delegado do DOPS, a Usina, em troca, recebia facilidades como cr\u00e9ditos e financiamentos. A Usina Cambahyba, c\u00famplice da viol\u00eancia do Estado, era beneficiada e protegida. Consta no livro:<\/p>\n<p>\u201cO local foi aprovado. O forno da usina era enorme. Ideal para transformar em cinzas qualquer vest\u00edgio humano. A usina passou, em contrapartida, a receber benef\u00edcios dos militares pelos bons servi\u00e7os prestados. Era um per\u00edodo de dificuldade econ\u00f4mica e os usineiros da regi\u00e3o estavam pendurados em d\u00edvidas. Mas o pessoal da Cambahyba, n\u00e3o. Eles tinham acesso f\u00e1cil a financiamentos e outros benef\u00edcios que o Estado poderia prestar.\u201d (Cl\u00e1udio Guerra, ex-delegado do DOPS)<\/p>\n<p>Prossegue, hoje, a prote\u00e7\u00e3o \u00e0s terras da Usina Cambayba. E a viol\u00eancia continua. O Poder Judici\u00e1rio Federal vem impedindo a desapropria\u00e7\u00e3o do complexo de 7 fazendas que totalizam 3.500 hectares.<\/p>\n<p>Em 1998, as fazendas da Usina foram consideradas improdutivas e pass\u00edveis de desapropria\u00e7\u00e3o para fins de Reforma Agr\u00e1ria pelo INCRA, e objeto de um decreto presidencial.<\/p>\n<p>Mas, ao longo desses 14 anos, o Poder Judici\u00e1rio vem impedindo a desapropria\u00e7\u00e3o e promovendo despejos violentos das fam\u00edlias que reivindicam a terra. No ano 2000, frente \u00e0 morosidade do INCRA e do Poder Judici\u00e1rio, 470 fam\u00edlias organizadas no MST ocuparam o complexo de fazendas da Usina.<\/p>\n<p>No mesmo ano, a Procuradoria da Fazenda Nacional de Campos dos Goytacazes iniciou um processo de arrecada\u00e7\u00e3o das terras da Usina, cujas d\u00edvidas com a Uni\u00e3o, ultrapassam R$ 100 milh\u00f5es. Por\u00e9m, esta tentativa foi frustrada pelo Governo Federal em 2003\/2004, atrav\u00e9s do Plano de Refinanciamento das D\u00edvidas dos empres\u00e1rios com a Uni\u00e3o (Refis).<\/p>\n<p>A prote\u00e7\u00e3o do Estado ao latif\u00fandio permanece. Em 2006, as Pol\u00edcias Federal e Militar, por decis\u00e3o da Justi\u00e7a Federal de Campos, despejaram com viol\u00eancia fam\u00edlias que viviam nas terras da Cambahyba. Houve agress\u00f5es e pris\u00f5es, casas e planta\u00e7\u00f5es foram destru\u00eddas.<\/p>\n<p>A hist\u00f3ria da Usina Cambahyba ilustra o poder do latif\u00fandio em nossa sociedade. \u00c9 inaceit\u00e1vel que essa viol\u00eancia continue. Por isso, exigimos a imediata desapropria\u00e7\u00e3o das terras da Cambahyba para assentamento das fam\u00edlias.<\/p>\n<p>Frente a essa situa\u00e7\u00e3o de permanente injusti\u00e7a, solicitamos que enviem cartas:<\/p>\n<p><strong>Ao Juiz da 2\u00aa Vara Federal de Campos:<\/strong><\/p>\n<p>02vf-ca@jfrj.jus.br<\/p>\n<p>Pra\u00e7a S\u00e3o Salvador, 62 \u2013 4\u00ba andar<\/p>\n<p>28010-000 \u2013 Campos dos Goytacazes \u2013 RJ<\/p>\n<p><strong>Ao Ministro-Chefe da Secretaria Geral da Presid\u00eancia da Rep\u00fablica, Gilberto Carvalho:<\/strong><\/p>\n<p>gilbertocarvalho@presidencia.gov.br<\/p>\n<p>Pra\u00e7a dos Tr\u00eas Poderes, Pal\u00e1cio do Planalto, 4\u00baandar<\/p>\n<p>70.150-900 \u2013 Bras\u00edlia-DF<\/p>\n<p><strong>Ao Ministro do Desenvolvimento Agr\u00e1rio, Pepe Vargas:<\/strong><\/p>\n<p>agendaministro@mda.gov.br<\/p>\n<p>Esplanada dos Minist\u00e9rios, Bloco A\/Ala Norte<\/p>\n<p>70050-902 \u2013 Bras\u00edlia-DF<\/p>\n<p>Pedimos que nos enviem uma c\u00f3pia para o endere\u00e7o: secretariamst.rj@gmail.com<\/p>\n<p><strong>Movimento dos Trabalhadores Rurais Sem-Terra<\/strong><\/p>\n<p><a href=\"http:\/\/mstrio.casadomato.org\/ajude-o-mst-vamos-pressionar-pela-desapropriacao-da-usina-cambahyba\/\">http:\/\/mstrio.casadomato.org\/ajude-o-mst-vamos-pressionar-pela-desapropriacao-da-usina-cambahyba\/<\/a><\/p>\n","protected":false},"excerpt":{"rendered":"\n\n\nCr\u00e9dito: MST\n\n\n\n\n\n\n\n\nMST\n<a class=\"moretag\" href=\"https:\/\/pcb.org.br\/portal2\/2940\"> <\/a>","protected":false},"author":1,"featured_media":0,"comment_status":"open","ping_status":"open","sticky":false,"template":"","format":"standard","meta":{"jetpack_post_was_ever_published":false,"_jetpack_newsletter_access":"","_jetpack_dont_email_post_to_subs":false,"_jetpack_newsletter_tier_id":0,"_jetpack_memberships_contains_paywalled_content":false,"_jetpack_memberships_contains_paid_content":false,"footnotes":"","jetpack_publicize_message":"","jetpack_publicize_feature_enabled":true,"jetpack_social_post_already_shared":false,"jetpack_social_options":{"image_generator_settings":{"template":"highway","default_image_id":0,"font":"","enabled":false},"version":2}},"categories":[20],"tags":[],"class_list":["post-2940","post","type-post","status-publish","format-standard","hentry","category-c1-popular"],"jetpack_publicize_connections":[],"jetpack_featured_media_url":"","jetpack_shortlink":"https:\/\/wp.me\/p659gw-Lq","jetpack-related-posts":[],"jetpack_likes_enabled":true,"jetpack_sharing_enabled":true,"_links":{"self":[{"href":"https:\/\/pcb.org.br\/portal2\/wp-json\/wp\/v2\/posts\/2940","targetHints":{"allow":["GET"]}}],"collection":[{"href":"https:\/\/pcb.org.br\/portal2\/wp-json\/wp\/v2\/posts"}],"about":[{"href":"https:\/\/pcb.org.br\/portal2\/wp-json\/wp\/v2\/types\/post"}],"author":[{"embeddable":true,"href":"https:\/\/pcb.org.br\/portal2\/wp-json\/wp\/v2\/users\/1"}],"replies":[{"embeddable":true,"href":"https:\/\/pcb.org.br\/portal2\/wp-json\/wp\/v2\/comments?post=2940"}],"version-history":[{"count":0,"href":"https:\/\/pcb.org.br\/portal2\/wp-json\/wp\/v2\/posts\/2940\/revisions"}],"wp:attachment":[{"href":"https:\/\/pcb.org.br\/portal2\/wp-json\/wp\/v2\/media?parent=2940"}],"wp:term":[{"taxonomy":"category","embeddable":true,"href":"https:\/\/pcb.org.br\/portal2\/wp-json\/wp\/v2\/categories?post=2940"},{"taxonomy":"post_tag","embeddable":true,"href":"https:\/\/pcb.org.br\/portal2\/wp-json\/wp\/v2\/tags?post=2940"}],"curies":[{"name":"wp","href":"https:\/\/api.w.org\/{rel}","templated":true}]}}