{"id":29409,"date":"2022-10-31T19:31:22","date_gmt":"2022-10-31T22:31:22","guid":{"rendered":"https:\/\/pcb.org.br\/portal2\/?p=29409"},"modified":"2022-12-08T23:08:24","modified_gmt":"2022-12-09T02:08:24","slug":"fortalecendo-a-unidade-na-construcao-do-socialismo","status":"publish","type":"post","link":"https:\/\/pcb.org.br\/portal2\/29409","title":{"rendered":"Fortalecendo a unidade na constru\u00e7\u00e3o do socialismo"},"content":{"rendered":"<p><img data-recalc-dims=\"1\" loading=\"lazy\" decoding=\"async\" data-attachment-id=\"29410\" data-permalink=\"https:\/\/pcb.org.br\/portal2\/29409\/unnamed2\" data-orig-file=\"https:\/\/i0.wp.com\/pcb.org.br\/portal2\/wp-content\/uploads\/2022\/10\/unnamed2.jpg?fit=700%2C500&amp;ssl=1\" data-orig-size=\"700,500\" data-comments-opened=\"0\" data-image-meta=\"{&quot;aperture&quot;:&quot;0&quot;,&quot;credit&quot;:&quot;&quot;,&quot;camera&quot;:&quot;&quot;,&quot;caption&quot;:&quot;&quot;,&quot;created_timestamp&quot;:&quot;0&quot;,&quot;copyright&quot;:&quot;&quot;,&quot;focal_length&quot;:&quot;0&quot;,&quot;iso&quot;:&quot;0&quot;,&quot;shutter_speed&quot;:&quot;0&quot;,&quot;title&quot;:&quot;&quot;,&quot;orientation&quot;:&quot;0&quot;}\" data-image-title=\"unnamed(2)\" data-image-description=\"\" data-image-caption=\"\" data-large-file=\"https:\/\/i0.wp.com\/pcb.org.br\/portal2\/wp-content\/uploads\/2022\/10\/unnamed2.jpg?fit=700%2C500&amp;ssl=1\" class=\"alignnone size-medium wp-image-29410\" src=\"https:\/\/i0.wp.com\/pcb.org.br\/portal2\/wp-content\/uploads\/2022\/10\/unnamed2.jpg?resize=300%2C214&#038;ssl=1\" alt=\"\" width=\"300\" height=\"214\" srcset=\"https:\/\/i0.wp.com\/pcb.org.br\/portal2\/wp-content\/uploads\/2022\/10\/unnamed2.jpg?resize=300%2C214&amp;ssl=1 300w, https:\/\/i0.wp.com\/pcb.org.br\/portal2\/wp-content\/uploads\/2022\/10\/unnamed2.jpg?resize=120%2C85&amp;ssl=1 120w, https:\/\/i0.wp.com\/pcb.org.br\/portal2\/wp-content\/uploads\/2022\/10\/unnamed2.jpg?w=700&amp;ssl=1 700w\" sizes=\"auto, (max-width: 300px) 100vw, 300px\" \/><\/p>\n<p><!--more--><\/p>\n<p>Foto: Tirada do site do Partido Comunista Cubano<\/p>\n<p>A 22\u00aa Reuni\u00e3o Internacional dos Partidos Comunistas e Oper\u00e1rios concluiu com uma Declara\u00e7\u00e3o Final<\/p>\n<p>Autor: <a title=\"M\u00e1s art\u00edculos de Granma\" href=\"http:\/\/pt.granma.cu\/archivo?a=1\" target=\"_blank\" rel=\"author noopener\" data-saferedirecturl=\"https:\/\/www.google.com\/url?q=http:\/\/pt.granma.cu\/archivo?a%3D1&amp;source=gmail&amp;ust=1667327724525000&amp;usg=AOvVaw2K1E0291pex0dAwE5tkUNG\">Granma<\/a> | <a title=\"Escribir a Granma\" href=\"mailto:internet@granma.cu\" target=\"_blank\" rel=\"noopener\">internet@granma.cu<\/a><\/p>\n<p>Ao final de dois dias de amplos debates, a fim de alcan\u00e7ar maior unidade na luta por uma nova ordem internacional na qual n\u00e3o h\u00e1 lugar para o imperialismo e a explora\u00e7\u00e3o que este imp\u00f4s, o 22<sup>\u00ba<\/sup> Encontro Internacional dos Partidos Comunistas e Oper\u00e1rios (EIPCO) concluiu em Havana com uma Declara\u00e7\u00e3o Final que deixou patente o seguinte:<\/p>\n<p>01. Os 145 representantes de 78 partidos comunistas e oper\u00e1rios de 60 pa\u00edses, presentes nesta reuni\u00e3o, advertem sobre a situa\u00e7\u00e3o perigosa em que a humanidade se encontra.<\/p>\n<p>02. A atual predomin\u00e2ncia do imperialismo imp\u00f5e uma ordem internacional injusta e insustent\u00e1vel, intensifica a explora\u00e7\u00e3o e piora as condi\u00e7\u00f5es da classe trabalhadora e dos povos, gera crescentes conflitos, antagonismos e guerras, e dificulta a solu\u00e7\u00e3o de problemas globais, como a pandemia da Covid-19, que os pa\u00edses socialistas, historicamente, e Cuba hoje, em particular, com seu sistema de sa\u00fade p\u00fablica e desenvolvimento cient\u00edfico, t\u00eam enfrentado com efic\u00e1cia, o que demonstra a superioridade do socialismo.N\u00f3s comunistas defendemos uma nova ordem mundial, baseada na aboli\u00e7\u00e3o da explora\u00e7\u00e3o do homem pelo homem, rela\u00e7\u00f5es mutuamente ben\u00e9ficas entre Estados e povos, paz, desenvolvimento sustent\u00e1vel para a satisfa\u00e7\u00e3o das necessidades sociais, justi\u00e7a social e solidariedade.<\/p>\n<p>03. Como consequ\u00eancia da crescente agressividade do imperialismo e da recomposi\u00e7\u00e3o geopol\u00edtica em curso, enfrentamos uma nova espiral da corrida armamentista, o fortalecimento e expans\u00e3o da OTAN, o surgimento de novas alian\u00e7as militares, o agravamento de tens\u00f5es e conflitos militares, como o da Ucr\u00e2nia, o ressurgimento do fascismo em v\u00e1rias partes do mundo e a \u00abguerra fria\u00bb e a amea\u00e7a de uma conflagra\u00e7\u00e3o nuclear, que devemos rejeitar.<\/p>\n<p>04. Denunciamos que a natureza predat\u00f3ria do capitalismo leva ao aumento da desigualdade, polariza\u00e7\u00e3o da riqueza, exclus\u00e3o e fluxos migrat\u00f3rios; ao aprofundamento da crise alimentar, e ao agravamento da crise ecol\u00f3gica, enquanto nos aproximamos rapidamente de um ponto de \u00abn\u00e3o retorno\u00bb.<\/p>\n<p>05. O sistema pol\u00edtico burgu\u00eas, que defende os interesses dos monop\u00f3lios e das corpora\u00e7\u00f5es, administra a crise sist\u00eamica do capitalismo em seu pr\u00f3prio benef\u00edcio, tenta controlar, atrav\u00e9s de press\u00e3o e viol\u00eancia, o crescente descontentamento social dos trabalhadores e dos povos.<\/p>\n<p>06. O decl\u00ednio gradual do poder dos EUA e seus aliados refor\u00e7ou o uso indiscriminado de pol\u00edticas de bloqueios e medidas coercitivas ilegais, de \u00abdois pesos e duas medidas\u00bb, de amea\u00e7as e interven\u00e7\u00f5es militares e de interfer\u00eancia nos assuntos internos dos Estados. O imperialismo implanta um vasto arsenal de a\u00e7\u00f5es subversivas no \u00e2mbito da guerra n\u00e3o convencional, entre as quais se destacam as de natureza midi\u00e1tica, como ferramentas para desestabilizar e mudar governos que n\u00e3o se curvam a seus interesses.<\/p>\n<p>07. A batalha da classe trabalhadora mundial contra o sistema capitalista de explora\u00e7\u00e3o exige, em primeiro lugar, a unidade do Movimento Comunista e Oper\u00e1rio, juntamente com os movimentos sociais e populares, camponeses e ind\u00edgenas, para fortalecer a luta de classes contra os planos burgueses e imperialistas e para a constru\u00e7\u00e3o de um mundo de paz, justi\u00e7a e equidade social.<\/p>\n<p>Diante das tentativas do imperialismo de conter a luta dos trabalhadores e dos povos e de minar a unidade e a solidariedade das for\u00e7as antiimperialistas e revolucion\u00e1rias, os participantes do Encontro, concordam:<\/p>\n<ul>\n<li>Fortalecer a luta contra o imperialismo, contribuir para transformar a atual ordem internacional injusta e antidemocr\u00e1tica na qual prevalecem os interesses capitalistas, por uma ordem internacional baseada na paz, no desenvolvimento sustent\u00e1vel, na justi\u00e7a social e na solidariedade, a fim de preparar o caminho para a constru\u00e7\u00e3o da sociedade socialista.<\/li>\n<li>Exigir respeito pelos princ\u00edpios de autodetermina\u00e7\u00e3o dos povos, independ\u00eancia, igualdade soberana e n\u00e3o interfer\u00eancia nos assuntos internos dos Estados, bem como pelo direito leg\u00edtimo dos povos \u00e0 paz e \u00e0 escolha de seu pr\u00f3prio caminho de desenvolvimento.<\/li>\n<li>Rejeitar as guerras imperialistas, a amea\u00e7a e o uso da for\u00e7a nas rela\u00e7\u00f5es internacionais, e promover a luta pela paz. Intensificar a a\u00e7\u00e3o internacionalista e a solidariedade na defesa dos interesses comuns dos povos contra as classes burguesas.<\/li>\n<li>Mobilizar as massas para denunciar e rejeitar a corrida armamentista e os enormes cortes nas despesas sociais que ela provoca, a exist\u00eancia e moderniza\u00e7\u00e3o de armas nucleares, bases militares estrangeiras; contra a OTAN e seu projeto de expans\u00e3o e se tornar uma organiza\u00e7\u00e3o militar global.<\/li>\n<li>Lutar contra o ressurgimento de for\u00e7as anticomunistas, reacion\u00e1rias, ultra-nacionalistas e fascistas, que intensificam a viol\u00eancia, a xenofobia, o racismo e a intoler\u00e2ncia pol\u00edtica, ideol\u00f3gica, social, \u00e9tnica, religiosa e de g\u00eanero, e promover conflitos etno-nacionais.<\/li>\n<li>Fortalecer a solidariedade com os povos que resistem \u00e0 interfer\u00eancia e agress\u00e3o imperialista, e rejeitar as pol\u00edticas de bloqueios, san\u00e7\u00f5es, medidas coercitivas unilaterais e padr\u00f5es duplos, como instrumentos de press\u00e3o e chantagem contra governos e povos.<\/li>\n<li>Defender e divulgar o marxismo-leninismo, enfrentar a ofensiva ideol\u00f3gica, cultural e simb\u00f3lica do imperialismo, que tenta legitimar as injusti\u00e7as do sistema capitalista, desqualificar o socialismo e o comunismo, e corroer ou destruir a identidade cultural de nossas na\u00e7\u00f5es.<\/li>\n<li>Redobrar a luta pelas causas justas e emancipat\u00f3rias dos povos e aumentar a solidariedade com os trabalhadores, camponeses, ind\u00edgenas, jovens e organiza\u00e7\u00f5es de mulheres, em defesa de seus direitos e contra o capitalismo. Ficar ao lado dos refugiados e v\u00edtimas das guerras.<\/li>\n<li>Denunciar e lutar contra o modelo de desenvolvimento baseado no lucro capitalista que destr\u00f3i o meio ambiente e p\u00f5e em perigo a sobreviv\u00eancia dos ecossistemas e da esp\u00e9cie humana.<\/li>\n<li>Cumprir o Plano de A\u00e7\u00e3o aprovado no Encontro, para fortalecer a unidade do Movimento Comunista Internacional e Oper\u00e1rio, junto com os movimentos sociais e populares contra a domina\u00e7\u00e3o imperialista, com o objetivo de intensificar a luta em defesa dos interesses dos trabalhadores e dos povos, por transforma\u00e7\u00f5es revolucion\u00e1rias para a derrubada do capitalismo e a constru\u00e7\u00e3o do socialismo.<\/li>\n<\/ul>\n<p>Com o esfor\u00e7o articulado da vanguarda da classe trabalhadora, juntamente com as organiza\u00e7\u00f5es, for\u00e7as e movimentos sociais e populares, democr\u00e1ticos e pela emancipa\u00e7\u00e3o dos direitos da mulher, poderemos derrotar o capitalismo como sistema mundial dominante, destrutivo e sem futuro, e alcan\u00e7ar uma verdadeira transforma\u00e7\u00e3o revolucion\u00e1ria.<\/p>\n<p>Agradecemos ao Partido Comunista de Cuba, seu governo revolucion\u00e1rio e seu povo por sua contribui\u00e7\u00e3o para a organiza\u00e7\u00e3o da reuni\u00e3o.<\/p>\n<p>Reafirmamos nossa solidariedade e apoio \u00e0 justa causa do povo cubano e sua luta pelo levantamento do injusto, criminoso e intensificado bloqueio econ\u00f4mico, comercial e financeiro ao qual t\u00eam sido submetidos, e exigimos que o governo dos Estados Unidos retire Cuba da esp\u00faria lista de pa\u00edses patrocinadores do terrorismo.<\/p>\n<p>Prestamos homenagem ao legado do l\u00edder hist\u00f3rico da Revolu\u00e7\u00e3o Cubana, Fidel Castro Ruz, que junto com os ensinamentos do general-de-ex\u00e9rcito Ra\u00fal Castro Ruz e da gera\u00e7\u00e3o que o seguiu, liderada pelo primeiro-secret\u00e1rio do Comit\u00ea Central do Partido Comunista e presidente da Rep\u00fablica, Miguel D\u00edaz-Canel Berm\u00fadez, constituem uma inspira\u00e7\u00e3o permanente para a luta dos povos por sua verdadeira e definitiva emancipa\u00e7\u00e3o, no caminho da constru\u00e7\u00e3o de uma sociedade socialista, independente e solid\u00e1ria.<\/p>\n<p>&nbsp;<\/p>\n","protected":false},"excerpt":{"rendered":"<a class=\"moretag\" href=\"https:\/\/pcb.org.br\/portal2\/29409\"> <\/a>","protected":false},"author":1,"featured_media":0,"comment_status":"closed","ping_status":"closed","sticky":false,"template":"","format":"standard","meta":{"jetpack_post_was_ever_published":false,"_jetpack_newsletter_access":"","_jetpack_dont_email_post_to_subs":false,"_jetpack_newsletter_tier_id":0,"_jetpack_memberships_contains_paywalled_content":false,"_jetpack_memberships_contains_paid_content":false,"footnotes":"","jetpack_publicize_message":"","jetpack_publicize_feature_enabled":true,"jetpack_social_post_already_shared":true,"jetpack_social_options":{"image_generator_settings":{"template":"highway","default_image_id":0,"font":"","enabled":false},"version":2}},"categories":[242],"tags":[234],"class_list":["post-29409","post","type-post","status-publish","format-standard","hentry","category-eipco","tag-6b"],"jetpack_publicize_connections":[],"jetpack_featured_media_url":"","jetpack_shortlink":"https:\/\/wp.me\/p659gw-7El","jetpack-related-posts":[],"jetpack_likes_enabled":true,"jetpack_sharing_enabled":true,"_links":{"self":[{"href":"https:\/\/pcb.org.br\/portal2\/wp-json\/wp\/v2\/posts\/29409","targetHints":{"allow":["GET"]}}],"collection":[{"href":"https:\/\/pcb.org.br\/portal2\/wp-json\/wp\/v2\/posts"}],"about":[{"href":"https:\/\/pcb.org.br\/portal2\/wp-json\/wp\/v2\/types\/post"}],"author":[{"embeddable":true,"href":"https:\/\/pcb.org.br\/portal2\/wp-json\/wp\/v2\/users\/1"}],"replies":[{"embeddable":true,"href":"https:\/\/pcb.org.br\/portal2\/wp-json\/wp\/v2\/comments?post=29409"}],"version-history":[{"count":0,"href":"https:\/\/pcb.org.br\/portal2\/wp-json\/wp\/v2\/posts\/29409\/revisions"}],"wp:attachment":[{"href":"https:\/\/pcb.org.br\/portal2\/wp-json\/wp\/v2\/media?parent=29409"}],"wp:term":[{"taxonomy":"category","embeddable":true,"href":"https:\/\/pcb.org.br\/portal2\/wp-json\/wp\/v2\/categories?post=29409"},{"taxonomy":"post_tag","embeddable":true,"href":"https:\/\/pcb.org.br\/portal2\/wp-json\/wp\/v2\/tags?post=29409"}],"curies":[{"name":"wp","href":"https:\/\/api.w.org\/{rel}","templated":true}]}}