{"id":2941,"date":"2012-06-01T03:18:21","date_gmt":"2012-06-01T03:18:21","guid":{"rendered":"http:\/\/pcb.org.br\/portal2\/?p=2941"},"modified":"2012-06-01T03:18:21","modified_gmt":"2012-06-01T03:18:21","slug":"carta-aberta-dos-estudantes-do-campus-sao-paulo-da-unifesp","status":"publish","type":"post","link":"https:\/\/pcb.org.br\/portal2\/2941","title":{"rendered":"Carta aberta dos estudantes do campus S\u00e3o Paulo da Unifesp"},"content":{"rendered":"\n<p>Os estudantes do campus S\u00e3o Paulo da Unifesp (Biomedicina, Fonoaudiologia, Medicina, Enfermagem e Tecnologias em Sa\u00fade), v\u00eam, por meio desta carta, comunicar que deliberamos em \u00a0assembleia geral dos estudantes do campus S\u00e3o Paulo greve dos discentes \u00e0 partir de hoje, 29 de maio de 2012. Somos guiados pelo descontentamento com as atuais condi\u00e7\u00f5es de infraestrutura, ensino, assist\u00eancia estudantil, representatividade nos Conselhos de nossa institui\u00e7\u00e3o e autonomia, \u00e0s quais estamos submetidos. Foram muitas as tentativas de sanar os problemas por meio de of\u00edcios, reuni\u00f5es, abaixo-assinados, dentre outras medidas, sem nenhum sucesso. Acreditamos que avan\u00e7aremos em nossas reivindica\u00e7\u00f5es mediante greve, visto que \u00e9 um instrumento eficaz de luta, historicamente consolidado pelos trabalhadores. Seguem abaixo as reivindica\u00e7\u00f5es:<\/p>\n<ul>\n<li>Reforma imediata de anfiteatros e depend\u00eancias;<\/li>\n<li>Reforma imediata dos laborat\u00f3rios;<\/li>\n<li>Reforma imediata do restaurante universit\u00e1rio e aumento da capacidade de atendimento;<\/li>\n<li>Constru\u00e7\u00e3o de moradia estudantil em local acess\u00edvel e capacitada de atender \u00e0 demanda;<\/li>\n<li>Aumento da quantidade e da remunera\u00e7\u00e3o das bolsas de aux\u00edlio perman\u00eancia;<\/li>\n<li>Amplia\u00e7\u00e3o do hor\u00e1rio de funcionamento da Biblioteca (de segunda a sexta das 7h00 \u00e0s 22h00 e de s\u00e1bado e domingo das 8h00 \u00e0s 13h00);<\/li>\n<li>Conquista de paridade dos votos entre as tr\u00eas categorias\u2013 estudantes, docentes e t\u00e9cnicos administrativos- nas diversas inst\u00e2ncias representativas da universidade;<\/li>\n<li>Retomada da autonomia discente nos espa\u00e7os universit\u00e1rios com ger\u00eancia estudantil;<\/li>\n<li> Reconhecimento da legitimidade da greve dos estudantes e consequente garantia de n\u00e3o preju\u00edzo ou puni\u00e7\u00e3o dos estudantes que aderirem \u00e0 greve sejam por mecanismos acad\u00eamicos (faltas, notas, etc) ou administrativos;<\/li>\n<li>Reforma curricular realizada de modo democr\u00e1tico;<\/li>\n<li>Garantia de seguran\u00e7a nos arredores das depend\u00eancias da Unifesp na Vila Clementino<\/li>\n<\/ul>\n<p>Ao final da nossa assembleia, foi formado um comando de greve composto por estudantes dos cinco cursos do campus, atrav\u00e9s do qual ser\u00e1 estabelecida a comunica\u00e7\u00e3o com a dire\u00e7\u00e3o da universidade para o cumprimento de nossa agenda de reivindica\u00e7\u00f5es. Esperamos contar com o apoio da comunidade Unifesp, visto que \u00e9 de interesse geral a melhoria na qualidade das condi\u00e7\u00f5es de ensino e perman\u00eancia universit\u00e1rias.<\/p>\n","protected":false},"excerpt":{"rendered":"\n\n\nCr\u00e9dito: i0.ig.com\n\n\n\n\n\n\n\n\n<a class=\"moretag\" href=\"https:\/\/pcb.org.br\/portal2\/2941\"> <\/a>","protected":false},"author":1,"featured_media":0,"comment_status":"open","ping_status":"open","sticky":false,"template":"","format":"standard","meta":{"jetpack_post_was_ever_published":false,"_jetpack_newsletter_access":"","_jetpack_dont_email_post_to_subs":false,"_jetpack_newsletter_tier_id":0,"_jetpack_memberships_contains_paywalled_content":false,"_jetpack_memberships_contains_paid_content":false,"footnotes":"","jetpack_publicize_message":"","jetpack_publicize_feature_enabled":true,"jetpack_social_post_already_shared":false,"jetpack_social_options":{"image_generator_settings":{"template":"highway","default_image_id":0,"font":"","enabled":false},"version":2}},"categories":[20],"tags":[],"class_list":["post-2941","post","type-post","status-publish","format-standard","hentry","category-c1-popular"],"jetpack_publicize_connections":[],"jetpack_featured_media_url":"","jetpack_shortlink":"https:\/\/wp.me\/p659gw-Lr","jetpack-related-posts":[],"jetpack_likes_enabled":true,"jetpack_sharing_enabled":true,"_links":{"self":[{"href":"https:\/\/pcb.org.br\/portal2\/wp-json\/wp\/v2\/posts\/2941","targetHints":{"allow":["GET"]}}],"collection":[{"href":"https:\/\/pcb.org.br\/portal2\/wp-json\/wp\/v2\/posts"}],"about":[{"href":"https:\/\/pcb.org.br\/portal2\/wp-json\/wp\/v2\/types\/post"}],"author":[{"embeddable":true,"href":"https:\/\/pcb.org.br\/portal2\/wp-json\/wp\/v2\/users\/1"}],"replies":[{"embeddable":true,"href":"https:\/\/pcb.org.br\/portal2\/wp-json\/wp\/v2\/comments?post=2941"}],"version-history":[{"count":0,"href":"https:\/\/pcb.org.br\/portal2\/wp-json\/wp\/v2\/posts\/2941\/revisions"}],"wp:attachment":[{"href":"https:\/\/pcb.org.br\/portal2\/wp-json\/wp\/v2\/media?parent=2941"}],"wp:term":[{"taxonomy":"category","embeddable":true,"href":"https:\/\/pcb.org.br\/portal2\/wp-json\/wp\/v2\/categories?post=2941"},{"taxonomy":"post_tag","embeddable":true,"href":"https:\/\/pcb.org.br\/portal2\/wp-json\/wp\/v2\/tags?post=2941"}],"curies":[{"name":"wp","href":"https:\/\/api.w.org\/{rel}","templated":true}]}}