{"id":2952,"date":"2012-06-01T22:14:30","date_gmt":"2012-06-01T22:14:30","guid":{"rendered":"http:\/\/pcb.org.br\/portal2\/?p=2952"},"modified":"2012-06-01T22:14:30","modified_gmt":"2012-06-01T22:14:30","slug":"cinco-anos-do-golpe-contra-o-movimento-das-fabricas-ocupadas","status":"publish","type":"post","link":"https:\/\/pcb.org.br\/portal2\/2952","title":{"rendered":"Cinco anos do golpe contra o Movimento das F\u00e1bricas Ocupadas!"},"content":{"rendered":"\n<p><em>H\u00e1 exatos cinco anos o governo federal sujava suas m\u00e3os ao invadir as f\u00e1bricas Cipla e Interfibra, em Joinville\/SC, acabando com o controle oper\u00e1rio e impondo o terror da burguesia contra a classe trabalhadora. 150 policiais federais invadem a f\u00e1brica para garantir o \u201creestabelecimento da ordem\u201d, o \u201crespeito ao Estado Democr\u00e1tico de Direito\u201d, antes que a experi\u00eancia do Movimento das F\u00e1bricas Ocupadas avan\u00e7asse ainda mais, pois, como diz a senten\u00e7a do Juiz que decretou a fal\u00eancia, \u201cimagina se a moda pega?\u201d.<\/em><\/p>\n<p>Recomendo \u00e0 todos para que leiam os diversos textos que est\u00e3o em nossa se\u00e7\u00e3o \u201cf\u00e1bricas\u201d. Veremos muitos artigos que mostram o significado da luta do Movimento das F\u00e1bricas Ocupadas. Somente assim teremos uma breve no\u00e7\u00e3o da import\u00e2ncia da perspectiva de luta da estatiza\u00e7\u00e3o sob controle oper\u00e1rio para constru\u00e7\u00e3o do socialismo. \u00c9 a partir dessa compreens\u00e3o que podemos entender a necessidade de um golpe t\u00e3o violento da burguesia h\u00e1 exatos cinco anos.<\/p>\n<p><strong>H\u00e1 cinco anos escrevemos aqui:<\/strong><\/p>\n<p><strong>\u201cPol\u00edcia Federal invade a Cipla<\/strong><\/p>\n<p>Na manh\u00e3 de 31 de Maio de 2007, os trabalhadores da Cipla foram surpreendidos por 150 homens da Pol\u00edcia Federal, fortemente armados, que invadiram a f\u00e1brica para prender os membros da comiss\u00e3o eleita pelos trabalhadores.<\/p>\n<p>Em Outubro de 2002, sem receber sal\u00e1rios e direitos, os trabalhadores da Cipla (empresa do ramo pl\u00e1stico de Joinville \u2013 SC) deflagraram uma greve e depois ocuparam a empresa. Desde ent\u00e3o a empresa vem produzindo sob controle dos trabalhadores. Mas as dificuldades s\u00e3o muitas, pois os antigos patr\u00f5es deixaram d\u00edvidas monstruosas. Como boa parte destas d\u00edvidas \u00e9 com o Governo Federal, os trabalhadores se dirigiram ao Governo Lula exigindo a estatiza\u00e7\u00e3o da empresa como \u00fanica forma de salvar seus postos de trabalho. Quando Lula recebeu os trabalhadores, formou uma comiss\u00e3o t\u00e9cnica chefiada pelo BNDES que concluiu que a \u00fanica sa\u00edda \u00e9 a estatiza\u00e7\u00e3o. Mas enquanto o Governo n\u00e3o toma uma atitude, os trabalhadores n\u00e3o param de lutar e continu am produzindo. Nestes quase 5 anos de luta os trabalhadores conseguiram aumentar o faturamento da empresa, reajustar os pr \u00f3prios sal\u00e1rios, efetivar os estagi\u00e1rios, reduzir a jornada de trabalho para 30 horas semanais, entre outras melhorias!<\/p>\n<p>Depois da Cipla, por todo o pa\u00eds, trabalhadores de v\u00e1rias empresas \u2013 como Interfibra, Flask\u00f4, Flakepet, Ellen Metal, Bot\u00f5es Diamantina, Fibrac\u00f4co, JB Costa, Cozinhas Oli, Deslor, Calfort, etc. \u2013 decidiram partir pra ocupa\u00e7\u00e3o e lutar pela estatiza\u00e7\u00e3o sob controle oper\u00e1rio.<\/p>\n<p>A classe trabalhadora brasileira j\u00e1 cansou de ser explorada pela burguesia! Quando os trabalhadores se colocam em luta, os detentores do poder fazem de tudo para esmag\u00e1-los. Desde 2002 os trabalhadores das f\u00e1bricas ocupadas enfrentam amea\u00e7as de reintegra\u00e7\u00e3o de posse, corte de energia, leil\u00f5es e retirada de m\u00e1quinas, etc. Os empres\u00e1rios de todo o pa\u00eds v\u00eaem as vit\u00f3rias e avan\u00e7os conquistados pelos trabalhadores da Cipla e das outras f\u00e1bricas ocupadas como uma amea\u00e7a \u00e0 propriedade de suas empresas! Os patr\u00f5es de todo o Brasil t\u00eam medo que os trabalhadores de suas empresas, seguindo o exemplo da Cipla, n\u00e3o permitam continuar sendo explorados!<\/p>\n<p>Na manh\u00e3 deste 31 de Maio de 2007, os trabalhadores da Cipla foram surpreendidos por 150 homens da Pol\u00edcia Federal, fortemente armados, que invadiram a f\u00e1brica para prender os membros da comiss\u00e3o eleita pelos trabalhadores. O juiz federal substituto concedeu a ordem judicial por pedido do INSS! (\u2026)\u201d<\/p>\n<p>Uma s\u00e9rie de campanhas e mobiliza\u00e7\u00f5es foram feitas para denunciar o car\u00e1ter de classe da interven\u00e7\u00e3o e buscar reverter tal decis\u00e3o pol\u00edtica, que se expressou juridicamente. Al\u00e9m disso, organizamos um tribunal popular, fizemos um document\u00e1rio especial, mantivemos nossa coer\u00eancia e perspectiva de luta, organizamos o II Encontro de F\u00e1bricas Recuperadas na Venezuela e seguimos com a resist\u00eancia de todo esse legado hist\u00f3rico com a manuten\u00e7\u00e3o da trincheira da F\u00e1brica Ocupada Flask\u00f4, em Sumar\u00e9\/SP.<\/p>\n<p><strong>Ap\u00f3s um ano desse golpe da burguesia, escrevemos:<\/strong><\/p>\n<p><strong>\u201cA Farsa da Interven\u00e7\u00e3o\u201d<\/strong><\/p>\n<p>Em Maio de 2007 a Pol\u00edcia Federal garantiu com o uso da for\u00e7a a entrada de um interventor nas empresas ocupadas pelos trabalhadores. Depois de quase um ano e meio, o interventor nada pagou de INSS!<\/p>\n<p>De acordo com a decis\u00e3o do juiz federal Oziel Francisco de Souza, da Vara de Execu\u00e7\u00f5es Fiscais de Joinville-SC, a interven\u00e7\u00e3o federal decretada na Cipla e na Interfibra em 31 de Maio de 2007 se impunha para que as contribui\u00e7\u00f5es do INSS cobradas em um processo de 1988 fossem pagas atrav\u00e9s de uma penhora direta no faturamento da empresa.<\/p>\n<p>A realidade \u00e9 que, de 31 de Maio de 2007 a este m\u00eas de Agosto de 2008, o interventor Rainoldo Uessler nada pagou do INSS cobrado, o que comprova a farsa da interven\u00e7\u00e3o, medida discriminat\u00f3ria e profundamente determinada por motivos de ordem pol\u00edtica, pois a experi\u00eancia dos trabalhadores \u00e0 frente das duas f\u00e1bricas se transformou em um exemplo de resist\u00eancia e luta.<\/p>\n<p><strong>O que diz o INSS<\/strong><\/p>\n<p>No processo judicial da interven\u00e7\u00e3o, o procurador da fazenda nacional Vandr\u00e9 Augusto B\u00farigo anexou uma peti\u00e7\u00e3o em 18 de julho \u00faltimo, onde esclarece: \u201cA nomea\u00e7\u00e3o do interventor federal deu-se para assegurar o cumprimento de decis\u00e3o que determinou a penhora de faturamento (\u2026).\u201d<\/p>\n<p>\u201cNesse passo, \u00e0 exeq\u00fcente interessa primordialmente o cumprimento da decis\u00e3o que motivou a interven\u00e7\u00e3o, cumprimento esse que cabe ao interventor atender.\u201d<\/p>\n<p>\u201cConsiderando, pois, que os relat\u00f3rios mensais referem-se a informa\u00e7\u00f5es alheias (\u2018saneamento\u2019 da empresa, dificuldades encontradas, provid\u00eancias adotadas, etc.), perdem import\u00e2ncia em fun\u00e7\u00e3o da fun\u00e7\u00e3o primordial da interven\u00e7\u00e3o, qual seja o cumprimento da decis\u00e3o de penhora de faturamento.\u201d<\/p>\n<p>E conclui: \u201cQuanto ao diagn\u00f3stico empresarial apresentado pelo Sr. Interventor (fls. 2607) preocupa a Fazenda Nacional o fato de os tributos n\u00e3o estarem sendo regularmente recolhidos, aumentando ainda mais o endividamento da empresa.\u201d<\/p>\n<p><strong>O que diz o juiz sobre essa situa\u00e7\u00e3o<\/strong><\/p>\n<p>Sobre essa situa\u00e7\u00e3o escreve o juiz federal Oziel Francisco de Souza:<\/p>\n<p>\u201c\u00c0s fls. 2499-2603 e \u00e0s fls. 2606-2885 o interventor apresentou os relat\u00f3rios de diagn\u00f3stico empresarial da Interfibra Industrial S\/A e da Cipla, respectivamente, atestando que ambas t\u00eam condi\u00e7\u00f5es de recupera\u00e7\u00e3o.<\/p>\n<p>De acordo com a decis\u00e3o de fls. 285-296, na hip\u00f3tese de ser poss\u00edvel a recupera\u00e7\u00e3o das empresas, o interventor judicial deveria concomitantemente com a entrega do diagn\u00f3stico, apresentar a forma de administra\u00e7\u00e3o das empresas e o esquema de pagamento do d\u00e9bito, o que n\u00e3o fez.<\/p>\n<p>Assim, intime-se o interventor judicial para, no prazo de 15 (quinze) dias, trazer aos autos a forma de administra\u00e7\u00e3o das empresas e o esquema de pagamento.\u201d<\/p>\n<p><strong>Conclus\u00e3o<\/strong><\/p>\n<p>A \u00fanica conclus\u00e3o poss\u00edvel de ser pensada \u00e9 que a interven\u00e7\u00e3o judicial na Cipla e na Interfibra foi uma farsa. Se a interven\u00e7\u00e3o foi decretada para que o interventor cumprisse aquela penhora de faturamento do processo, e se depois de um ano e tr\u00eas meses isso n\u00e3o foi feito, cabe ao juiz afastar o interventor e devolver as f\u00e1bricas aos trabalhadores.<\/p>\n<p><strong>Lula, por que te calas?<\/strong><\/p>\n<p><a href=\"http:\/\/www.fabricasocupadas.org.br\/wp-content\/uploads\/2012\/05\/Ato-Flask%C3%B4-16-07-2010_a.jpg\" target=\"_blank\"><\/a>Depois de mais de um m\u00eas do recebimento da senten\u00e7a proferida no Tribunal Popular, que julgou o Governo Federal culpado pela interven\u00e7\u00e3o judicial na Cipla e Interfibra, o Presidente Lula conti nua calado.<\/p>\n<p>No dia 9 de julho passado, o Vereador Adilson Mariano, do PT de Joinville, militante da Esquerda Marxista, e Wilson Fufa Pereira, diretor do Sindicato dos Servidores Municipais de Florian\u00f3polis, intimaram o Presidente Lula da senten\u00e7a que julgou o Governo Federal culpado pela interven\u00e7\u00e3o judicial realizada na Cipla e Interfibra.<\/p>\n<p>A intima\u00e7\u00e3o foi protocolada no Pal\u00e1cio do Planalto em Bras\u00edlia, \u00e0s 18h57min, mesma oportunidade em que a senten\u00e7a foi entregue formalmente ao Presidente da C\u00e2mara dos Deputados Arlindo Chinaglia, ao Presidente do Senado Garibaldi Alves Filho, ao Presidente da Comiss\u00e3o de Legisla\u00e7\u00e3o Participativa Ad\u00e3o Preto e, ainda, ao Senador Eduardo Suplicy.<\/p>\n<p>A partir da intima\u00e7\u00e3o come\u00e7ou a correr o prazo para que o Governo Lula se manifeste sobre a condena\u00e7\u00e3o e sobre o pedido de devolu\u00e7\u00e3o da Cipla e da Interfibra aos seus trabalhadores, estes que controlaram e administraram as f\u00e1bricas de 31 de outubro de 2002 a 31 de maio de 2007, data da interven\u00e7\u00e3o federal.<\/p>\n<p>Para os trabalhadores da Cipla e da Interfibra, que ajudaram a eleger e reeleger Lula presidente, aquele em quem depositaram suas esperan\u00e7as, \u00e9 inaceit\u00e1vel a continuidade deste sil\u00eancio ensurdecedor.<\/p>\n<p>O presidente Lula deve se manifestar sobre a interven\u00e7\u00e3o e devolver as duas f\u00e1bricas aos trabalhadores. Esta foi a decis\u00e3o do Tribunal Popular realizado em 4 e 5 de Julho!<\/p>\n<p><strong>Lula, por que te calas?\u201d<\/strong><\/p>\n<p>Depois, continuando com muita luta na F\u00e1brica ocupada Flask\u00f4, combates em algumas outras f\u00e1bricas, como na Ellen Metal, em Caieiras\/SP, reafirmando as bandeiras hist\u00f3ricas do Movimento das F\u00e1bricas Ocupadas, em dezembro de 2010 a pr\u00f3pria Justi\u00e7a Federal que havia tomado a decis\u00e3o de afastar o controle oper\u00e1rio, pressionada pelas contradi\u00e7\u00f5es que sempre apontamos, diz que a interven\u00e7\u00e3o n\u00e3o cumpriu com seus objetivos e que a f\u00e1brica deve voltar ao controle oper\u00e1rio.<\/p>\n<p>Explicamos \u00e0 \u00e9poca que \u00e9 verdade que o interventor n\u00e3o pagou um real do que foi o motivo formal da decis\u00e3o da interven\u00e7\u00e3o, mas que n\u00e3o t\u00ednhamos d\u00favidas de que o objetivo real era de ter acabado ou enfraquecido o Movimento das F\u00e1bricas Ocupadas.<\/p>\n<p>Nesse sentido, escrevemos em dezembro de 2010:<\/p>\n<p>\u201c(\u2026) Como consequ\u00eancia dos mandos e desmandos do Interventor, agora em 07 de dezembro de 2010, no pr\u00f3prio processo da interven\u00e7\u00e3o, a Justi\u00e7a Federal de Joinville decidiu pelo seu fim porque a mesma n\u00e3o cumpriu com os objetivos que havia sido determinada. Vejamos:<\/p>\n<p><strong>\u201cEXECU\u00c7\u00c3O FISCAL N\u00ba 98.01.06050-6\/SC:<\/strong><\/p>\n<p><strong>Despacho\/Decis\u00e3o:<\/strong><\/p>\n<p>(\u2026) Veja-se que, passados mais de tr\u00eas anos desde o in\u00edcio da interven\u00e7\u00e3o judicial, nem sequer h\u00e1 previs\u00e3o de quando se iniciar\u00e1 o cumprimento da penhora sobre o faturamento, que era a finalidade da interven\u00e7\u00e3o. N\u00e3o h\u00e1 outra alternativa sen\u00e3o reconhecer que, infelizmente, a medida excepcional adotada n\u00e3o atingiu seus objetivos. (\u2026)<\/p>\n<p>Declaro encerrada a interven\u00e7\u00e3o judicial das empresas Cipla S\/A; Cipla Ind\u00fastria de Materiais de Constru\u00e7\u00e3o S\/A; Cipla Ind\u00fastria de Tubos, Mangueiras e Flex\u00edveis Ltda.; Cipla Ind\u00fastria de Tintas e Vernizes S\/A; Plastiplus Ind\u00fastria e Com\u00e9rcio de Pl\u00e1sticos Ltda.; Brakofix Industrial S\/A; Poliasa Ind\u00fastria de Produtos do Lar Ltda.; Fiorisa Ind\u00fastria de Produtos do Lar Ltda.; Interfibra Industrial S\/A, HB Comercial S\/A e New Home S\/A, todas integrantes do Grupo Cipla, pois a medida excepcional n\u00e3o se mostrou capaz de garantir a penhora sobre o faturamento e, por conseguinte, a finalidade almejada quando de sua decreta\u00e7\u00e3o. Encerrada a interven\u00e7\u00e3o, consequentemente, encerra-se a necessidade de manter um interventor\/administrador judicial no Grupo Cipla.<\/p>\n<p>A ser assim, determino a interrup\u00e7\u00e3o imediata dos trabalhos desempenhados pelo senhor Rainoldo Uessler (CPF\u00a0<a href=\"tel:047.543.109-00\" target=\"_blank\">047.543.109-00<\/a>), na condi\u00e7\u00e3o de interventor\/administrador judicial das empresas sob interven\u00e7\u00e3o, e o destituo do encargo de interventor\/administrador judicial. E ncerra-se, tamb\u00e9m, a remunera\u00e7\u00e3o do interventor\/administrador judicial.<\/p>\n<p>O controle e administra\u00e7\u00e3o das empresas do Grupo Cipla deve retornar, de imediato, aos trabalhadores, pois eram esses os administradores do grupo econ\u00f4mico quando decretada a interven\u00e7\u00e3o\u201d.<\/p>\n<p>Ou seja, est\u00e1 escancarada a motiva\u00e7\u00e3o pol\u00edtica da interven\u00e7\u00e3o nas f\u00e1bricas sob controle oper\u00e1rio. Esta recente decis\u00e3o mostra o papel do Interventor.<\/p>\n<p>Mas o interventor, com a clara inten\u00e7\u00e3o de criminalizar a organiza\u00e7\u00e3o dos trabalhadores, acusa o Movimento das F\u00e1bricas Ocupadas, dirigidos pela Esquerda Marxista, de descumpriam cotidianamente as leis e o Estado Democr\u00e1tico de Direito, e fundamenta isso trazendo a decis\u00e3o da pr\u00f3pria interven\u00e7\u00e3o judicial, quando o juiz Oziel Francisco de Souza exp\u00f4s:<\/p>\n<p>\u201cQuinto, e talvez o mais importante reflexo negativo do custo social da atitude da executada: a acolher-se o argumento de que tudo pode ser feito para a manuten\u00e7\u00e3o de mil postos de trabalho, estar-se-\u00e1 legitimando o desrespeito odioso das leis e jogando por terra o Estado Democr\u00e1tico de Direito. Imagine se a moda pega?\u201d<\/p>\n<p>Sabemos que esta \u00e9 a quest\u00e3o central. Eles n\u00e3o querem que a moda pegue, ou seja, que ocorram novas ocupa\u00e7\u00f5es de f\u00e1bricas, com avan\u00e7o no processo de consci\u00eancia da classe trabalhadora, onde se apontam os reais parasitas da sociedade \u2013 a burguesia e a l\u00f3gica do capital.<\/p>\n<p>Quem \u00e9 que desrespeita o Estado Democr\u00e1tico de Direito? Quem s\u00e3o os parasitas da sociedade?<\/p>\n<p>O caso do Movimento das F\u00e1bricas Ocupadas mostra muito bem como se d\u00e1 a luta de classes. Mostra quem s\u00e3o os parasitas na sociedade capitalista, e como utilizam seus aparatos de Estado para combater a organiza\u00e7\u00e3o dos trabalhadores.<\/p>\n<p>(\u2026) Sabemos que a burguesia, seja pelo Interventor ou por outros capitalistas, continuar\u00e1 atacando o exemplo da gest\u00e3o oper\u00e1ria e da organiza\u00e7\u00e3o pol\u00edtica que possui como perspectiva a expropria\u00e7\u00e3o dos meios de produ\u00e7\u00e3o e a constru\u00e7\u00e3o do socialismo.<\/p>\n<p>A Esquerda Marxista continua firme em suas posi\u00e7\u00f5es, e atitudes como esta, apenas refor\u00e7a o acerto de nossas a\u00e7\u00f5es, e continuaremos lado a lado aos trabalhadores da Flask\u00f4, mantendo este exemplo de luta pela estatiza\u00e7\u00e3o sob controle oper\u00e1rio, assim como continuar\u00e1 lutando pelo fim da interven\u00e7\u00e3o nas f\u00e1bricas em Joinville.<\/p>\n<p>Mas, al\u00e9m disso, estaremos prontos para contribuir, junto com os movimentos sociais e entidades sindicais com novas ocupa\u00e7\u00f5es de f\u00e1bricas, de terra, por moradia, pr\u00e9dios p\u00fablicos, etc., para explorar as contradi\u00e7\u00f5es do capitalismo, contribuindo na constru\u00e7\u00e3o das condi\u00e7\u00f5es para a revolu\u00e7\u00e3o socialista\u201d.<\/p>\n<p><strong>E assim temos feito\u2026<\/strong><\/p>\n<p>No entanto, cinco anos depois, uma an\u00e1lise mais profunda precisaria ser feita sobre a responsabilidade do governo federal em, primeiro, n\u00e3o ter atendido as reivindica\u00e7\u00f5es dos trabalhadores do Movimento das F&amp;aacut e;bricas Ocupadas. Segundo, como se n\u00e3o bastasse o n\u00e3o atendimento, atacam a experi\u00eancia, reprimem a organiza\u00e7\u00e3o da classe trabalhadora e criminalizam suas lideran\u00e7as. Terceiro, depois de tudo que significou a interven\u00e7\u00e3o, n\u00e3o atendem ao pleito de fim da interven\u00e7\u00e3o e volta do controle oper\u00e1rio na Cipla e Interfibra. E, quarto, n\u00e3o atendem \u00e0s reivindica\u00e7\u00f5es da resist\u00eancia do Movimento das F\u00e1bricas Ocupadas, expressas pelas medidas apresentadas pelos trabalhadores da Flask\u00f4.<\/p>\n<p>Assim, n\u00e3o podemos aceitar a postura com que o governo Lula levou o Movimento das F\u00e1bricas Ocupadas por oito anos e, mais, que tal situa\u00e7\u00e3o permane\u00e7a com o governo Dilma.<\/p>\n<p><strong>Lula, por que te calaste? Dilma, at\u00e9 quando?<\/strong><\/p>\n<p>Por tudo isso, reafirmamos nossa posi\u00e7\u00e3o de que somente a estatiza\u00e7\u00e3o sob o controle dos trabalhadores pode garantir a continuidade da atividade industrial e a manuten\u00e7\u00e3o duradoura dos postos de trabalho.<\/p>\n<p>Entendemos que ainda h\u00e1 tempo para salvar a luta dos trabalhadores da Flask\u00f4. Queremos solucionar os problemas. A intransig\u00eancia foi sempre do governo que nunca nos deu reais perspectivas, al\u00e9m de usar medidas criminosas contra os pr\u00f3prios oper\u00e1rios. Hoje h\u00e1 a conforma\u00e7\u00e3o de um novo grupo de trabalho coordenado pela Secretaria da Presid\u00eancia da Rep\u00fablica, mas que tem adotado as mesmas posturas do governo Lula.<\/p>\n<p>Assim, da mesma forma que diz\u00edamos ao Presidente Lula, nos dirigimos \u00e0 Presidenta Dilma. Voc\u00ea foi eleita pelos trabalhadores, e deve, por isso, se apoiar nas organiza\u00e7\u00f5es da classe trabalhadora e da juventude, expressas pela CUT, MST e organiza\u00e7\u00f5es populares, e construa um governo socialista dos trabalhadores. Quanto ao Movimento das F\u00e1bricas Ocupadas, que resiste pela experi\u00eancia de controle oper\u00e1rio na Flask\u00f4, reivindicamos:<\/p>\n<p>1. Suspens\u00e3o de todos os processos de execu\u00e7\u00e3o promovidos pela Fazenda Nacional que hoje amea\u00e7am o funcionamento e os empregos dos trabalhadores da f\u00e1brica ocupada Flask\u00f4 Industrial de Embalagens.<\/p>\n<p>2. Suspens\u00e3o de todos os processos de criminaliza\u00e7\u00e3o dos trabalhadores e seus dirigentes em fun\u00e7\u00e3o das d\u00edvidas relacionadas.<\/p>\n<p>3. A apresenta\u00e7\u00e3o de um decreto pela expropria\u00e7\u00e3o da empresa Flask\u00f4, da Cipla e Interfibra, com o claro objetivo de defender os empregos.<\/p>\n<p>4. Assumir as f\u00e1bricas via BNDES, atrav\u00e9s da transforma\u00e7\u00e3o do passivo tribut\u00e1rio (quase todo com o governo federal) em a\u00e7\u00f5es.<\/p>\n<p>5. Suspens\u00e3o da Interven\u00e7\u00e3o na Cipla\/Interfibra e a devolu\u00e7\u00e3o das f\u00e1bricas para o Conselho de F\u00e1brica eleito pelos trabalhadores, al\u00e9m das medidas cab\u00edveis como a anterior para a manuten\u00e7\u00e3o dos empregos.<\/p>\n<p>Esperamos que esse grupo de trabalho avance em suas posi\u00e7\u00f5es. De nossa parte, estaremos nas ruas e nas f\u00e1bricas, defendendo a perspectiva hist\u00f3rica da estatiza\u00e7\u00e3o sob controle dos trabalhadores. As supostas boas a\u00e7\u00f5es do governo Dilma precisam se concretizar, pois como se sabe, entre a inten\u00e7\u00e3o e o gesto h\u00e1 uma larga dist\u00e2ncia. \u00c9 hora \u00e9 de agir.<\/p>\n<p>Nesse sentido, o Movimento das F\u00e1bricas Ocupadas, representado pelo Conselho de F\u00e1brica da Flask\u00f4, reivindica \u00e0 Presidenta Dilma que rompa com a burguesia, rompa esse governo de coaliza\u00e7\u00e3o e atenda aos trabalhadores, acatando os pedidos apresentados no \u00faltimo relat\u00f3rio enviado \u00e0 Secretaria da Presid\u00eancia, recebendo uma comiss\u00e3o de trabalhadores, no sentido de aprova\u00e7\u00e3o pol\u00edtica dos encaminhamentos propostos, com o atendimento das reivindica\u00e7\u00f5es, especialmente quanto \u00e0 an\u00e1lise das duas propostas de decreto apresentadas, quais sejam: Decreto de Declara\u00e7\u00e3o de Interesse Social da Empresa Flask\u00f4 e Decreto de Desapropria\u00e7\u00e3o de qualquer empresa abandonada pela gest\u00e3o patronal.<\/p>\n<p>Concomitantemente, \u00e9 necess\u00e1rio o atendimento dos outros pleitos, como: a) Continuidade \u00e0 proposta apresentada pelo pr\u00f3prio BNDES, em 2006, de transforma\u00e7\u00e3o do passivo existente em cr\u00e9dito do banco, entre outras possibilidades de sua participa\u00e7\u00e3o, interven\u00e7\u00e3o ou mesmo financiamento, em parceria ou n\u00e3o com a Petrobr\u00e1s; b) \u00e9 necess\u00e1ria uma reuni\u00e3o com a Procuradoria-Chefe da Fazenda Nacional do Minist\u00e9rio da Fazenda e com a Advocacia Geral da Uni\u00e3o (AGU), para tratar com maior profundidade as possibilidades jur\u00eddicas (adjudica\u00e7\u00e3o, compensa\u00e7\u00e3o tribut\u00e1ria, unifica\u00e7\u00e3o das execu\u00e7\u00f5es fiscais, adjudica\u00e7\u00e3o, anistia tribut\u00e1ria) apresentadas para solv\u00eancia do d&amp;eacut e;bito existente da f\u00e1brica Flask\u00f4 com a Fazenda Nacional. Da mesma forma, deve ser discutida a situa\u00e7\u00e3o das f\u00e1bricas Cipla e Interfibra, de Joinville\/SC, nos termos das \u00faltimas d ecis\u00f5es judiciais que envolvem as mesmas e a Procuradoria da Fazenda Nacional, revertendo a interven\u00e7\u00e3o e determinando a volta do controle oper\u00e1rio; c) Reuni\u00e3o com Secretaria de Direitos Humanos para tratar da necessidade imediata de suspens\u00e3o da criminaliza\u00e7\u00e3o que o Movimento das F\u00e1bricas Ocupadas vem sofrendo, no sentido de evitar que tais posturas prejudiquem o livre direito de manifesta\u00e7\u00e3o, a busca do pleno emprego, e a realiza\u00e7\u00e3o dos mais nobres princ\u00edpios da ordem constitucional; d) Reuni\u00e3o com Minist\u00e9rio das Cidades, em conjunto com a Prefeitura Municipal de Sumar\u00e9\/SP e a Associa\u00e7\u00e3o de Moradores da Vila Oper\u00e1ria e Popular para tratar da desapropria\u00e7\u00e3o por interesse social e sua viabilidade or\u00e7ament\u00e1ria.<\/p>\n<p>Sabemos que vivemos a era das guerras e das revolu\u00e7\u00f5es. A humanidade est\u00e1 na encruzilhada: Socialismo ou Barb\u00e1rie. Convivem hoje no mundo, convulsivamente, revolu\u00e7\u00e3o e contrarrevolu\u00e7\u00e3o. S\u00f3 a classe oper\u00e1ria organizada internacionalmente sobre a base de um programa marxista, o Programa de Transi\u00e7\u00e3o, pode salvar a civiliza\u00e7\u00e3o do desastre. O desaparecimento do monstruoso aparelho contrarrevolucion\u00e1rio do stalinismo, a passagem aberta de seus restos, assim como da Internacional Social-Democrata e os seus sat\u00e9lites centristas de esquerda, para a aplica\u00e7\u00e3o direta dos planos do capital, esta situa\u00e7\u00e3o contradit\u00f3ria criou um quadro extremamente dif\u00edcil para a classe oper\u00e1ria em escala mundial.<\/p>\n<p>Mas a luta de classes \u00e9 que tudo determina e a resist\u00eancia das massas oprimidas e exploradas tamb\u00e9m abriu o caminho para a reorganiza\u00e7\u00e3o da classe oper\u00e1ria internacional sobre um novo eixo de independ\u00eancia de classe e para a liquida\u00e7\u00e3o do regime da propriedade privada dos meios de produ\u00e7\u00e3o.<\/p>\n<p>Por isso, o caminho necess\u00e1rio para enfrentar a crise, do ponto de vista dos trabalhadores, s\u00f3 pode ser a luta contra o capital e seus partidos, o que exclui toda colabora\u00e7\u00e3o de classe. S\u00f3 a independ\u00eancia de classe pode permitir avan\u00e7ar para o socialismo e garantir uma eleva\u00e7\u00e3o geral e verdadeira das condi\u00e7\u00f5es de vida do proletariado e da juventude.<\/p>\n<p>Nenhum governo de coaliz\u00e3o com os partidos burgueses permitir\u00e1 avan\u00e7ar de fato um mil\u00edmetro numa via que n\u00e3o seja pura falsifica\u00e7\u00e3o da realidade e constru\u00e7\u00e3o de armadilhas dolorosas para o futuro. A receita dos marxistas \u00e9 \u201cnenhuma colabora\u00e7\u00e3o ou uni\u00e3o nacional\u201d, ruptura com o capital e seus partidos. Luta de classes para enfrentar o inimigo de classe.<\/p>\n<p>\u00c9 assim que a Esquerda Marxista exige do PT a ruptura com o imperialismo, a burguesia nativa e seus partidos, com a pol\u00edtica de colabora\u00e7\u00e3o de classe, expuls\u00e3o dos ministros capitalistas do governo e a constitui\u00e7\u00e3o de um governo socialista dos trabalhadores, apoiado na CUT, no MST e nas organiza\u00e7\u00f5es populares. \u00c9 assim que a Esquerda Marxista cobra uma decis\u00e3o pol\u00edtica do governo Dilma no sentido de atender as demandas apresentadas pelo Movimento das F\u00e1bricas Ocupadas, acatando as reivindica\u00e7\u00f5es dos trabalhadores da Flask\u00f4 e revertendo a criminosa interven\u00e7\u00e3o federal promovida a exatos cinco anos.<\/p>\n<p><strong>Governo Dilma, rompa com a burguesia para:<\/strong><\/p>\n<p><strong>&#8211; Estatiza\u00e7\u00e3o sob controle dos trabalhadores da F\u00e1brica Ocupada Flask\u00f4!<\/strong><\/p>\n<p><strong>&#8211; Fim da criminaliza\u00e7\u00e3o do Movimento das F\u00e1bricas Ocupadas!<\/strong><\/p>\n<p><strong>Viva a resist\u00eancia da classe oper\u00e1ria!<\/strong><\/p>\n<p><strong>Viva o socialismo!<\/strong><\/p>\n<p><strong>31 de maio de 2012<\/strong><\/p>\n","protected":false},"excerpt":{"rendered":"\n\n\nCr\u00e9dito: Fabricas Ocupadas\n\n\n\n\n\n\n\n\nPor Alexandre Mandl\n<a class=\"moretag\" href=\"https:\/\/pcb.org.br\/portal2\/2952\"> <\/a>","protected":false},"author":1,"featured_media":0,"comment_status":"open","ping_status":"open","sticky":false,"template":"","format":"standard","meta":{"jetpack_post_was_ever_published":false,"_jetpack_newsletter_access":"","_jetpack_dont_email_post_to_subs":false,"_jetpack_newsletter_tier_id":0,"_jetpack_memberships_contains_paywalled_content":false,"_jetpack_memberships_contains_paid_content":false,"footnotes":"","jetpack_publicize_message":"","jetpack_publicize_feature_enabled":true,"jetpack_social_post_already_shared":false,"jetpack_social_options":{"image_generator_settings":{"template":"highway","default_image_id":0,"font":"","enabled":false},"version":2}},"categories":[20],"tags":[],"class_list":["post-2952","post","type-post","status-publish","format-standard","hentry","category-c1-popular"],"jetpack_publicize_connections":[],"jetpack_featured_media_url":"","jetpack_shortlink":"https:\/\/wp.me\/p659gw-LC","jetpack-related-posts":[],"jetpack_likes_enabled":true,"jetpack_sharing_enabled":true,"_links":{"self":[{"href":"https:\/\/pcb.org.br\/portal2\/wp-json\/wp\/v2\/posts\/2952","targetHints":{"allow":["GET"]}}],"collection":[{"href":"https:\/\/pcb.org.br\/portal2\/wp-json\/wp\/v2\/posts"}],"about":[{"href":"https:\/\/pcb.org.br\/portal2\/wp-json\/wp\/v2\/types\/post"}],"author":[{"embeddable":true,"href":"https:\/\/pcb.org.br\/portal2\/wp-json\/wp\/v2\/users\/1"}],"replies":[{"embeddable":true,"href":"https:\/\/pcb.org.br\/portal2\/wp-json\/wp\/v2\/comments?post=2952"}],"version-history":[{"count":0,"href":"https:\/\/pcb.org.br\/portal2\/wp-json\/wp\/v2\/posts\/2952\/revisions"}],"wp:attachment":[{"href":"https:\/\/pcb.org.br\/portal2\/wp-json\/wp\/v2\/media?parent=2952"}],"wp:term":[{"taxonomy":"category","embeddable":true,"href":"https:\/\/pcb.org.br\/portal2\/wp-json\/wp\/v2\/categories?post=2952"},{"taxonomy":"post_tag","embeddable":true,"href":"https:\/\/pcb.org.br\/portal2\/wp-json\/wp\/v2\/tags?post=2952"}],"curies":[{"name":"wp","href":"https:\/\/api.w.org\/{rel}","templated":true}]}}