{"id":29582,"date":"2022-12-05T18:08:57","date_gmt":"2022-12-05T21:08:57","guid":{"rendered":"https:\/\/pcb.org.br\/portal2\/?p=29582"},"modified":"2022-12-05T18:08:57","modified_gmt":"2022-12-05T21:08:57","slug":"festival-de-cinema-de-havana-43a-edicao","status":"publish","type":"post","link":"https:\/\/pcb.org.br\/portal2\/29582","title":{"rendered":"Festival de Cinema de Havana: 43\u00aa edi\u00e7\u00e3o"},"content":{"rendered":"<p><img data-recalc-dims=\"1\" decoding=\"async\" class=\"imagem\" title=\"imagem\" src=\"https:\/\/i0.wp.com\/www.abrilabril.pt\/sites\/default\/files\/styles\/node_aberto_vp768\/public\/assets\/img\/17981.jpg?w=747&#038;ssl=1\" alt=\"imagem\" \/><!--more--><br \/>\n\u00abArgentina, 1985\u00bb, de Santiago Mitre, foi o primeiro filme a ser exibido no Festival de Havana<br \/>\nCr\u00e9ditos \/ jotdown.es<\/p>\n<p>Portal AbrilAbril<\/p>\n<p>&nbsp;<\/p>\n<p>A 43.\u00aa edi\u00e7\u00e3o do Festival Internacional do Novo Cinema Latino-americano come\u00e7ou, no dia 1\u00ba de dezembro, com um convite a desfrutar \u00aba la grande\u00bb, depois de dois anos de restri\u00e7\u00f5es devido \u00e0 Covid-19.<\/p>\n<p>Na sess\u00e3o inaugural, que aconteceu na sala Charles Chaplin, foi exibido o filme Argentina, 1985, do realizador Santiago Mitre, que trazia consigo o pr\u00eamio do p\u00fablico do festival Zinemaldia, em Donostia, e integra a sele\u00e7\u00e3o de longas-metragens de fic\u00e7\u00e3o da competi\u00e7\u00e3o.<\/p>\n<p>Yumey Bes\u00fa Bayo, diretor de um dos mais prestigiados festivais de cinema da Am\u00e9rica Latina, precisou que a sele\u00e7\u00e3o oficial do evento, que ocorre at\u00e9 11 de dezembro, re\u00fane 185 t\u00edtulos, 103 dos quais est\u00e3o concorrendo no Festival.<\/p>\n<p>Dentre estes, contam-se 15 longas-metragens e 15 m\u00e9dias e curtas-metragens de fic\u00e7\u00e3o, document\u00e1rios (17 longas e dez curtas), 29 t\u00edtulos de anima\u00e7\u00e3o e 15 obras-primas.<\/p>\n<p>Bes\u00fa Bayo explicou que o j\u00fari recebeu mais de 2000 obras, representando todos os pa\u00edses do continente, em especial da Argentina, do M\u00e9xico e do Brasil, das quais fizeram uma sele\u00e7\u00e3o para integrar a mostra \u00abAm\u00e9rica Latina em Perspectiva\u00ab e a se\u00e7\u00e3o \u00abApresenta\u00e7\u00f5es Especiais\u00bb.<\/p>\n<p>Spot da 43.\u00aa edi\u00e7\u00e3o do Festival de Cinema de Havana<\/p>\n<p>Em confer\u00eancia de imprensa, os respons\u00e1veis pelo festival destacaram a presen\u00e7a de produ\u00e7\u00f5es da Bol\u00edvia e da Costa Rica, que \u00abs\u00e3o as grandes surpresas desta edi\u00e7\u00e3o\u00bb, competindo com novos realizadores, jovens, nas se\u00e7\u00f5es de longas de fic\u00e7\u00e3o e obras-primas.<\/p>\n<p>A Costa Rica apresenta o longa-metragem de fic\u00e7\u00e3o Domingo y la niebla (de Ariel Escalante) e as obras-primas Clara Sola (de Nathalie \u00c1lvarez Mes\u00e9n) e Tengo sue\u00f1os el\u00e9ctricos (de Valentina Maurel), enquanto a Bol\u00edvia trouxe a Havana a obra-prima Utama (de Alejandro Loayza Grisi) e a longa de fic\u00e7\u00e3o El gran movimiento (de Kiro Russo).<\/p>\n<p>Realidades do continente em destaque<br \/>\nO festival n\u00e3o foge ao \u00abPanorama Contempor\u00e2neo Internacional\u00bb (com obras de outras regi\u00f5es), mas \u00e9 no contexto latino-americano atual que se centra, propondo uma sele\u00e7\u00e3o de document\u00e1rios que mostram as realidades do continente, os seus problemas e desafios.<\/p>\n<p>Segundo destacaram os respons\u00e1veis, ganham presen\u00e7a no grande ecr\u00e3 as feridas das ditaduras sul-americanas do s\u00e9culo passado, as marcas da coloniza\u00e7\u00e3o, o impacto da viol\u00eancia e a repress\u00e3o, a resist\u00eancia de movimentos e povos contra a direita hegem\u00f4nica.<\/p>\n<p>\u00abVamos mostrar muito da realidade latino-americana e caribenha na grande tela\u00bb, disse Bes\u00fa Bayo, acrescentando que se trata de um evento menor no que se refere ao n\u00famero de propostas selecionadas e ao n\u00famero de salas em que os filmes s\u00e3o exibidos (quatro: Charles Chaplin, Yara, 23 y 12, e Acapulco).<\/p>\n<p>O programa inclui um evento te\u00f3rico como tributo ao realizador cubano Nicol\u00e1s Guill\u00e9n Landri\u00e1n, uma mostra de Cl\u00e1ssicos Restaurados, uma exposi\u00e7\u00e3o de 30 cartazes de artistas provenientes de 11 pa\u00edses e lan\u00e7amentos editoriais a cargo do Instituto Cubano da Arte e Ind\u00fastria Cinematogr\u00e1ficas (Icaic).<\/p>\n<p>Uma das novidades da 43.\u00aa edi\u00e7\u00e3o do Festival de Cinema de Havana ser\u00e1 a atribui\u00e7\u00e3o, por um j\u00fari independente, do Pr\u00eamio Arrecife, destinado \u00e0 melhor obra latino-americana de tem\u00e1tica queer.<\/p>\n<p>Fundado em 3 de dezembro de 1979 pelo cineasta cubano Alfredo Guevara, o certame atribui como m\u00e1xima distin\u00e7\u00e3o o Grande Pr\u00eamio Coral, que simboliza os vastos recifes do Mar das Cara\u00edbas.<\/p>\n","protected":false},"excerpt":{"rendered":"<a class=\"moretag\" href=\"https:\/\/pcb.org.br\/portal2\/29582\"> <\/a>","protected":false},"author":1,"featured_media":0,"comment_status":"closed","ping_status":"closed","sticky":false,"template":"","format":"standard","meta":{"jetpack_post_was_ever_published":false,"_jetpack_newsletter_access":"","_jetpack_dont_email_post_to_subs":false,"_jetpack_newsletter_tier_id":0,"_jetpack_memberships_contains_paywalled_content":false,"_jetpack_memberships_contains_paid_content":false,"footnotes":"","jetpack_publicize_message":"","jetpack_publicize_feature_enabled":true,"jetpack_social_post_already_shared":true,"jetpack_social_options":{"image_generator_settings":{"template":"highway","default_image_id":0,"font":"","enabled":false},"version":2}},"categories":[13,50],"tags":[234],"class_list":["post-29582","post","type-post","status-publish","format-standard","hentry","category-s14-cultura","category-c61-cultura-revolucionaria","tag-6b"],"jetpack_publicize_connections":[],"jetpack_featured_media_url":"","jetpack_shortlink":"https:\/\/wp.me\/p659gw-7H8","jetpack-related-posts":[],"jetpack_likes_enabled":true,"jetpack_sharing_enabled":true,"_links":{"self":[{"href":"https:\/\/pcb.org.br\/portal2\/wp-json\/wp\/v2\/posts\/29582","targetHints":{"allow":["GET"]}}],"collection":[{"href":"https:\/\/pcb.org.br\/portal2\/wp-json\/wp\/v2\/posts"}],"about":[{"href":"https:\/\/pcb.org.br\/portal2\/wp-json\/wp\/v2\/types\/post"}],"author":[{"embeddable":true,"href":"https:\/\/pcb.org.br\/portal2\/wp-json\/wp\/v2\/users\/1"}],"replies":[{"embeddable":true,"href":"https:\/\/pcb.org.br\/portal2\/wp-json\/wp\/v2\/comments?post=29582"}],"version-history":[{"count":0,"href":"https:\/\/pcb.org.br\/portal2\/wp-json\/wp\/v2\/posts\/29582\/revisions"}],"wp:attachment":[{"href":"https:\/\/pcb.org.br\/portal2\/wp-json\/wp\/v2\/media?parent=29582"}],"wp:term":[{"taxonomy":"category","embeddable":true,"href":"https:\/\/pcb.org.br\/portal2\/wp-json\/wp\/v2\/categories?post=29582"},{"taxonomy":"post_tag","embeddable":true,"href":"https:\/\/pcb.org.br\/portal2\/wp-json\/wp\/v2\/tags?post=29582"}],"curies":[{"name":"wp","href":"https:\/\/api.w.org\/{rel}","templated":true}]}}