{"id":29614,"date":"2022-12-13T11:32:39","date_gmt":"2022-12-13T14:32:39","guid":{"rendered":"https:\/\/pcb.org.br\/portal2\/?p=29614"},"modified":"2022-12-13T11:34:34","modified_gmt":"2022-12-13T14:34:34","slug":"andes-sn-jornada-de-lutas-contra-cortes-na-educacao","status":"publish","type":"post","link":"https:\/\/pcb.org.br\/portal2\/29614","title":{"rendered":"ANDES-SN: Jornada de Lutas contra cortes na educa\u00e7\u00e3o"},"content":{"rendered":"<p><img data-recalc-dims=\"1\" loading=\"lazy\" decoding=\"async\" data-attachment-id=\"29615\" data-permalink=\"https:\/\/pcb.org.br\/portal2\/29614\/image-1-5\" data-orig-file=\"https:\/\/i0.wp.com\/pcb.org.br\/portal2\/wp-content\/uploads\/2022\/12\/image-1.png?fit=1200%2C1200&amp;ssl=1\" data-orig-size=\"1200,1200\" data-comments-opened=\"0\" data-image-meta=\"{&quot;aperture&quot;:&quot;0&quot;,&quot;credit&quot;:&quot;&quot;,&quot;camera&quot;:&quot;&quot;,&quot;caption&quot;:&quot;&quot;,&quot;created_timestamp&quot;:&quot;0&quot;,&quot;copyright&quot;:&quot;&quot;,&quot;focal_length&quot;:&quot;0&quot;,&quot;iso&quot;:&quot;0&quot;,&quot;shutter_speed&quot;:&quot;0&quot;,&quot;title&quot;:&quot;&quot;,&quot;orientation&quot;:&quot;0&quot;}\" data-image-title=\"image (1)\" data-image-description=\"\" data-image-caption=\"\" data-large-file=\"https:\/\/i0.wp.com\/pcb.org.br\/portal2\/wp-content\/uploads\/2022\/12\/image-1.png?fit=747%2C747&amp;ssl=1\" class=\"alignleft size-large wp-image-29615\" src=\"https:\/\/i0.wp.com\/pcb.org.br\/portal2\/wp-content\/uploads\/2022\/12\/image-1.png?resize=747%2C747&#038;ssl=1\" alt=\"\" width=\"747\" height=\"747\" srcset=\"https:\/\/i0.wp.com\/pcb.org.br\/portal2\/wp-content\/uploads\/2022\/12\/image-1.png?resize=900%2C900&amp;ssl=1 900w, https:\/\/i0.wp.com\/pcb.org.br\/portal2\/wp-content\/uploads\/2022\/12\/image-1.png?resize=300%2C300&amp;ssl=1 300w, https:\/\/i0.wp.com\/pcb.org.br\/portal2\/wp-content\/uploads\/2022\/12\/image-1.png?resize=150%2C150&amp;ssl=1 150w, https:\/\/i0.wp.com\/pcb.org.br\/portal2\/wp-content\/uploads\/2022\/12\/image-1.png?resize=768%2C768&amp;ssl=1 768w, https:\/\/i0.wp.com\/pcb.org.br\/portal2\/wp-content\/uploads\/2022\/12\/image-1.png?w=1200&amp;ssl=1 1200w\" sizes=\"auto, (max-width: 747px) 100vw, 747px\" \/><!--more--><\/p>\n<p>Os dias 15 e 16 de dezembro ser\u00e3o marcados por manifesta\u00e7\u00f5es contra os cortes or\u00e7ament\u00e1rios e em defesa da Educa\u00e7\u00e3o P\u00fablica nas universidades, institutos federais e cefets. Ser\u00e3o realizados atos, debates, panfletagens, a\u00e7\u00f5es como \u201cUniversidade na pra\u00e7a\u201d, faixa\u00e7os, entre outros.<\/p>\n<p>A Jornada de Lutas foi aprovada na manh\u00e3 desta segunda-feira (12), em reuni\u00e3o do Setor das Institui\u00e7\u00f5es Federais de Ensino (Ifes) do ANDES-SN, que contou com a participa\u00e7\u00e3o de representantes de, ao menos, 25 se\u00e7\u00f5es sindicais do Sindicato Nacional. \u201cFrente a mais um ataque do governo Bolsonaro \u00e0 Educa\u00e7\u00e3o P\u00fablica, com mais um bloqueio de verbas impedindo o funcionamento das institui\u00e7\u00f5es nesse final de ano, al\u00e9m de retirar bolsas estudantis, de pesquisa e at\u00e9 sal\u00e1rio dos trabalhadores terceirizados, n\u00f3s realizamos uma reuni\u00e3o do Setor das Federais para tratar da nossa ofensiva\u201d, explicou Riv\u00e2nia Moura, presidenta do ANDES-SN.<\/p>\n<p>\u201cO Setor aprovou, mediante avalia\u00e7\u00e3o de que essa conjuntura \u00e9 muito dif\u00edcil para a Educa\u00e7\u00e3o P\u00fablica e assim permanece com o or\u00e7amento previsto para 2023, que n\u00f3s precisamos finalizar esse ano e iniciar o pr\u00f3ximo tamb\u00e9m em mobiliza\u00e7\u00e3o. Por isso, a ideia de construir os atos ainda em 2022, em conjunto com outras entidades nacionais da Educa\u00e7\u00e3o, em resposta aos ataques. e tamb\u00e9m para dizer que n\u00f3s n\u00e3o vamos recuar nem ficar calados frente ao processo de destrui\u00e7\u00e3o da Educa\u00e7\u00e3o P\u00fablica. N\u00f3s temos a responsabilidade de construir as lutas para reconstruir a Educa\u00e7\u00e3o P\u00fablica em nosso pa\u00eds\u201d, afirmou Riv\u00e2nia.<\/p>\n<p>Al\u00e9m da Jornada de Lutas, a reuni\u00e3o do Setor das Ifes aprovou ainda que o Setor realize um levantamento sobre os calend\u00e1rios acad\u00eamicos das Institui\u00e7\u00f5es Federais (IFE) e exist\u00eancia de movimentos unificados dentro das IFE, e com outros movimentos sociais; refor\u00e7ar com o Grupo de Trabalho de Pol\u00edtica Educacional (GTPE) do ANDES-SN a necessidade de pesquisa e aprofundamento sobre o Reuni Digital e Educa\u00e7\u00e3o a Dist\u00e2ncia (EaD). Tamb\u00e9m foi deliberado que as se\u00e7\u00f5es sindicais informem suas articula\u00e7\u00f5es de luta nos pr\u00f3ximos dias.<\/p>\n<p>O Setor das Ifes encaminhou, ainda, protocolar a pauta do ANDES-SN junto ao novo governo, solicitando uma agenda de discuss\u00e3o e negocia\u00e7\u00e3o e realizar um ato em Bras\u00edlia (DF) convocando representa\u00e7\u00e3o das se\u00e7\u00f5es sindicais. Al\u00e9m disso, o Sindicato Nacional e suas se\u00e7\u00f5es sindicais ir\u00e3o impulsionar e ampliar a Campanha pela Defesa da Educa\u00e7\u00e3o P\u00fablica e contra os cortes or\u00e7ament\u00e1rios.<\/p>\n<p>\u201cAvaliamos como bastante positiva a reuni\u00e3o que aconteceu hoje, porque v\u00e1rias se\u00e7\u00f5es sindicais fizeram essa avalia\u00e7\u00e3o da necessidade dessa mobiliza\u00e7\u00e3o. Avaliaram que \u00e9 muito importante permanecer em luta. Diversas se\u00e7\u00f5es sindicais do ANDES-SN j\u00e1 se mobilizam e v\u00eam realizando a\u00e7\u00f5es desde a semana passada e intensificando, nesta semana, com a\u00e7\u00f5es nas institui\u00e7\u00f5es, nos nossos locais de trabalho, mas tamb\u00e9m nas cidades em diversos estados, para que possamos encerrar o ano marcando mais um processo de mobiliza\u00e7\u00e3o no \u00e2mbito do ANDES-SN e da Educa\u00e7\u00e3o P\u00fablica\u201d, concluiu a presidenta do ANDES-SN.<\/p>\n<p>Entidades e comunidade acad\u00eamica protestam contra bloqueio de verbas na Educa\u00e7\u00e3o em Bras\u00edlia e diversos estados<\/p>\n<p>Entidades nacionais da educa\u00e7\u00e3o, entre elas o ANDES-SN, sa\u00edram \u00e0s ruas na quinta-feira (8) em uma atividade contra os bloqueios no or\u00e7amento da Educa\u00e7\u00e3o que afetam diretamente o funcionamento das institui\u00e7\u00f5es de ensino superior no pa\u00eds. Falta recurso para o pagamento de contas de \u00e1gua, luz, seguran\u00e7a, contratos terceirizados e at\u00e9 para manter restaurantes universit\u00e1rios (RU).<\/p>\n<p>Estudantes, docentes, t\u00e9cnicas e t\u00e9cnicos protestaram em diversos locais do pa\u00eds como em Bras\u00edlia (DF), Curitiba (PR), Salvador (BA), S\u00e3o Paulo (SP), Goi\u00e2nia (GO), entre outras cidades do Brasil, contra o mais novo corte de R$ 344 milh\u00f5es na educa\u00e7\u00e3o, feito pela equipe do ministro da Economia, Paulo Guedes, por meio do Decreto 11.269\/22, que voltou a bloquear os recursos das universidades e institutos federais. Al\u00e9m dos sucessivos cortes e confiscos feitos nos recursos destinados ao Minist\u00e9rio da Educa\u00e7\u00e3o durante os quatro anos do governo de Jair Bolsonaro (PL). Os novos bloqueios atingiram ainda o pagamento de mais de 200 mil bolsas destinadas a estudantes de mestrado, doutorado e p\u00f3s-doutorado da Coordena\u00e7\u00e3o de Aperfei\u00e7oamento de Pessoal de N\u00edvel Superior (Capes). Ap\u00f3s os protestos, o ministro da Educa\u00e7\u00e3o, Victor Godoy, anunciou em sua rede social a libera\u00e7\u00e3o de R$ 460 milh\u00f5es para despesas discricion\u00e1rias da Educa\u00e7\u00e3o e que o pagamento das bolsas da Capes vai acontecer at\u00e9 ter\u00e7a-feira (13).<\/p>\n<p>Na capital federal, as e os manifestantes come\u00e7aram a se concentrar em frente ao Minist\u00e9rio da Educa\u00e7\u00e3o, na Esplanada dos Minist\u00e9rios, por volta das 16h. Depois seguiram em passeata em dire\u00e7\u00e3o ao Congresso Nacional. O ato em frente ao MEC contou com v\u00e1rias entidades presentes, entre elas o ANDES-SN, a Associa\u00e7\u00e3o Nacional da P\u00f3s-gradua\u00e7\u00e3o (ANPG), a Uni\u00e3o Nacional dos Estudantes (UNE), Uni\u00e3o Brasileira dos Estudantes Secundaristas (Ubes), al\u00e9m de entidades locais, como a Adunb, que \u00e9 se\u00e7\u00e3o sindical do ANDES-SN na Universidade de Bras\u00edlia (UnB). Na Unb, o confisco feito pelo governo de R$ 17 milh\u00f5es do or\u00e7amento da universidade inviabilizar\u00e1 o pagamento de bolsas de milhares de estudantes e de bolsistas de resid\u00eancia m\u00e9dica, dos servi\u00e7os terceirizados, entre outros.<\/p>\n<p>Para Erlando R\u00eases, professor da UnB e integrante do coletivo ANDES-SN de Luta e pela Base, e que esteve no ato em frente ao MEC, as manifesta\u00e7\u00f5es de quinta (8) apontam para todos os ataques deferidos pelo atual governo. &#8221;Nos \u00faltimos quatro anos lidamos com persegui\u00e7\u00e3o pol\u00edtica a docentes, linchamentos p\u00fablicos, fortalecimento e inten\u00e7\u00e3o de aprova\u00e7\u00e3o do projeto Escola sem Partido, al\u00e9m dos severos cortes no or\u00e7amento da educa\u00e7\u00e3o que praticamente inviabilizaram atividades b\u00e1sicas das universidades, institutos e cefets. Foram diversos ataques que causaram a descontinuidade de pol\u00edticas p\u00fablicas e que passaram a atender as demandas do mercado. Com isso, estamos em luta pela revoga\u00e7\u00e3o da EC 95 e \u00e9 por isso que ocupamos o Brasil&#8221;, comenta Erlando.<\/p>\n<p>Estados<\/p>\n<p>O novo ataque promovido pelo governo de Jair Bolsonaro (PL) fez com que os caixas da Universidade Federal de Pelotas (Ufpel) e do Instituto Federal Sul-rio-grandense (IFSul) zerassem, segundo as institui\u00e7\u00f5es. Em resposta, estudantes da Ufpel ocuparam o Campus II da universidade pelo fim do desbloqueio do or\u00e7amento financeiro e dos cortes or\u00e7ament\u00e1rios. Al\u00e9m da ocupa\u00e7\u00e3o, as e os estudantes da Ufpel junto com do Ifsul foram \u00e0s ruas do centro da cidade para refor\u00e7ar que n\u00e3o ficar\u00e3o de bra\u00e7os cruzados enquanto Jair Bolsonaro tenta destruir a educa\u00e7\u00e3o p\u00fablica.<\/p>\n<p>De acordo com o movimento, a situa\u00e7\u00e3o \u00e9 extremamente s\u00e9ria, pois afeta diretamente a perman\u00eancia de muitos estudantes na universidade e a sobreviv\u00eancia na cidade. Conforme contam, muitos dos alugu\u00e9is j\u00e1 venceram ou vencem esta semana e n\u00e3o h\u00e1 como conseguir dinheiro para cobrir o valor dos aux\u00edlios que foram retirados.<\/p>\n<p>A situa\u00e7\u00e3o da Universidade Federal de Santa Maria (Ufsm) tamb\u00e9m \u00e9 preocupante. Em nota, a Pr\u00f3-Reitoria de Assuntos Estudantis apontou para uma situa\u00e7\u00e3o ca\u00f3tica na universidade neste final de 2022, caso os cortes n\u00e3o sejam revertidos. Al\u00e9m das bolsas estudantis, os restaurantes universit\u00e1rios e as casas de estudantes tamb\u00e9m correm o risco de parar, tendo em vista o n\u00e3o pagamento dos contratos de servi\u00e7os de alimenta\u00e7\u00e3o no m\u00eas de dezembro. No momento, na Ufsm, s\u00e3o servidas cerca de 10 mil refei\u00e7\u00f5es di\u00e1rias entre caf\u00e9, almo\u00e7o e jantar.<\/p>\n<p>Um ato p\u00fablico contra os cortes ocorreu em frente ao RU da universidade, na quarta-feira (7). Integrantes da diretoria da Se\u00e7\u00e3o Sindical dos Docentes da UFSM (Sedufsm SSind.) participaram do protesto, repudiando a postura irrespons\u00e1vel do governo Bolsonaro.<\/p>\n<p>Um grupo de estudantes da Universidade Federal de Sergipe (UFS) realizou vig\u00edlia durante todo o dia de quarta-feira (7), no p\u00f3rtico da reitoria, no campus de S\u00e3o Crist\u00f3v\u00e3o, em protesto contra os bloqueios de verba no Minist\u00e9rio da Educa\u00e7\u00e3o no or\u00e7amento de 2022.<\/p>\n<p>No Rio de Janeiro, uma plen\u00e1ria contra os cortes de verba no or\u00e7amento reuniu a comunidade acad\u00eamica da Universidade Federal do Rio de Janeiro (UFRJ). De l\u00e1, as e os manifestantes seguiram em passeata at\u00e9 a pra\u00e7a Cinel\u00e2ndia, localizada no centro da cidade. Os cortes impactar\u00e3o os grupos mais afetados como as trabalhadoras e os trabalhadores terceirizados e as e as e os estudantes que ficaram sem as bolsas.<\/p>\n<p>Ocorreram ainda assembleias estudantis para a constru\u00e7\u00e3o de mobiliza\u00e7\u00f5es nas universidades Federal do Esp\u00edrito Santo (Ufes) e Federal da Integra\u00e7\u00e3o Latino-Americana (Unila) que contou com a participa\u00e7\u00e3o de Riv\u00e2nia Moura presidenta do ANDES-SN.<\/p>\n<p>Para Riv\u00e2nia, os ataques contra os or\u00e7amentos das universidades n\u00e3o s\u00e3o movimentos aleat\u00f3rios e fazem parte do projeto de um governo fascista que tenta acabar com a educa\u00e7\u00e3o p\u00fablica no Brasil. &#8220;\u00c9 urgente e necess\u00e1rio que a gente pare as universidades, os institutos e os cefets. Sem comida, sem transporte, sem restaurante universit\u00e1rio e sem moradia n\u00e3o h\u00e1 como estudar e essa luta n\u00e3o pode ser apenas das estudantes e dos estudantes. Essa luta precisa ser dos trabalhadores da educa\u00e7\u00e3o, mas tamb\u00e9m de outros sindicatos, movimentos sociais e populares que precisam entender que a defesa da educa\u00e7\u00e3o p\u00fablica tem que ser necessariamente uma defesa da classe trabalhadora porque o direito de estudar foi negado historicamente a nossa popula\u00e7\u00e3o, assim como o direito de sonhar est\u00e1 sendo nos roubado todos os dias. Por isso seguiremos em luta&#8221;, ponderou Riv\u00e2nia.<\/p>\n<p>Com informa\u00e7\u00f5es das se\u00e7\u00f5es sindicais do ANDES-SN e Andifes<\/p>\n","protected":false},"excerpt":{"rendered":"<a class=\"moretag\" href=\"https:\/\/pcb.org.br\/portal2\/29614\"> <\/a>","protected":false},"author":1,"featured_media":0,"comment_status":"closed","ping_status":"closed","sticky":false,"template":"","format":"standard","meta":{"jetpack_post_was_ever_published":false,"_jetpack_newsletter_access":"","_jetpack_dont_email_post_to_subs":false,"_jetpack_newsletter_tier_id":0,"_jetpack_memberships_contains_paywalled_content":false,"_jetpack_memberships_contains_paid_content":false,"footnotes":"","jetpack_publicize_message":"","jetpack_publicize_feature_enabled":true,"jetpack_social_post_already_shared":true,"jetpack_social_options":{"image_generator_settings":{"template":"highway","default_image_id":0,"font":"","enabled":false},"version":2}},"categories":[60,15],"tags":[226],"class_list":["post-29614","post","type-post","status-publish","format-standard","hentry","category-c71-educacao","category-s18-sindical","tag-4b"],"jetpack_publicize_connections":[],"jetpack_featured_media_url":"","jetpack_shortlink":"https:\/\/wp.me\/p659gw-7HE","jetpack-related-posts":[],"jetpack_likes_enabled":true,"jetpack_sharing_enabled":true,"_links":{"self":[{"href":"https:\/\/pcb.org.br\/portal2\/wp-json\/wp\/v2\/posts\/29614","targetHints":{"allow":["GET"]}}],"collection":[{"href":"https:\/\/pcb.org.br\/portal2\/wp-json\/wp\/v2\/posts"}],"about":[{"href":"https:\/\/pcb.org.br\/portal2\/wp-json\/wp\/v2\/types\/post"}],"author":[{"embeddable":true,"href":"https:\/\/pcb.org.br\/portal2\/wp-json\/wp\/v2\/users\/1"}],"replies":[{"embeddable":true,"href":"https:\/\/pcb.org.br\/portal2\/wp-json\/wp\/v2\/comments?post=29614"}],"version-history":[{"count":0,"href":"https:\/\/pcb.org.br\/portal2\/wp-json\/wp\/v2\/posts\/29614\/revisions"}],"wp:attachment":[{"href":"https:\/\/pcb.org.br\/portal2\/wp-json\/wp\/v2\/media?parent=29614"}],"wp:term":[{"taxonomy":"category","embeddable":true,"href":"https:\/\/pcb.org.br\/portal2\/wp-json\/wp\/v2\/categories?post=29614"},{"taxonomy":"post_tag","embeddable":true,"href":"https:\/\/pcb.org.br\/portal2\/wp-json\/wp\/v2\/tags?post=29614"}],"curies":[{"name":"wp","href":"https:\/\/api.w.org\/{rel}","templated":true}]}}