{"id":29636,"date":"2022-12-17T18:54:41","date_gmt":"2022-12-17T21:54:41","guid":{"rendered":"https:\/\/pcb.org.br\/portal2\/?p=29636"},"modified":"2022-12-17T18:54:41","modified_gmt":"2022-12-17T21:54:41","slug":"fidel-em-todas-as-dimensoes-da-revolucao","status":"publish","type":"post","link":"https:\/\/pcb.org.br\/portal2\/29636","title":{"rendered":"Fidel, em todas as dimens\u00f5es da Revolu\u00e7\u00e3o"},"content":{"rendered":"<p><img data-recalc-dims=\"1\" decoding=\"async\" class=\"imagem\" title=\"imagem\" src=\"https:\/\/i0.wp.com\/pt.granma.cu\/file\/img\/2022\/11\/medium\/f0034699.jpg?w=747&#038;ssl=1\" alt=\"imagem\" \/><!--more--><\/p>\n<p>O Comandante-em-chefe pode ser encontrado a cada passo, em cada esquina e em cada trabalho social constru\u00eddo com os esfor\u00e7os de um pa\u00eds em Revolu\u00e7\u00e3o<\/p>\n<p>Enraizado na fibra mais \u00edntima da na\u00e7\u00e3o cubana, Fidel continua nos acompanhando ao longo da vida. N\u00e3o h\u00e1 met\u00e1fora nesta afirma\u00e7\u00e3o, mas sim a certeza de que seu esp\u00edrito rebelde vive na vida cotidiana de um pa\u00eds que n\u00e3o renuncia \u00e0 constru\u00e7\u00e3o do projeto social, emancipat\u00f3rio e humanista que \u00e9 a Revolu\u00e7\u00e3o.<\/p>\n<p>O Comandante-em-chefe tamb\u00e9m continua vivo, especialmente entre o povo. E essa \u00e9 talvez a mais bela raz\u00e3o que mostra que sua viagem rumo \u00e0 imortalidade \u2014 iniciada naquele desolador 25 de novembro de 2016 \u2014 \u00e9 apenas um pretexto sentir a falta de sua presen\u00e7a f\u00edsica, pois seu legado h\u00e1 muito tempo est\u00e1 impregnado nos sentimentos de milh\u00f5es de pessoas agradecidas.<\/p>\n<p>\u00c9 por isso que, embora tenha partido para outra dimens\u00e3o, Fidel n\u00e3o deixou de estar entre n\u00f3s. Ele renasce em cada batalha que o pa\u00eds trava, em cada novo desafio, em cada vit\u00f3ria, em cada crian\u00e7a que aprende a ler e escrever a palavra \u00abP\u00e1tria\u00bb, em cada gesto de solidariedade ou altru\u00edsmo&#8230;, na defesa da verdade e da justi\u00e7a.<\/p>\n<p>O presente tamb\u00e9m fala do l\u00edder inabal\u00e1vel que nunca recuou um cent\u00edmetro diante das amea\u00e7as do inimigo imperial; do homem da ci\u00eancia que previu a necessidade de nos emanciparmos por n\u00f3s mesmos e atrav\u00e9s de nossos pr\u00f3prios esfor\u00e7os; do estadista com uma vis\u00e3o estrat\u00e9gica do futuro; e do pol\u00edtico excepcional que com humanismo, intelig\u00eancia e perseveran\u00e7a transformou uma pequena Ilha caribenha em um ponto de refer\u00eancia mundial de luta e resist\u00eancia.<\/p>\n<p>\u00c9 desta heran\u00e7a moral que os cubanos de hoje tiram suas for\u00e7as para superar as adversidades mais complexas que nos assolam. H\u00e1 muitos exemplos.<\/p>\n<p>Basta lembrar que, quando uma pandemia sem precedentes colocou toda a humanidade no limite, nossos cientistas conseguiram desenvolver vacinas soberanas para combater eficazmente a terr\u00edvel doen\u00e7a, tanto dentro como fora da Ilha. N\u00e3o havia d\u00favida de que este resultado extraordin\u00e1rio era fruto dos esfor\u00e7os do l\u00edder hist\u00f3rico para promover a ind\u00fastria biofarmac\u00eautica no pa\u00eds.<\/p>\n<p>Quando tentaram tirar nossa tranquilidade com tentativas de dist\u00farbios que foram manipulados pelos interesses de interfer\u00eancia do governo norte-americano em nossos c\u00e9us, a defesa da soberania nacional prevaleceu nos sentimentos de um povo comprometido com sua hist\u00f3ria e com a convic\u00e7\u00e3o fidelista de defender valores em que se acredita ao pre\u00e7o de qualquer sacrif\u00edcio.<\/p>\n<p>Quando outras na\u00e7\u00f5es precisaram de ajuda internacional diante de epidemias, furac\u00f5es, terremotos e outros desastres, nossos m\u00e9dicos do Contingente Internacional Henry Reeve estiveram l\u00e1, colocando o nome da Ilha maior das Antilhas no alto, prestando um servi\u00e7o de qualidade, restaurando a esperan\u00e7a aos mais humildes e perpetuando, atrav\u00e9s de seu trabalho, as ideias do Comandante-em-chefe.<\/p>\n<p>Sua semente f\u00e9rtil, ali\u00e1s, est\u00e1 espalhada por todo o continente da Am\u00e9rica Latina e do Caribe; \u00e9 na \u00c1frica, no Vietn\u00e3 e em tantas outras na\u00e7\u00f5es, onde o cadinho de sua voca\u00e7\u00e3o solid\u00e1ria ainda irradia com profundidade sob o princ\u00edpio de compartilhar o que temos e n\u00e3o o que temos em demasia.<\/p>\n<p>Um martiano profundamente enraizado, nosso \u00abquixote latino-americano\u00bb, como seu amigo \u00edntimo Hugo Ch\u00e1vez o batizou, n\u00e3o queria que monumentos em Cuba o glorificassem ou que as ruas tivessem o seu nome. E ele certamente n\u00e3o precisa deles em sua terra natal. Fidel pode ser encontrado em qualquer lugar e a qualquer momento, projetado em cada obra social constru\u00edda com os esfor\u00e7os de um pa\u00eds em Revolu\u00e7\u00e3o.<\/p>\n<p>Podemos encontr\u00e1-lo na camponesa digna, nas mulheres emancipadas, nas professoras mais consagradas&#8230; e no esp\u00edrito esportivo e cultural de uma na\u00e7\u00e3o que enfrenta o tremendo desafio de continuar defendendo a profunda convic\u00e7\u00e3o de que n\u00e3o h\u00e1 poder no mundo capaz de esmagar a for\u00e7a da verdade e das ideias.<\/p>\n<p>\u00c9 por isso que agora, quando somos chamados a participar, a construir, a ser parte ativa das transforma\u00e7\u00f5es que Cuba exige em meio a circunst\u00e2ncias econ\u00f4micas extremamente dif\u00edceis, muitos buscam respostas em Fidel, o gigante verde-oliva que nos ensinou que para sustentar nosso trabalho socialista temos que mudar tudo o que precisa ser mudado, e desafiar as poderosas for\u00e7as dominantes dentro e fora da esfera social e nacional.<\/p>\n<p>De sua prega\u00e7\u00e3o revolucion\u00e1ria, sustentada pelo pr\u00f3prio exemplo de quem viveu por e para os humildes, aprendemos tamb\u00e9m que \u00abRevolu\u00e7\u00e3o \u00e9 acreditar que as montanhas podem ser movidas\u00bb, e que \u00e9 poss\u00edvel transformar sonhos coletivos em realidade se n\u00e3o nos faltar unidade, perseveran\u00e7a e f\u00e9 na vit\u00f3ria.<\/p>\n<p>Nenhum furac\u00e3o, por mais forte que seja, pode quebrar a vontade de recupera\u00e7\u00e3o dos cubanos. Fidel tamb\u00e9m nos ensinou isso. Nem qualquer medida coercitiva do bloqueio pode enfraquecer nossa determina\u00e7\u00e3o de continuar trabalhando, de continuar fundando e de continuar resistindo, pois a m\u00e1xima que nos guia \u00e9 lutar com aud\u00e1cia, intelig\u00eancia e realismo.<\/p>\n<p>E embora saibamos que nada ser\u00e1 f\u00e1cil no futuro, porque as pol\u00edticas expansionistas e neoliberais das grandes pot\u00eancias n\u00e3o v\u00e3o parar, Cuba continuar\u00e1 superando os obst\u00e1culos sob os princ\u00edpios inabal\u00e1veis da Revolu\u00e7\u00e3o, o mesmo que mencionar os preceitos n\u00e3o negoci\u00e1veis que Fidel incutiu em n\u00f3s.<\/p>\n<p>Adquirido pela hist\u00f3ria, seu exemplo nos compromete, a validade de seu trabalho nos guia, e sua presen\u00e7a de luz nos ilumina. Porque o Comandante-em-chefe vive em todos n\u00f3s que n\u00e3o o deixamos morrer; cresce naqueles que se levantam todos os dias para construir um pa\u00eds melhor; e se consolida na beleza que emana do decoro.<\/p>\n<p>Retratando-o em verso, o argentino Juan Gelman diria: \u00abDir\u00e3o exatamente o mesmo sobre Fidel \/ grande maestro, aquele que p\u00f4s fogo na hist\u00f3ria etc. \/ mas o povo o chama de Cavalo e \u00e9 verdade \/ Fidel cavalgou um dia sobre Fidel \/ ele se jogou de cabe\u00e7a contra a dor, contra a morte&#8230;\u00bb.<\/p>\n<p>E o fato \u00e9 que, muito simplesmente, nosso l\u00edder hist\u00f3rico continua vibrando em todas as dimens\u00f5es da Revolu\u00e7\u00e3o.<\/p>\n<p><a href=\"https:\/\/pt.granma.cu\/cuba\/2022-11-25\/fidel-em-todas-as-dimensoes-da-revolucao\">https:\/\/pt.granma.cu\/cuba\/2022-11-25\/fidel-em-todas-as-dimensoes-da-revolucao<\/a><\/p>\n<p>&nbsp;<\/p>\n","protected":false},"excerpt":{"rendered":"<a class=\"moretag\" href=\"https:\/\/pcb.org.br\/portal2\/29636\"> <\/a>","protected":false},"author":1,"featured_media":0,"comment_status":"closed","ping_status":"closed","sticky":false,"template":"","format":"standard","meta":{"jetpack_post_was_ever_published":false,"_jetpack_newsletter_access":"","_jetpack_dont_email_post_to_subs":false,"_jetpack_newsletter_tier_id":0,"_jetpack_memberships_contains_paywalled_content":false,"_jetpack_memberships_contains_paid_content":false,"footnotes":"","jetpack_publicize_message":"","jetpack_publicize_feature_enabled":true,"jetpack_social_post_already_shared":true,"jetpack_social_options":{"image_generator_settings":{"template":"highway","default_image_id":0,"font":"","enabled":false},"version":2}},"categories":[146,47],"tags":[233],"class_list":["post-29636","post","type-post","status-publish","format-standard","hentry","category-internacionalismo","category-c57-revolucao-cubana","tag-6a"],"jetpack_publicize_connections":[],"jetpack_featured_media_url":"","jetpack_shortlink":"https:\/\/wp.me\/p659gw-7I0","jetpack-related-posts":[],"jetpack_likes_enabled":true,"jetpack_sharing_enabled":true,"_links":{"self":[{"href":"https:\/\/pcb.org.br\/portal2\/wp-json\/wp\/v2\/posts\/29636","targetHints":{"allow":["GET"]}}],"collection":[{"href":"https:\/\/pcb.org.br\/portal2\/wp-json\/wp\/v2\/posts"}],"about":[{"href":"https:\/\/pcb.org.br\/portal2\/wp-json\/wp\/v2\/types\/post"}],"author":[{"embeddable":true,"href":"https:\/\/pcb.org.br\/portal2\/wp-json\/wp\/v2\/users\/1"}],"replies":[{"embeddable":true,"href":"https:\/\/pcb.org.br\/portal2\/wp-json\/wp\/v2\/comments?post=29636"}],"version-history":[{"count":0,"href":"https:\/\/pcb.org.br\/portal2\/wp-json\/wp\/v2\/posts\/29636\/revisions"}],"wp:attachment":[{"href":"https:\/\/pcb.org.br\/portal2\/wp-json\/wp\/v2\/media?parent=29636"}],"wp:term":[{"taxonomy":"category","embeddable":true,"href":"https:\/\/pcb.org.br\/portal2\/wp-json\/wp\/v2\/categories?post=29636"},{"taxonomy":"post_tag","embeddable":true,"href":"https:\/\/pcb.org.br\/portal2\/wp-json\/wp\/v2\/tags?post=29636"}],"curies":[{"name":"wp","href":"https:\/\/api.w.org\/{rel}","templated":true}]}}