{"id":29653,"date":"2022-12-21T19:36:41","date_gmt":"2022-12-21T22:36:41","guid":{"rendered":"https:\/\/pcb.org.br\/portal2\/?p=29653"},"modified":"2022-12-21T19:36:41","modified_gmt":"2022-12-21T22:36:41","slug":"curso-economia-politica-para-trabalhadores-2","status":"publish","type":"post","link":"https:\/\/pcb.org.br\/portal2\/29653","title":{"rendered":"CURSO &#8211; Economia Pol\u00edtica para Trabalhadores"},"content":{"rendered":"<p><img data-recalc-dims=\"1\" loading=\"lazy\" decoding=\"async\" data-attachment-id=\"29654\" data-permalink=\"https:\/\/pcb.org.br\/portal2\/29653\/unnamed-2\" data-orig-file=\"https:\/\/i0.wp.com\/pcb.org.br\/portal2\/wp-content\/uploads\/2022\/12\/unnamed.jpg?fit=868%2C960&amp;ssl=1\" data-orig-size=\"868,960\" data-comments-opened=\"0\" data-image-meta=\"{&quot;aperture&quot;:&quot;0&quot;,&quot;credit&quot;:&quot;&quot;,&quot;camera&quot;:&quot;&quot;,&quot;caption&quot;:&quot;&quot;,&quot;created_timestamp&quot;:&quot;0&quot;,&quot;copyright&quot;:&quot;&quot;,&quot;focal_length&quot;:&quot;0&quot;,&quot;iso&quot;:&quot;0&quot;,&quot;shutter_speed&quot;:&quot;0&quot;,&quot;title&quot;:&quot;&quot;,&quot;orientation&quot;:&quot;0&quot;}\" data-image-title=\"unnamed\" data-image-description=\"\" data-image-caption=\"\" data-large-file=\"https:\/\/i0.wp.com\/pcb.org.br\/portal2\/wp-content\/uploads\/2022\/12\/unnamed.jpg?fit=747%2C826&amp;ssl=1\" class=\"alignleft size-large wp-image-29654\" src=\"https:\/\/i0.wp.com\/pcb.org.br\/portal2\/wp-content\/uploads\/2022\/12\/unnamed.jpg?resize=747%2C826&#038;ssl=1\" alt=\"\" width=\"747\" height=\"826\" srcset=\"https:\/\/i0.wp.com\/pcb.org.br\/portal2\/wp-content\/uploads\/2022\/12\/unnamed.jpg?resize=814%2C900&amp;ssl=1 814w, https:\/\/i0.wp.com\/pcb.org.br\/portal2\/wp-content\/uploads\/2022\/12\/unnamed.jpg?resize=271%2C300&amp;ssl=1 271w, https:\/\/i0.wp.com\/pcb.org.br\/portal2\/wp-content\/uploads\/2022\/12\/unnamed.jpg?resize=768%2C849&amp;ssl=1 768w, https:\/\/i0.wp.com\/pcb.org.br\/portal2\/wp-content\/uploads\/2022\/12\/unnamed.jpg?w=868&amp;ssl=1 868w\" sizes=\"auto, (max-width: 747px) 100vw, 747px\" \/><!--more--><\/p>\n<p><strong>Seguem abertas as inscri\u00e7\u00f5es para o curso online \u201cEconomia Pol\u00edtica para Trabalhadores\u201d com a professora Sofia Manzano!<\/strong><\/p>\n<p>Ementa: O que \u00e9 economia; Conceitos b\u00e1sicos; Forma\u00e7\u00e3o do capitalismo; Antigo Sistema Colonial; Imperialismo e capital monopolista; Sistema Financeiro Internacional e Estado de Bem-Estar Social; Crise, Mundializa\u00e7\u00e3o e capitalismo do S\u00e9culo XXI; Mercado de Trabalho e de Capital; Pol\u00edtica Fiscal, Monet\u00e1ria e Cambial.<\/p>\n<p>Objetivo: Apresentar os conceitos b\u00e1sicos, hist\u00f3ricos e categoriais da economia capitalista atual. Proporcionar um instrumental introdut\u00f3rio para a compreens\u00e3o da economia capitalista contempor\u00e2nea.<\/p>\n<p>20 aulas totalizando 40 horas com emiss\u00e3o de certificado.<\/p>\n<p>Valor: R$300,00 (5x de R$60,00 sem juros)<\/p>\n<p><strong>Programa:<\/strong><\/p>\n<p>M\u00f3dulo 1 \u2013 5 aulas de 2 horas cada<\/p>\n<p>1 \u2013 O que \u00e9 economia e seus elementos fundamentais.<\/p>\n<p>Rela\u00e7\u00f5es sociais<br \/>\nTrabalho e Natureza<br \/>\nPerman\u00eancia e Hist\u00f3ria<\/p>\n<p>2 \u2013 Divis\u00e3o do trabalho e Classes Sociais<\/p>\n<p>Divis\u00e3o do trabalho e Troca<br \/>\nClasses sociais e Ideologia<\/p>\n<p>3 \u2013 Valor, Dinheiro e Capital<\/p>\n<p>4 \u2013 Produ\u00e7\u00e3o, Poder e Estado<\/p>\n<p>M\u00f3dulo 2 \u2013 4 aulas de 2 horas cada<\/p>\n<p>1 \u2013 Hist\u00f3ria e Modo de Produ\u00e7\u00e3o<\/p>\n<p>Estrutura e Superestrutura<\/p>\n<p>2 \u2013 Transi\u00e7\u00e3o do feudalismo para o Capitalismo<\/p>\n<p>Produ\u00e7\u00e3o feudal, troca e moeda<br \/>\nPoder feudal e classes sociais<\/p>\n<p>3 \u2013 Capitalismo Origin\u00e1rio Ingl\u00eas<\/p>\n<p>4 \u2013 O antigo sistema colonial<\/p>\n<p>M\u00f3dulo 3 \u2013 4 aulas de 2 horas cada<\/p>\n<p>1 \u2013 Capitalismo Monopolista e Imperialismo<\/p>\n<p>Concentra\u00e7\u00e3o e centraliza\u00e7\u00e3o do capital<br \/>\nImperialismo<br \/>\nCapitalismo e Crise<\/p>\n<p>2 \u2013 Guerra e Fascismo<\/p>\n<p>3 \u2013 Estado de Bem-Estar Social<\/p>\n<p>Sistema Financeiro Internacional<br \/>\nPol\u00edtica e Luta de classes no p\u00f3s-guerra<\/p>\n<p>4 \u2013 Crise Estrutural do Capital<\/p>\n<p>Mundializa\u00e7\u00e3o do Capital<br \/>\nFinanceiriza\u00e7\u00e3o e \u201cneoliberalismo\u201d<br \/>\nTrabalho e Capital no s\u00e9culo XXI<\/p>\n<p>M\u00f3dulo 4 \u2013 2 aulas de 2 horas cada<\/p>\n<p>1 \u2013 Mercado de Trabalho<\/p>\n<p>2 \u2013 Mercado de Capitais<\/p>\n<p>3 \u2013 Setores de Atividade<\/p>\n<p>4 \u2013 Estrutura de Mercado<\/p>\n<p>M\u00f3dulo 5 \u2013 5 aulas de 2 horas cada<\/p>\n<p>1 \u2013 PIB e Balan\u00e7o de Pagamentos<\/p>\n<p>2 \u2013 Pol\u00edtica Fiscal<\/p>\n<p>Tributa\u00e7\u00e3o<br \/>\nGasto P\u00fablico<br \/>\nD\u00e9ficit e D\u00edvida P\u00fablica<\/p>\n<p>3 \u2013 Pol\u00edtica Monet\u00e1ria<\/p>\n<p>Capital e D\u00edvida P\u00fablica<br \/>\nDinheiro, moeda e sistema monet\u00e1rio<br \/>\nFun\u00e7\u00f5es da moeda<br \/>\nSistema monet\u00e1rio e sistema financeiro<\/p>\n<p>4 \u2013 Pol\u00edtica Cambial<\/p>\n<p>Sistema Financeiro Internacional<br \/>\nHierarquia de moedas e \u201crisco pa\u00eds\u201d<br \/>\nReservas cambiais, balan\u00e7o de pagamentos e investimentos<\/p>\n<p><strong>INSCRI\u00c7\u00d5ES AQUI:<\/strong> https:\/\/fdinarcoreis.herospark.co\/ecopol-para-trabalhadores<\/p>\n<p>PADRIM: Inscri\u00e7\u00f5es para o curso Economia Pol\u00edtica para Trabalhadores<\/p>\n<p>PUBLICA\u00c7\u00c3O DESTINADA AOS PADRINHOS E \u00c0S MADRINHAS DA FUNDA\u00c7\u00c3O DINARCO REIS<\/p>\n<p>Ol\u00e1, camaradas padrinhos e madrinhas da Funda\u00e7\u00e3o Dinarco Reis!<\/p>\n<p>Anunciamos a abertura das inscri\u00e7\u00f5es gratuitas no curso online Economia Pol\u00edtica para Trabalhadores (in\u00edcio 12 de janeiro de 2022) para aqueles e aquelas que apadrinham mensalmente a FDR nas categorias \u201cMilitante\u201d e \u201cAmiga(o) da Revolu\u00e7\u00e3o\u201c. Conforme a descri\u00e7\u00e3o das recompensas das faixas de contribui\u00e7\u00e3o do nosso perfil do PADRIM, voc\u00eas t\u00eam direito a:<\/p>\n<p>Militante (partir de R$ 25,00 por m\u00eas)<\/p>\n<p>ACESSO gratuito a cada novo curso da FDR (1 vaga)<br \/>\nConcorre ao SORTEIO de um (1) livro in\u00e9dito editado pela FDR, ap\u00f3s o seu lan\u00e7amento<\/p>\n<p>Amigo da revolu\u00e7\u00e3o (a partir de R$ 50,00 por m\u00eas)<\/p>\n<p>ACESSO gratuito a cada novo curso da FDR (1 vaga)<br \/>\nRECEBE um (1) livro in\u00e9dito editado pela FDR, ap\u00f3s o seu lan\u00e7amento<\/p>\n<p><strong>PARA REALIZAR A INSCRI\u00c7\u00c3O GRATUITA NO CURSO, PREENCHA O FORMUL\u00c1RIO NA P\u00c1GINA DA FUNDA\u00c7\u00c3O DINARCO REIS:<\/strong> https:\/\/fdinarcoreis.org.br\/<\/p>\n<p>A partir dessa manifesta\u00e7\u00e3o de interesse, realizaremos manualmente as inscri\u00e7\u00f5es na plataforma do curso. Atrav\u00e9s do e-mail disponibilizado, voc\u00eas ser\u00e3o notificados sobre a efetiva\u00e7\u00e3o da inscri\u00e7\u00e3o e sobre os links de acesso ao curso. Demais d\u00favidas, por gentileza, entrem em contato atrav\u00e9s do e-mail vendas@fdinarcoreis.org.br<\/p>\n","protected":false},"excerpt":{"rendered":"<a class=\"moretag\" href=\"https:\/\/pcb.org.br\/portal2\/29653\"> <\/a>","protected":false},"author":1,"featured_media":0,"comment_status":"closed","ping_status":"closed","sticky":false,"template":"","format":"standard","meta":{"jetpack_post_was_ever_published":false,"_jetpack_newsletter_access":"","_jetpack_dont_email_post_to_subs":false,"_jetpack_newsletter_tier_id":0,"_jetpack_memberships_contains_paywalled_content":false,"_jetpack_memberships_contains_paid_content":false,"footnotes":"","jetpack_publicize_message":"","jetpack_publicize_feature_enabled":true,"jetpack_social_post_already_shared":true,"jetpack_social_options":{"image_generator_settings":{"template":"highway","default_image_id":0,"font":"","enabled":false},"version":2}},"categories":[231],"tags":[224],"class_list":["post-29653","post","type-post","status-publish","format-standard","hentry","category-fdr","tag-3b"],"jetpack_publicize_connections":[],"jetpack_featured_media_url":"","jetpack_shortlink":"https:\/\/wp.me\/p659gw-7Ih","jetpack-related-posts":[],"jetpack_likes_enabled":true,"jetpack_sharing_enabled":true,"_links":{"self":[{"href":"https:\/\/pcb.org.br\/portal2\/wp-json\/wp\/v2\/posts\/29653","targetHints":{"allow":["GET"]}}],"collection":[{"href":"https:\/\/pcb.org.br\/portal2\/wp-json\/wp\/v2\/posts"}],"about":[{"href":"https:\/\/pcb.org.br\/portal2\/wp-json\/wp\/v2\/types\/post"}],"author":[{"embeddable":true,"href":"https:\/\/pcb.org.br\/portal2\/wp-json\/wp\/v2\/users\/1"}],"replies":[{"embeddable":true,"href":"https:\/\/pcb.org.br\/portal2\/wp-json\/wp\/v2\/comments?post=29653"}],"version-history":[{"count":0,"href":"https:\/\/pcb.org.br\/portal2\/wp-json\/wp\/v2\/posts\/29653\/revisions"}],"wp:attachment":[{"href":"https:\/\/pcb.org.br\/portal2\/wp-json\/wp\/v2\/media?parent=29653"}],"wp:term":[{"taxonomy":"category","embeddable":true,"href":"https:\/\/pcb.org.br\/portal2\/wp-json\/wp\/v2\/categories?post=29653"},{"taxonomy":"post_tag","embeddable":true,"href":"https:\/\/pcb.org.br\/portal2\/wp-json\/wp\/v2\/tags?post=29653"}],"curies":[{"name":"wp","href":"https:\/\/api.w.org\/{rel}","templated":true}]}}