{"id":29662,"date":"2022-12-22T13:56:04","date_gmt":"2022-12-22T16:56:04","guid":{"rendered":"https:\/\/pcb.org.br\/portal2\/?p=29662"},"modified":"2022-12-22T13:56:04","modified_gmt":"2022-12-22T16:56:04","slug":"pcv-denuncia-ataques-a-classe-trabalhadora","status":"publish","type":"post","link":"https:\/\/pcb.org.br\/portal2\/29662","title":{"rendered":"PCV denuncia ataques \u00e0 classe trabalhadora"},"content":{"rendered":"<p><img data-recalc-dims=\"1\" decoding=\"async\" class=\"imagem\" title=\"imagem\" src=\"https:\/\/prensapcv.files.wordpress.com\/2022\/12\/photo1670887933.jpeg?w=747&#038;h=312&#038;crop=1&#038;resize=880%2C312\" alt=\"imagem\" \/><!--more--><\/p>\n<div class=\"aju\"><\/div>\n<h1>&#8220;O Governo d\u00e1 boas not\u00edcias aos capitalistas enquanto segue golpeando o povo trabalhador&#8221;<\/h1>\n<p>Assim se referiu Pedro Eusse, membro do Bir\u00f4 Pol\u00edtico do Comit\u00ea Central do Partido Comunista da Venezuela (PCV), a partir das recentes informa\u00e7\u00f5es em mat\u00e9ria financeira que foram divulgadas pelo Executivo venezuelano, enquanto avan\u00e7a com &#8220;uma terr\u00edvel desvaloriza\u00e7\u00e3o da moeda nacional\u201d.<\/p>\n<p>H\u00e1 alguns dias, a vice-presidenta Delcy Rodr\u00edguez informou ao pa\u00eds que, \u201capesar do criminoso bloqueio\u201d, o setor financeiro havia incrementado seus dep\u00f3sitos em 210%. Rodr\u00edguez tamb\u00e9m assegurou em sua conta no Twitter que o Governo adotar\u00e1 &#8220;a\u00e7\u00f5es em defesa do mercado cambi\u00e1rio e da taxa oficial, perturbados pelo criminoso d\u00f3lar especulativo\u201d, mas n\u00e3o deu detalhes de como realiz\u00e1- lo.<\/p>\n<p>Esta desvaloriza\u00e7\u00e3o do Bol\u00edvar \u201c\u00e9 resultado da crise geral capitalista e de pol\u00edticas liberais burguesas que est\u00e3o criando condi\u00e7\u00f5es para que os capitalistas possam ter m\u00e1ximos lucros ao menor custo poss\u00edvel, destruindo direitos trabalhistas e sobretudo o sal\u00e1rio&#8221;, disse Eusse durante a roda de imprensa.<\/p>\n<p>O dirigente comunista informou que \u201cest\u00e1 em curso um acordo tripartite de elite, patrocinado pela Organiza\u00e7\u00e3o Internacional do Trabalho (OIT), no qual as c\u00e2maras empresariais, c\u00fapulas sindicais patronais e este Governo neoliberal est\u00e3o propondo um acordo para legalizar <span lang=\"pt\">a retirada de benef\u00edcios sociais de forma retroativa<\/span>\u201d.<\/p>\n<p><span lang=\"pt\">\u201cIsso \u00e9 promovido pelo ex-presidente da Fedec\u00e2maras, Jorge Roig, com sua suposta Lei de Emerg\u00eancia Trabalhista, com a qual esperam que uma parte importante das remunera\u00e7\u00f5es n\u00e3o seja levada em considera\u00e7\u00e3o para o c\u00e1lculo de benef\u00edcios sociais e outros conceitos estabelecidos na legisla\u00e7\u00e3o\u201d, acrescentou.<\/span><\/p>\n<p><span lang=\"pt\">Eusse lembrou que isto vem acompanhado da imposi\u00e7\u00e3o de normas patronais \u201cem que os trabalhadores s\u00e3o submetidos a condi\u00e7\u00f5es de superexplora\u00e7\u00e3o com jornadas fora da lei que podem alcan\u00e7ar entre 12 e 14 horas di\u00e1rias, jornadas em que n\u00e3o h\u00e1 respeito pelas condi\u00e7\u00f5es de sa\u00fade e seguran\u00e7a no trabalho, n\u00e3o h\u00e1 conven\u00e7\u00f5es coletivas nem liberdade sindical\u201d. \u201cEst\u00e1 sendo imposto um modelo de rela\u00e7\u00f5es trabalhistas sem direitos na Venezuela. Isto \u00e9 imposto pelas c\u00fapulas patronais do capital privado e pelo Governo, com sua pol\u00edtica anti-oper\u00e1ria e antipopular\u201d, apontou.<\/span><\/p>\n<p><strong>II Pleno do Comit\u00ea Central do PCV<\/strong><\/p>\n<p><span lang=\"pt\">O PCV realizou com sucesso o II Pleno do Comit\u00ea Central eleito h\u00e1 pouco mais de um m\u00eas pelo XVI Congresso Nacional. Eusse informou que foram designadas as secretarias e comiss\u00f5es nacionais de trabalho do Partido\u00a0\u201cpara tornar eficiente o exerc\u00edcio de dire\u00e7\u00e3o coletiva\u201d e \u201cem fun\u00e7\u00e3o de fazer avan\u00e7ar a defesa dos interesses da classe trabalhadora venezuelana e do enfrentamento, em melhores condi\u00e7\u00f5es, \u00e0s pol\u00edticas do grande capital que est\u00e3o destruindo os direitos dos trabalhadores de nosso pa\u00eds\u201d.<br \/>\n<\/span><\/p>\n<p>\u201cTemos feito uma avalia\u00e7\u00e3o de como est\u00e1 avan\u00e7ando e se aprofundando a crise do capitalismo e como na Venezuela o Governo avan\u00e7a com uma pol\u00edtica a servi\u00e7o dos interesses do grande capital\u201d, disse.<\/p>\n<p><span lang=\"pt\">&#8220;Esta sess\u00e3o plen\u00e1ria do Comit\u00ea Central reafirmou o compromisso de nosso partido em promover um processo da mais ampla unidade de a\u00e7\u00e3o da classe trabalhadora venezuelana e neste sentido nos solidarizamos com as lutas que est\u00e3o ocorrendo contra as demiss\u00f5es, contra as suspens\u00f5es ilegais, a destrui\u00e7\u00e3o de sal\u00e1rios, pela recupera\u00e7\u00e3o dos acordos coletivos de trabalho, contra a instru\u00e7\u00e3o da Onapre e pelo direito \u00e0 greve\u201d, acrescentou.<br \/>\n<\/span><\/p>\n<p><span lang=\"pt\">Sobre este \u00faltimo tema, o Bir\u00f4 Pol\u00edtico do PCV alertou para convocat\u00f3rias an\u00f4nimas de uma alegada greve nacional para este dia 15 de dezembro. \u201cQueremos alertar para as chamadas an\u00f4nimas de a\u00e7\u00f5es n\u00e3o decididas pelo movimento sindical\u201d, disse Eusse ap\u00f3s advertir que poderia ser \u201cuma armadilha, uma provoca\u00e7\u00e3o contra os processos de unidade e luta que v\u00e1rias organiza\u00e7\u00f5es v\u00eam desenvolvendo\u201d.<\/span><\/p>\n<p><strong>Trabalhadora Johana Gonz\u00e1lez permanece ilegalmente presa<\/strong><\/p>\n<p>O PCV se uniu \u00e0 convocat\u00f3ria do Comit\u00ea de Familiares e Amigos dos Trabalhadores Presos para um ato p\u00fablico no dia 14 de dezembro em frente ao Minist\u00e9rio de Assuntos Penitenci\u00e1rios.<\/p>\n<p><span lang=\"pt\">\u201cA trabalhadora Johana Gonz\u00e1lez continua sequestrada no Inof, apesar de contar com uma multa de soltura h\u00e1 quase oito meses\u201d, explicou Eusse.<br \/>\n<\/span><\/p>\n<p><span lang=\"pt\">\u201cTamb\u00e9m exigimos do Minist\u00e9rio a realiza\u00e7\u00e3o de exames psicossociais que permitam a alguns processados e mesmo condenados gozar de medidas menos gravosas, como \u00e9 o caso de Aryenis Torrealba e Alfredo Chirinos, injustamente condenados \u00e0 pris\u00e3o domiciliar\u201d, explicou.<br \/>\n<\/span><\/p>\n<p><span lang=\"pt\"><strong>Pequenos mineiros protestam em Bol\u00edvar <\/strong><br \/>\n<\/span><\/p>\n<p><span lang=\"pt\">O PCV tem recebido den\u00fancias do estado de Bol\u00edvar afirmando que o Governo Nacional imp\u00f4s pontos de recebimento e processamento de material proveniente da minera\u00e7\u00e3o artesanal e est\u00e1 obrigando os pequenos mineiros a entregar at\u00e9 60% do que produzem.<br \/>\n<\/span><\/p>\n<p><span lang=\"pt\">\u201cTudo isso acontece em meio a uma situa\u00e7\u00e3o de controle por m\u00e1fias de todos os tipos, criminosos e agentes governamentais. Os mineiros acabam sendo v\u00edtimas da tirania dessas m\u00e1fias e tamb\u00e9m do governo com esses pontos de espolia\u00e7\u00e3o dos pequenos garimpeiros\u201d, disse Eusse.<\/span><\/p>\n<p><strong>Solidariedade com o povo peruano<\/strong><\/p>\n<p>\u201cExpressamos nossa solidariedade com o povo peruano que foi v\u00edtima de uma a\u00e7\u00e3o antidemocr\u00e1tica decidida pelas classes olig\u00e1rquicas\u201d, declarou o PCV diante do golpe de Estado registrado contra o presidente Pedro Castilo.<\/p>\n<p>N\u00e3o obstante, o Partido do Gallo Rojo esclareceu que \u201cisto tem a ver com o fato de que o governo presidido por Pedro Castillo n\u00e3o foi consequente com seu programa que supostamente estava a servi\u00e7o dos interesses do povo&#8221;.<\/p>\n<p>\u201cEstamos vendo no Peru o mesmo que em outros pa\u00edses da regi\u00e3o onde as inconsequ\u00eancias do reformismo progressista levam a que os setores mais reacion\u00e1rios passem \u00e0 ofensiva e promovam golpes contra os interesses do povo\u201d, assinalou Eusse.<\/p>\n<p><strong>Sauda\u00e7\u00e3o aos novos dirigentes do Partido Comunista Colombiano<\/strong><\/p>\n<p>\u201cEnviamos nosso abra\u00e7o ao Partido Comunista Colombiano, que acaba de realizar seu 23\u00b0 Congresso Nacional de maneira exitosa\u201d, disse Eusse.<\/p>\n<p>\u201cNos satisfaz o fato de que tenha sido eleito Presidente o camarada Jaime Caycedo e tenha sido designada a camarada Claudia Florez como nova Secret\u00e1ria Geral do Comit\u00ea Central do PCC\u201d, finalizou.<\/p>\n<p>Tradu\u00e7\u00e3o &#8211; Partido Comunista Brasileiro e equipe do jornal O Poder Popular<\/p>\n<p><a href=\"https:\/\/prensapcv.wordpress.com\/2022\/12\/13\/video-pcv-el-gobierno-le-da-buenas-noticias-a-los-capitalistas-mientras-golpea-al-pueblo-trabajador\/\">[+ VIDEO] PCV: El Gobierno le da buenas noticias a los capitalistas mientras golpea al pueblo&nbsp;trabajador<\/a><\/p>\n","protected":false},"excerpt":{"rendered":"<a class=\"moretag\" href=\"https:\/\/pcb.org.br\/portal2\/29662\"> <\/a>","protected":false},"author":1,"featured_media":0,"comment_status":"closed","ping_status":"closed","sticky":false,"template":"","format":"standard","meta":{"jetpack_post_was_ever_published":false,"_jetpack_newsletter_access":"","_jetpack_dont_email_post_to_subs":false,"_jetpack_newsletter_tier_id":0,"_jetpack_memberships_contains_paywalled_content":false,"_jetpack_memberships_contains_paid_content":false,"footnotes":"","jetpack_publicize_message":"","jetpack_publicize_feature_enabled":true,"jetpack_social_post_already_shared":true,"jetpack_social_options":{"image_generator_settings":{"template":"highway","default_image_id":0,"font":"","enabled":false},"version":2}},"categories":[37,242,75,36,45],"tags":[228],"class_list":["post-29662","post","type-post","status-publish","format-standard","hentry","category-c42-comunistas","category-eipco","category-c88-internacionalismo","category-c41-unidade-comunista","category-c54-venezuela","tag-5b"],"jetpack_publicize_connections":[],"jetpack_featured_media_url":"","jetpack_shortlink":"https:\/\/wp.me\/p659gw-7Iq","jetpack-related-posts":[],"jetpack_likes_enabled":true,"jetpack_sharing_enabled":true,"_links":{"self":[{"href":"https:\/\/pcb.org.br\/portal2\/wp-json\/wp\/v2\/posts\/29662","targetHints":{"allow":["GET"]}}],"collection":[{"href":"https:\/\/pcb.org.br\/portal2\/wp-json\/wp\/v2\/posts"}],"about":[{"href":"https:\/\/pcb.org.br\/portal2\/wp-json\/wp\/v2\/types\/post"}],"author":[{"embeddable":true,"href":"https:\/\/pcb.org.br\/portal2\/wp-json\/wp\/v2\/users\/1"}],"replies":[{"embeddable":true,"href":"https:\/\/pcb.org.br\/portal2\/wp-json\/wp\/v2\/comments?post=29662"}],"version-history":[{"count":0,"href":"https:\/\/pcb.org.br\/portal2\/wp-json\/wp\/v2\/posts\/29662\/revisions"}],"wp:attachment":[{"href":"https:\/\/pcb.org.br\/portal2\/wp-json\/wp\/v2\/media?parent=29662"}],"wp:term":[{"taxonomy":"category","embeddable":true,"href":"https:\/\/pcb.org.br\/portal2\/wp-json\/wp\/v2\/categories?post=29662"},{"taxonomy":"post_tag","embeddable":true,"href":"https:\/\/pcb.org.br\/portal2\/wp-json\/wp\/v2\/tags?post=29662"}],"curies":[{"name":"wp","href":"https:\/\/api.w.org\/{rel}","templated":true}]}}