{"id":29665,"date":"2022-12-23T22:13:51","date_gmt":"2022-12-24T01:13:51","guid":{"rendered":"https:\/\/pcb.org.br\/portal2\/?p=29665"},"modified":"2022-12-23T22:13:51","modified_gmt":"2022-12-24T01:13:51","slug":"o-fascismo-e-o-terrorismo-domestico","status":"publish","type":"post","link":"https:\/\/pcb.org.br\/portal2\/29665","title":{"rendered":"O fascismo e o terrorismo dom\u00e9stico"},"content":{"rendered":"<p><img data-recalc-dims=\"1\" loading=\"lazy\" decoding=\"async\" data-attachment-id=\"29666\" data-permalink=\"https:\/\/pcb.org.br\/portal2\/29665\/foto-apoiadores-bolsonaro-jogo-brasil-960x640-jpeg\" data-orig-file=\"https:\/\/i0.wp.com\/pcb.org.br\/portal2\/wp-content\/uploads\/2022\/12\/foto-apoiadores-Bolsonaro-jogo-Brasil-960x640.jpeg.jpg?fit=960%2C640&amp;ssl=1\" data-orig-size=\"960,640\" data-comments-opened=\"0\" data-image-meta=\"{&quot;aperture&quot;:&quot;0&quot;,&quot;credit&quot;:&quot;&quot;,&quot;camera&quot;:&quot;&quot;,&quot;caption&quot;:&quot;&quot;,&quot;created_timestamp&quot;:&quot;0&quot;,&quot;copyright&quot;:&quot;&quot;,&quot;focal_length&quot;:&quot;0&quot;,&quot;iso&quot;:&quot;0&quot;,&quot;shutter_speed&quot;:&quot;0&quot;,&quot;title&quot;:&quot;&quot;,&quot;orientation&quot;:&quot;0&quot;}\" data-image-title=\"foto-apoiadores-Bolsonaro-jogo-Brasil-960&amp;#215;640.jpeg\" data-image-description=\"\" data-image-caption=\"\" data-large-file=\"https:\/\/i0.wp.com\/pcb.org.br\/portal2\/wp-content\/uploads\/2022\/12\/foto-apoiadores-Bolsonaro-jogo-Brasil-960x640.jpeg.jpg?fit=747%2C498&amp;ssl=1\" class=\"alignleft size-large wp-image-29666\" src=\"https:\/\/i0.wp.com\/pcb.org.br\/portal2\/wp-content\/uploads\/2022\/12\/foto-apoiadores-Bolsonaro-jogo-Brasil-960x640.jpeg.jpg?resize=747%2C498&#038;ssl=1\" alt=\"\" width=\"747\" height=\"498\" srcset=\"https:\/\/i0.wp.com\/pcb.org.br\/portal2\/wp-content\/uploads\/2022\/12\/foto-apoiadores-Bolsonaro-jogo-Brasil-960x640.jpeg.jpg?resize=900%2C600&amp;ssl=1 900w, https:\/\/i0.wp.com\/pcb.org.br\/portal2\/wp-content\/uploads\/2022\/12\/foto-apoiadores-Bolsonaro-jogo-Brasil-960x640.jpeg.jpg?resize=300%2C200&amp;ssl=1 300w, https:\/\/i0.wp.com\/pcb.org.br\/portal2\/wp-content\/uploads\/2022\/12\/foto-apoiadores-Bolsonaro-jogo-Brasil-960x640.jpeg.jpg?resize=768%2C512&amp;ssl=1 768w, https:\/\/i0.wp.com\/pcb.org.br\/portal2\/wp-content\/uploads\/2022\/12\/foto-apoiadores-Bolsonaro-jogo-Brasil-960x640.jpeg.jpg?w=960&amp;ssl=1 960w\" sizes=\"auto, (max-width: 747px) 100vw, 747px\" \/><!--more-->Enquanto persistir a complac\u00eancia das autoridades com rela\u00e7\u00e3o aos que clamam por um golpe de Estado, os atos fascistas v\u00e3o continuar como uma a\u00e7\u00e3o de terrorismo dom\u00e9stico, atentando contra a popula\u00e7\u00e3o e as liberdades democr\u00e1ticas.<\/p>\n<p>Antonio Alves*<\/p>\n<p>Do in\u00edcio da campanha eleitoral \u00e0 presid\u00eancia da Rep\u00fablica em 2018 at\u00e9 o apagar das luzes do (des)governo Bolsonaro (dezembro de 2022), o fascismo brasileiro nunca negou seu car\u00e1ter autorit\u00e1rio e truculento. Utilizando durante a campanha o discurso de \u00f3dio e exalta\u00e7\u00e3o \u00e0 viol\u00eancia, incentivando de forma direta ou indireta o exterm\u00ednio de seus rivais pol\u00edticos.<\/p>\n<p>O assassinato da vereadora Marielle Franco (mar\u00e7o de 2018) e Moa do Katend\u00ea (outubro de 2018) foram os primeiros casos que apontavam o crescimento da viol\u00eancia pol\u00edtica no Brasil. O estudo realizado em parceria das ONG\u2019s Terra de Direitos e Justi\u00e7a Global apontou o crescimento de 400% da viol\u00eancia pol\u00edtica no pa\u00eds. Foram registradas 104 ofensas, 151 amea\u00e7as, 94 agress\u00f5es, 109 atentados e 54 assassinatos. Isso compreendendo o per\u00edodo entre 02 de setembro de 2020 at\u00e9 o dia 02 de outubro de 2022.<\/p>\n<p>Com a derrota de Bolsonaro no primeiro e segundo turno das elei\u00e7\u00f5es em 2022, o fascismo mobilizou, atrav\u00e9s de suas redes de mentiras e desinforma\u00e7\u00e3o, uma massa de seguidores fanatizados. A ideia de uma interven\u00e7\u00e3o militar, um golpe de Estado que impedisse a posse do novo presidente legitimamente eleito ganhou for\u00e7a, iniciando um processo de ocupa\u00e7\u00e3o\/acampamento na frente dos quart\u00e9is em todo Brasil.<\/p>\n<p>As articula\u00e7\u00f5es pol\u00edticas e empresariais desses grupos desenvolveram uma a\u00e7\u00e3o coordenada, gerando uma unidade dos grupos golpistas ligados ao agroneg\u00f3cio que passaram a financiar esses acampamentos antidemocr\u00e1ticos. Com a legitima\u00e7\u00e3o e aceita\u00e7\u00e3o social da vit\u00f3ria pol\u00edtica de Lula, esses grupos passaram a a\u00e7\u00f5es cada vez mais violentas. O que inicialmente parecia uma piada, devido ao grau de fanatismo desse bloco fascista, apresentou-se como o embri\u00e3o do que podemos considerar a\u00e7\u00f5es de terrorismo dom\u00e9stico.<\/p>\n<p>A tipifica\u00e7\u00e3o do terrorismo dom\u00e9stico tem base na pr\u00f3pria concep\u00e7\u00e3o e cosmovis\u00e3o da extrema-direita fascista. Um tema que se tornou comum na Am\u00e9rica do Norte (EUA), devido \u00e0 forma\u00e7\u00e3o das mil\u00edcias armamentistas de extrema direita e de organiza\u00e7\u00f5es messi\u00e2nicas de cunho religioso. A defini\u00e7\u00e3o de terrorismo dom\u00e9stico \u00e9 a a\u00e7\u00e3o violenta cometida por cidad\u00e3os de um Estado contra seu pr\u00f3prio povo ou governo, sem influ\u00eancia estrangeira. Seu objetivo \u00e9 causar medo na popula\u00e7\u00e3o e as autoridades como uma t\u00e1tica para avan\u00e7ar em seus objetivos pol\u00edticos, ideol\u00f3gicos ou religiosos.<\/p>\n<p>Algumas pessoas mais complacentes podem considerar um exagero a classifica\u00e7\u00e3o dos protagonistas dos atos antidemocr\u00e1ticos como a forma\u00e7\u00e3o de a\u00e7\u00f5es de terrorismo dom\u00e9stico, por\u00e9m, analisando a escalada de viol\u00eancia e as motiva\u00e7\u00f5es, fica evidente que temos um embri\u00e3o protofascista da viol\u00eancia em alto escala.<\/p>\n<p>Em Rond\u00f4nia, seis caminh\u00f5es da rede Supermercado Irm\u00e3os Gon\u00e7alves foram vandalizados na noite de s\u00e1bado (20\/novembro), durante manifesta\u00e7\u00e3o na BR-364, em Ariquemes (RO), durante manifesta\u00e7\u00e3o contra o resultado das elei\u00e7\u00f5es presidenciais. No dia 21 de novembro, dois caminh\u00f5es foram incendiados na BR \u2013 163, entre Ita\u00faba e Sinop, no norte do Estado do Mato Grosso (MT), segundo populares, manifestantes antidemocr\u00e1ticos estavam atacando carros, ped\u00e1gios e caminh\u00f5es com o objetivo de paralisar a circula\u00e7\u00e3o no Estado.<\/p>\n<p>Os fascistas tupiniquins passaram a atacar em v\u00e1rias frentes: acampamentos em quart\u00e9is, interdi\u00e7\u00e3o de rodovias, espalharam not\u00edcias falsas em redes sociais e contam com o apoio empresarial, al\u00e9m de parte da imprensa nacional e local para manter os atos antidemocr\u00e1ticos.<\/p>\n<p>A situa\u00e7\u00e3o mais emblem\u00e1tica desse prel\u00fadio de terror foi o bloqueio de uma rodovia por bolsonaristas em MT, quando um pai implora para passar e levar seu filho para uma cirurgia oftalmol\u00f3gica, e o grupo impediu a passagem. Na discuss\u00e3o do pai aflito com um dos terroristas, pediu: &#8211; Por favor, meu filho tem que fazer a cirurgia, sen\u00e3o vai perder o olho! Um dos terroristas responde de pronto: &#8211; Segue a p\u00e9! N\u00e3o estou nem a\u00ed se teu filho vai perder o olho!<\/p>\n<p>Depois de diversos ataques e provoca\u00e7\u00f5es dos grupos antidemocr\u00e1ticos, o Ministro Alexandre de Moraes, presidente do Tribunal Superior Eleitoral (TSE), determinou a pris\u00e3o preventiva das lideran\u00e7as, agitadores e patrocinadores, al\u00e9m de bloquear as contas dos empres\u00e1rios que est\u00e3o financiando esses atos antidemocr\u00e1ticos. A pris\u00e3o do ind\u00edgena Serere Xavante, que se autodenomina Cacique e pastor evang\u00e9lico, foi preso na segunda-feira (12\/dezembro).<br \/>\nInconformados com a pris\u00e3o, o grupo articulou uma verdadeira noite de terror na capital federal. Tentaram invadir a sede da Pol\u00edcia Federal, incendiaram carros, \u00f4nibus, saquearam um posto de gasolina e seguiram realizando uma noite de caos. O mais incr\u00edvel \u00e9 que ningu\u00e9m foi preso ou responsabilizado diante dos atos terroristas e antidemocr\u00e1ticos.<\/p>\n<p>Na quinta-feira (12\/dezembro), Alexandre de Moraes ordenou uma mega opera\u00e7\u00e3o contra as lideran\u00e7as dos atos antidemocr\u00e1ticos. O ministro determinou 103 medidas de busca e apreens\u00e3o e quatro ordens de pris\u00e3o, al\u00e9m de quebras de sigilo banc\u00e1rio e apreens\u00e3o de passaportes. Houve tamb\u00e9m medidas contra pessoas com porte de armas, com a suspens\u00e3o de certificados de registro de Colecionador, Atirador Desportivo e Ca\u00e7ador (CACs). Al\u00e9m de determinar o bloqueio de contas banc\u00e1rias e de 168 perfis em redes sociais de dezenas de indiv\u00edduos suspeitos de organizar e financiar esses atos e outros crimes.<\/p>\n<p>\u00c9 preciso estar atento (e forte!). Se as medidas necess\u00e1rias para combater o fascismo e a fascistiza\u00e7\u00e3o da sociedade n\u00e3o forem feitas de maneira adequada, poderemos ver esse tipo de a\u00e7\u00e3o se proliferar, pior, de maneira organizada. Os Estados Unidos, nos \u00faltimos anos, reconhecem que o seu maior problema tem sido o terrorismo dom\u00e9stico promovido por grupos supremacistas brancos, grupos paramilitares armamentistas, seitas religiosas extremistas e toda ideologia neofascista da extrema direita.<\/p>\n<p>Como \u00e9 de conhecimento geral, os grupos fascistas em nosso pa\u00eds t\u00eam inspira\u00e7\u00e3o exatamente no pior da cultura pol\u00edtica norte-americana, e se o ovo da serpente n\u00e3o for esmagado antes de chocar, teremos muitos problemas.<\/p>\n<p>Antonio Alves<\/p>\n<p><strong>Militante do Partido Comunista Brasileiro &#8211; PCB<\/strong><br \/>\n<strong>Foi candidato a vice-presid\u00eancia pelo PCB, na Chapa presidencial com a camarada Sofia Manzano nas elei\u00e7\u00f5es de 2022, autor do livro \u201cGuia pr\u00e1tico de agita\u00e7\u00e3o e propaganda\u201d \u2013 Editora LavraPalavra \u2013 2022.<\/strong><\/p>\n<p>Terra de Direitos \u2013 dossi\u00ea sobre viol\u00eancia pol\u00edtica <a href=\"https:\/\/terradedireitos.org.br\/violencia-politica-e-eleitoral-no-brasil\/\">https:\/\/terradedireitos.org.br\/violencia-politica-e-eleitoral-no-brasil\/<\/a><br \/>\nCaminh\u00e3o \u00e9 incendiado em manifesta\u00e7\u00e3o em Rond\u00f4nia https:\/\/oantagonista.uol.com.br\/brasil\/caminhao-e-incendiado-em-manifestacao-em-rondonia\/<br \/>\nBandidos incendeiam caminh\u00f5es em apoio a manifesta\u00e7\u00f5es bolsonaristas <a href=\"https:\/\/portalmatogrosso.com.br\/bandidos-incendeiam-caminhoes-em-apoio-a-manifestacoes-bolsonaristas-veja-videos-e-saiba-tudo-o-que-esta-acontecendo-aqui\/\">https:\/\/portalmatogrosso.com.br\/bandidos-incendeiam-caminhoes-em-apoio-a-manifestacoes-bolsonaristas-veja-videos-e-saiba-tudo-o-que-esta-acontecendo-aqui\/<\/a><br \/>\nPai se revolta com bloqueio em MT que impedia o filho de fazer cirurgia <a href=\"https:\/\/www.cartacapital.com.br\/politica\/pai-se-revolta-com-bloqueio-em-mt-que-impedia-filho-de-fazer-cirurgia-para-manter-a-visao\/\">https:\/\/www.cartacapital.com.br\/politica\/pai-se-revolta-com-bloqueio-em-mt-que-impedia-filho-de-fazer-cirurgia-para-manter-a-visao\/<\/a><br \/>\nSaiba quem \u00e9 o cacique tserere piv\u00f4 do quebra-quebra em frente a PF <a href=\"https:\/\/www.metropoles.com\/distrito-federal\/saiba-quem-e-o-cacique-tserere-pivo-do-quebra-quebra-em-frente-a-pf\">https:\/\/www.metropoles.com\/distrito-federal\/saiba-quem-e-o-cacique-tserere-pivo-do-quebra-quebra-em-frente-a-pf<\/a><br \/>\nO que se sabe sobre a megaopera\u00e7\u00e3o ordenada por Alexandre de Moraes contra atos antidemocr\u00e1ticos &#8211; <a href=\"https:\/\/www.bbc.com\/portuguese\/brasil-63990040\">https:\/\/www.bbc.com\/portuguese\/brasil-63990040<\/a><\/p>\n","protected":false},"excerpt":{"rendered":"<a class=\"moretag\" href=\"https:\/\/pcb.org.br\/portal2\/29665\"> <\/a>","protected":false},"author":1,"featured_media":0,"comment_status":"closed","ping_status":"closed","sticky":false,"template":"","format":"standard","meta":{"jetpack_post_was_ever_published":false,"_jetpack_newsletter_access":"","_jetpack_dont_email_post_to_subs":false,"_jetpack_newsletter_tier_id":0,"_jetpack_memberships_contains_paywalled_content":false,"_jetpack_memberships_contains_paid_content":false,"footnotes":"","jetpack_publicize_message":"","jetpack_publicize_feature_enabled":true,"jetpack_social_post_already_shared":true,"jetpack_social_options":{"image_generator_settings":{"template":"highway","default_image_id":0,"font":"","enabled":false},"version":2}},"categories":[66,10],"tags":[223],"class_list":["post-29665","post","type-post","status-publish","format-standard","hentry","category-c79-nacional","category-s19-opiniao","tag-3a"],"jetpack_publicize_connections":[],"jetpack_featured_media_url":"","jetpack_shortlink":"https:\/\/wp.me\/p659gw-7It","jetpack-related-posts":[],"jetpack_likes_enabled":true,"jetpack_sharing_enabled":true,"_links":{"self":[{"href":"https:\/\/pcb.org.br\/portal2\/wp-json\/wp\/v2\/posts\/29665","targetHints":{"allow":["GET"]}}],"collection":[{"href":"https:\/\/pcb.org.br\/portal2\/wp-json\/wp\/v2\/posts"}],"about":[{"href":"https:\/\/pcb.org.br\/portal2\/wp-json\/wp\/v2\/types\/post"}],"author":[{"embeddable":true,"href":"https:\/\/pcb.org.br\/portal2\/wp-json\/wp\/v2\/users\/1"}],"replies":[{"embeddable":true,"href":"https:\/\/pcb.org.br\/portal2\/wp-json\/wp\/v2\/comments?post=29665"}],"version-history":[{"count":0,"href":"https:\/\/pcb.org.br\/portal2\/wp-json\/wp\/v2\/posts\/29665\/revisions"}],"wp:attachment":[{"href":"https:\/\/pcb.org.br\/portal2\/wp-json\/wp\/v2\/media?parent=29665"}],"wp:term":[{"taxonomy":"category","embeddable":true,"href":"https:\/\/pcb.org.br\/portal2\/wp-json\/wp\/v2\/categories?post=29665"},{"taxonomy":"post_tag","embeddable":true,"href":"https:\/\/pcb.org.br\/portal2\/wp-json\/wp\/v2\/tags?post=29665"}],"curies":[{"name":"wp","href":"https:\/\/api.w.org\/{rel}","templated":true}]}}