{"id":29907,"date":"2023-02-06T09:33:32","date_gmt":"2023-02-06T12:33:32","guid":{"rendered":"https:\/\/pcb.org.br\/portal2\/?p=29907"},"modified":"2023-02-06T09:33:39","modified_gmt":"2023-02-06T12:33:39","slug":"rui-costa-legado-de-destruicao-na-educacao-baiana","status":"publish","type":"post","link":"https:\/\/pcb.org.br\/portal2\/29907","title":{"rendered":"Rui Costa: legado de destrui\u00e7\u00e3o na educa\u00e7\u00e3o baiana"},"content":{"rendered":"<p><img data-recalc-dims=\"1\" decoding=\"async\" class=\"imagem\" title=\"imagem\" src=\"https:\/\/i0.wp.com\/imagens.brasil.elpais.com\/resizer\/gnRSCRwXz6gg6YHagct8Qv06Mk8%3D\/1960x1470\/cloudfront-eu-central-1.images.arcpublishing.com\/prisa\/3Q5F567HWWOAJX2BLILSGSQSKI.jpg?w=747&#038;ssl=1\" alt=\"imagem\" \/><!--more--><\/p>\n<p><strong>Por \u00c1gatha Luz, via\u00a0Jornal O MOMENTO &#8211; PCB da Bahia<\/strong><\/p>\n<p>Rui Costa (PT), novo ministro-chefe da Casa Civil, deixa em seu passado imediato um legado de oito anos de consecutivos assaltos aos direitos da classe trabalhadora e uma pol\u00edtica conservadora, militarizada e penitenci\u00e1ria de manuten\u00e7\u00e3o das for\u00e7as p\u00fablicas baianas operada a partir da brutaliza\u00e7\u00e3o da vida negra-pobre-perif\u00e9rica. Sem d\u00favida, o sistema de ensino p\u00fablico baiano sofreu imensamente nas m\u00e3os devastadoras do petista, e \u00e9 fundamental que esse ponto n\u00e3o caia em esquecimento.<\/p>\n<p>A infraestrutura do aparelho educacional p\u00fablico baiano se encontra profundamente usurpado de condi\u00e7\u00f5es apropriadas de funcionamento, gra\u00e7as \u00e0s pol\u00edticas arrasadoras de redu\u00e7\u00e3o de gastos e da infiltra\u00e7\u00e3o desmascarada dos interesses de mercado dentro das institui\u00e7\u00f5es p\u00fablicas de ensino, a exemplo da privatiza\u00e7\u00e3o de servi\u00e7os de limpeza e de manuten\u00e7\u00e3o dos restaurantes universit\u00e1rios, como na situa\u00e7\u00e3o vergonhosa do RU da UNEB.<\/p>\n<p>Um dos pontos mais baixos de precariza\u00e7\u00e3o da escola p\u00fablica \u00e9 a completa falta de compromisso com a garantia e melhoria dos direitos trabalhistas dos professores(as) que agregam \u00e0 rede estadual de ensino, cuja cereja do bolo \u00e9 o \u201csequestro\u201d dos recursos anuais excedentes do Fundo de Manuten\u00e7\u00e3o e Desenvolvimento da Educa\u00e7\u00e3o B\u00e1sica e de Valoriza\u00e7\u00e3o dos Profissionais da Educa\u00e7\u00e3o (Fundeb) que deveriam ser revertidos ao aprimoramento e valoriza\u00e7\u00e3o do corpo docente.<\/p>\n<p>Para al\u00e9m disso, existem as contradi\u00e7\u00f5es que permeiam a implanta\u00e7\u00e3o de projetos como o Programa Estadual de Perman\u00eancia Estudantil (PPE), regulamentado pelo governo Rui Costa em 2017.<\/p>\n<p>O PPE, supostamente esbo\u00e7ado para atender \u00e0s demandas urgentes do movimento estudantil em rela\u00e7\u00e3o \u00e0 viabiliza\u00e7\u00e3o e incentivo dos estudantes do ensino superior em continuarem seus estudos, na pr\u00e1tica, imp\u00f4s um sistema de disponibiliza\u00e7\u00e3o de bolsas-aux\u00edlio excludente e ineficiente gra\u00e7as \u00e0 uma s\u00e9rie de determina\u00e7\u00f5es absurdas \u2013 como a obrigatoriedade do v\u00ednculo ao Cad\u00danico, proibi\u00e7\u00e3o de um v\u00ednculo empregat\u00edcio, e suspens\u00e3o do benef\u00edcio caso o aluno seja reprovado em mais de duas disciplinas ou precise trancar sua matr\u00edcula.<\/p>\n<p>\u00c9 imposs\u00edvel n\u00e3o citar com desgosto, tamb\u00e9m, o projeto agressivo de militariza\u00e7\u00e3o das escolas estaduais atrav\u00e9s da implementa\u00e7\u00e3o do sistema educacional do Col\u00e9gio da Pol\u00edcia Militar (CPM) nesses ambientes estudantis a partir de 2018.<\/p>\n<p>A implementa\u00e7\u00e3o abusiva de pol\u00edticas de extors\u00e3o e adestra\u00e7\u00e3o do servi\u00e7o p\u00fablico de ensino aos moldes conservadores da austeridade e do militarismo resultou na castra\u00e7\u00e3o ostensiva de direitos, dignidade, rendimento e incentivo de seus funcion\u00e1rios e alunos durante o governo Rui Costa.<\/p>\n<p>Este cen\u00e1rio sombrio da rede estadual de ensino baiana ilustra perfeitamente por que n\u00e3o devermos nos contentar com as migalhas conciliadoras de governos pseudoprogressistas que, essencialmente, agem ofensivamente contra os interesses da classe trabalhadora, apesar de alimentarem uma imagem popular.<\/p>\n","protected":false},"excerpt":{"rendered":"<a class=\"moretag\" href=\"https:\/\/pcb.org.br\/portal2\/29907\"> <\/a>","protected":false},"author":1,"featured_media":0,"comment_status":"closed","ping_status":"closed","sticky":false,"template":"","format":"standard","meta":{"jetpack_post_was_ever_published":false,"_jetpack_newsletter_access":"","_jetpack_dont_email_post_to_subs":false,"_jetpack_newsletter_tier_id":0,"_jetpack_memberships_contains_paywalled_content":false,"_jetpack_memberships_contains_paid_content":false,"footnotes":"","jetpack_publicize_message":"\"O ministro da Casa Civil deixa um legado de oito anos de assaltos aos direitos da classe trabalhadora e uma pol\u00edtica conservadora, militarizada e penitenci\u00e1ria de brutaliza\u00e7\u00e3o da vida negra-pobre-perif\u00e9rica pelas for\u00e7as p\u00fablicas.\"","jetpack_publicize_feature_enabled":true,"jetpack_social_post_already_shared":true,"jetpack_social_options":{"image_generator_settings":{"template":"highway","default_image_id":0,"font":"","enabled":false},"version":2}},"categories":[1],"tags":[222],"class_list":["post-29907","post","type-post","status-publish","format-standard","hentry","category-geral","tag-2b"],"jetpack_publicize_connections":[],"jetpack_featured_media_url":"","jetpack_shortlink":"https:\/\/wp.me\/p659gw-7Mn","jetpack-related-posts":[],"jetpack_likes_enabled":true,"jetpack_sharing_enabled":true,"_links":{"self":[{"href":"https:\/\/pcb.org.br\/portal2\/wp-json\/wp\/v2\/posts\/29907","targetHints":{"allow":["GET"]}}],"collection":[{"href":"https:\/\/pcb.org.br\/portal2\/wp-json\/wp\/v2\/posts"}],"about":[{"href":"https:\/\/pcb.org.br\/portal2\/wp-json\/wp\/v2\/types\/post"}],"author":[{"embeddable":true,"href":"https:\/\/pcb.org.br\/portal2\/wp-json\/wp\/v2\/users\/1"}],"replies":[{"embeddable":true,"href":"https:\/\/pcb.org.br\/portal2\/wp-json\/wp\/v2\/comments?post=29907"}],"version-history":[{"count":0,"href":"https:\/\/pcb.org.br\/portal2\/wp-json\/wp\/v2\/posts\/29907\/revisions"}],"wp:attachment":[{"href":"https:\/\/pcb.org.br\/portal2\/wp-json\/wp\/v2\/media?parent=29907"}],"wp:term":[{"taxonomy":"category","embeddable":true,"href":"https:\/\/pcb.org.br\/portal2\/wp-json\/wp\/v2\/categories?post=29907"},{"taxonomy":"post_tag","embeddable":true,"href":"https:\/\/pcb.org.br\/portal2\/wp-json\/wp\/v2\/tags?post=29907"}],"curies":[{"name":"wp","href":"https:\/\/api.w.org\/{rel}","templated":true}]}}